{"id":72848,"date":"2026-08-31T18:15:00","date_gmt":"2026-08-31T21:15:00","guid":{"rendered":"https:\/\/www.pbagora.com.br\/?p=968507"},"modified":"2026-08-31T18:15:00","modified_gmt":"2026-08-31T21:15:00","slug":"homem-e-preso-suspeito-de-abusar-sexualmente-de-crianca-de-sete-anos-em-joao-pessoa","status":"publish","type":"post","link":"https:\/\/sindaopcpb.org.br\/index.php\/2026\/08\/31\/homem-e-preso-suspeito-de-abusar-sexualmente-de-crianca-de-sete-anos-em-joao-pessoa\/","title":{"rendered":"Homem \u00e9 preso suspeito de abusar sexualmente de crian\u00e7a de sete anos em Jo\u00e3o Pessoa"},"content":{"rendered":"<p><img width=\"696\" height=\"465\" src=\"https:\/\/www.pbagora.com.br\/storage\/2023\/04\/central_de_policia_walla_santos_1-1-696x465-1.jpg\" class=\"attachment-large size-large wp-post-image\" alt=\"\" style=\"margin-bottom: 20px;\" decoding=\"async\" srcset=\"https:\/\/www.pbagora.com.br\/storage\/2023\/04\/central_de_policia_walla_santos_1-1-696x465-1.jpg 696w, https:\/\/www.pbagora.com.br\/storage\/2023\/04\/central_de_policia_walla_santos_1-1-696x465-1-300x200.jpg 300w, https:\/\/www.pbagora.com.br\/storage\/2023\/04\/central_de_policia_walla_santos_1-1-696x465-1-150x100.jpg 150w, https:\/\/www.pbagora.com.br\/storage\/2023\/04\/central_de_policia_walla_santos_1-1-696x465-1-380x254.jpg 380w, https:\/\/www.pbagora.com.br\/storage\/2023\/04\/central_de_policia_walla_santos_1-1-696x465-1-80x53.jpg 80w, https:\/\/www.pbagora.com.br\/storage\/2023\/04\/central_de_policia_walla_santos_1-1-696x465-1-600x401.jpg 600w\" sizes=\"(max-width: 696px) 100vw, 696px\" \/><\/p>\n<p class=\"wp-block-paragraph\">A Pol\u00edcia Civil prendeu, nesta segunda-feira (31), um homem suspeito de estuprar uma crian\u00e7a de sete anos no bairro de Gramame, em Jo\u00e3o Pessoa. A identidade do investigado n\u00e3o foi divulgada.<\/p>\n\n\n\n<p class=\"wp-block-paragraph\">As suspeitas sobre os abusos come\u00e7aram depois que a m\u00e3e percebeu mudan\u00e7as no comportamento da filha e encontrou desenhos considerados incompat\u00edveis com a idade da crian\u00e7a. Segundo a pol\u00edcia, a menina passou a apresentar comportamento agressivo e ap\u00e1tico, al\u00e9m de queda no desempenho escolar.<\/p>\n\n\n\n<p class=\"wp-block-paragraph\">As altera\u00e7\u00f5es tamb\u00e9m chamaram a aten\u00e7\u00e3o da psic\u00f3loga que acompanhava a crian\u00e7a. Ap\u00f3s a den\u00fancia feita pela m\u00e3e, a v\u00edtima relatou que havia sofrido os abusos.<\/p>\n\n\n\n<p class=\"wp-block-paragraph\">De acordo com a pol\u00edcia, o suspeito era uma pessoa pr\u00f3xima da fam\u00edlia, frequentava a resid\u00eancia e teria se aproveitado da rela\u00e7\u00e3o de confian\u00e7a para cometer os abusos.<\/p>\n\n\n\n<p class=\"wp-block-paragraph\">A pris\u00e3o preventiva foi decretada pela Justi\u00e7a com base nos relatos apresentados e nos resultados dos exames periciais. Depois de ser preso, o homem foi encaminhado para uma delegacia da Pol\u00edcia Civil e dever\u00e1 responder por estupro de vulner\u00e1vel.<\/p>\n\n\n\n<p class=\"wp-block-paragraph\">N\u00e3o foram divulgados o local para onde o suspeito foi levado nem informa\u00e7\u00f5es sobre o estado de sa\u00fade atual da v\u00edtima.<\/p>\n\n\n\n<p class=\"wp-block-paragraph\"><\/p>\n\n\n\n<p class=\"wp-block-paragraph\"><strong><em>PB Agora<\/em><\/strong><\/p>\n","protected":false},"excerpt":{"rendered":"<p><img loading=\"lazy\" decoding=\"async\" width=\"696\" height=\"465\" src=\"https:\/\/www.pbagora.com.br\/storage\/2023\/04\/central_de_policia_walla_santos_1-1-696x465-1.jpg\" class=\"attachment-large size-large wp-post-image\" alt=\"\" srcset=\"https:\/\/www.pbagora.com.br\/storage\/2023\/04\/central_de_policia_walla_santos_1-1-696x465-1.jpg 696w, https:\/\/www.pbagora.com.br\/storage\/2023\/04\/central_de_policia_walla_santos_1-1-696x465-1-300x200.jpg 300w, https:\/\/www.pbagora.com.br\/storage\/2023\/04\/central_de_policia_walla_santos_1-1-696x465-1-150x100.jpg 150w, https:\/\/www.pbagora.com.br\/storage\/2023\/04\/central_de_policia_walla_santos_1-1-696x465-1-380x254.jpg 380w, https:\/\/www.pbagora.com.br\/storage\/2023\/04\/central_de_policia_walla_santos_1-1-696x465-1-80x53.jpg 80w, https:\/\/www.pbagora.com.br\/storage\/2023\/04\/central_de_policia_walla_santos_1-1-696x465-1-600x401.jpg 600w\" sizes=\"auto, (max-width: 696px) 100vw, 696px\"><\/p>\n<p>A Pol\u00edcia Civil prendeu, nesta segunda-feira (31), um homem suspeito de estuprar uma crian\u00e7a de sete anos no\u2026<\/p>\n","protected":false},"author":123457,"featured_media":0,"comment_status":"closed","ping_status":"closed","sticky":false,"template":"","format":"standard","meta":{"advgb_blocks_editor_width":"","advgb_blocks_columns_visual_guide":"","footnotes":""},"categories":[34],"tags":[10845,35,10839],"class_list":["post-72848","post","type-post","status-publish","format-standard","hentry","category-g1","tag-destaque-centro-01","tag-g1","tag-policial"],"author_meta":{"display_name":"Reda\u00e7\u00e3o","author_link":"https:\/\/sindaopcpb.org.br\/author\/redacao\/"},"featured_img":null,"coauthors":[],"tax_additional":{"categories":{"linked":["<a href=\"https:\/\/sindaopcpb.org.br\/g1\/\" class=\"advgb-post-tax-term\">G1<\/a>"],"unlinked":["<span class=\"advgb-post-tax-term\">G1<\/span>"]},"tags":{"linked":["<a href=\"https:\/\/sindaopcpb.org.br\/g1\/\" class=\"advgb-post-tax-term\">Destaque Centro 01<\/a>","<a href=\"https:\/\/sindaopcpb.org.br\/g1\/\" class=\"advgb-post-tax-term\">g1<\/a>","<a href=\"https:\/\/sindaopcpb.org.br\/g1\/\" class=\"advgb-post-tax-term\">Policial<\/a>"],"unlinked":["<span class=\"advgb-post-tax-term\">Destaque Centro 01<\/span>","<span class=\"advgb-post-tax-term\">g1<\/span>","<span class=\"advgb-post-tax-term\">Policial<\/span>"]}},"comment_count":"0","relative_dates":{"created":"Publicado 5 horas atr\u00e1s","modified":"Atualizado 5 horas atr\u00e1s"},"absolute_dates":{"created":"Publicado em 31 de agosto de 2026","modified":"Atualizado em 31 de agosto de 2026"},"absolute_dates_time":{"created":"Publicado em 31 de agosto de 2026 18:15","modified":"Atualizado em 31 de agosto de 2026 18:15"},"featured_img_caption":"","series_order":"","_links":{"self":[{"href":"https:\/\/sindaopcpb.org.br\/index.php\/wp-json\/wp\/v2\/posts\/72848","targetHints":{"allow":["GET"]}}],"collection":[{"href":"https:\/\/sindaopcpb.org.br\/index.php\/wp-json\/wp\/v2\/posts"}],"about":[{"href":"https:\/\/sindaopcpb.org.br\/index.php\/wp-json\/wp\/v2\/types\/post"}],"author":[{"embeddable":true,"href":"https:\/\/sindaopcpb.org.br\/index.php\/wp-json\/wp\/v2\/users\/123457"}],"replies":[{"embeddable":true,"href":"https:\/\/sindaopcpb.org.br\/index.php\/wp-json\/wp\/v2\/comments?post=72848"}],"version-history":[{"count":2,"href":"https:\/\/sindaopcpb.org.br\/index.php\/wp-json\/wp\/v2\/posts\/72848\/revisions"}],"predecessor-version":[{"id":72861,"href":"https:\/\/sindaopcpb.org.br\/index.php\/wp-json\/wp\/v2\/posts\/72848\/revisions\/72861"}],"wp:attachment":[{"href":"https:\/\/sindaopcpb.org.br\/index.php\/wp-json\/wp\/v2\/media?parent=72848"}],"wp:term":[{"taxonomy":"category","embeddable":true,"href":"https:\/\/sindaopcpb.org.br\/index.php\/wp-json\/wp\/v2\/categories?post=72848"},{"taxonomy":"post_tag","embeddable":true,"href":"https:\/\/sindaopcpb.org.br\/index.php\/wp-json\/wp\/v2\/tags?post=72848"}],"curies":[{"name":"wp","href":"https:\/\/api.w.org\/{rel}","templated":true}]}}