{"id":72843,"date":"2026-08-31T16:01:47","date_gmt":"2026-08-31T19:01:47","guid":{"rendered":"https:\/\/g1.globo.com\/pb\/paraiba\/noticia\/2026\/08\/31\/homem-preso-suspeito-estuprar-crianca-em-joao-pessoa.ghtml"},"modified":"2026-08-31T16:01:47","modified_gmt":"2026-08-31T19:01:47","slug":"homem-e-preso-suspeito-de-estuprar-crianca-de-7-anos-em-joao-pessoa-mae-desconfiou-de-abusos-apos-desenhos-da-vitima","status":"publish","type":"post","link":"https:\/\/sindaopcpb.org.br\/index.php\/2026\/08\/31\/homem-e-preso-suspeito-de-estuprar-crianca-de-7-anos-em-joao-pessoa-mae-desconfiou-de-abusos-apos-desenhos-da-vitima\/","title":{"rendered":"Homem \u00e9 preso suspeito de estuprar crian\u00e7a de 7 anos, em Jo\u00e3o Pessoa; m\u00e3e desconfiou de abusos ap\u00f3s desenhos da v\u00edtima"},"content":{"rendered":"   <img src=\"https:\/\/s2-g1.glbimg.com\/wwPujtZKWweI1-W1PSBBwOYpeD8=\/i.s3.glbimg.com\/v1\/AUTH_59edd422c0c84a879bd37670ae4f538a\/internal_photos\/bs\/2025\/a\/X\/ERMSuPQs6NrK17gzBG5Q\/img-8621.jpg\" \/><br \/>     Viatura da Pol\u00edcia Civil, na Para\u00edba\nPol\u00edcia Civil\/Divulga\u00e7\u00e3o\nUm homem, que n\u00e3o teve a identidade divulgada, foi preso nesta segunda-feira (31) suspeito de estuprar uma crian\u00e7a de sete anos no bairro de Gramame, em Jo\u00e3o Pessoa. Segundo a pol\u00edcia, a m\u00e3e passou a desconfiar dos abusos depois que a filha fez desenhos considerados incompat\u00edveis com a sua idade.\n\u2705 Clique aqui para seguir o canal do g1 PB no WhatsApp\nDe acordo com a pol\u00edcia, as investiga\u00e7\u00f5es foram iniciadas ap\u00f3s a m\u00e3e da v\u00edtima denunciar os abusos praticados contra a filha por uma pessoa pr\u00f3xima a fam\u00edlia. \nDurante o acontecimento dos abusos, a crian\u00e7a passou a apresentar comportamento agressivo e ap\u00e1tico, al\u00e9m de queda no desempenho escolar. As mudan\u00e7as de comportamento chamaram a aten\u00e7\u00e3o dos familiares e da psic\u00f3loga que acompanhava a crian\u00e7a. Depois da den\u00fancia, a v\u00edtima contou \u00e0 m\u00e3e que havia sofrido os abusos.\nSegundo a pol\u00edcia, o suspeito frequentava a casa da fam\u00edlia e teria usado a rela\u00e7\u00e3o de confian\u00e7a para cometer os abusos. \nAgora no g1\nCom base nos relatos e nos resultados dos exames periciais, a Justi\u00e7a decretou a pris\u00e3o preventiva do suspeito.\nAp\u00f3s a pris\u00e3o, o suspeito foi encaminhado para uma delegacia da Pol\u00edcia Civil, onde deve responder por estupro de vulner\u00e1vel. N\u00e3o foi divulgado para qual local o suspeito foi nem o atual estado de sa\u00fade da v\u00edtima.\nViol\u00eancia e abuso sexual infantil: saiba como denunciar\nV\u00eddeos mais assistidos do g1 Para\u00edba  ","protected":false},"excerpt":{"rendered":"<p>        Viatura da Pol\u00edcia Civil, na Para\u00edba<br \/>\nPol\u00edcia Civil\/Divulga\u00e7\u00e3o<br \/>\nUm homem, que n\u00e3o teve a identidade divulgada, foi preso nesta segunda-feira (31) suspeito de estuprar uma crian\u00e7a de sete anos no bairro de Gramame, em Jo\u00e3o Pessoa. Segundo a pol\u00edci&#8230;<\/p>\n","protected":false},"author":2,"featured_media":0,"comment_status":"closed","ping_status":"closed","sticky":false,"template":"","format":"standard","meta":{"advgb_blocks_editor_width":"","advgb_blocks_columns_visual_guide":"","footnotes":""},"categories":[34],"tags":[35],"class_list":["post-72843","post","type-post","status-publish","format-standard","hentry","category-g1","tag-g1"],"author_meta":{"display_name":"g1 &gt; Para\u00edba","author_link":"https:\/\/sindaopcpb.org.br\/author\/g1-paraiba\/"},"featured_img":null,"coauthors":[],"tax_additional":{"categories":{"linked":["<a href=\"https:\/\/sindaopcpb.org.br\/g1\/\" class=\"advgb-post-tax-term\">G1<\/a>"],"unlinked":["<span class=\"advgb-post-tax-term\">G1<\/span>"]},"tags":{"linked":["<a href=\"https:\/\/sindaopcpb.org.br\/g1\/\" class=\"advgb-post-tax-term\">g1<\/a>"],"unlinked":["<span class=\"advgb-post-tax-term\">g1<\/span>"]}},"comment_count":"0","relative_dates":{"created":"Publicado 5 horas atr\u00e1s","modified":"Atualizado 5 horas atr\u00e1s"},"absolute_dates":{"created":"Publicado em 31 de agosto de 2026","modified":"Atualizado em 31 de agosto de 2026"},"absolute_dates_time":{"created":"Publicado em 31 de agosto de 2026 16:01","modified":"Atualizado em 31 de agosto de 2026 16:01"},"featured_img_caption":"","series_order":"","_links":{"self":[{"href":"https:\/\/sindaopcpb.org.br\/index.php\/wp-json\/wp\/v2\/posts\/72843","targetHints":{"allow":["GET"]}}],"collection":[{"href":"https:\/\/sindaopcpb.org.br\/index.php\/wp-json\/wp\/v2\/posts"}],"about":[{"href":"https:\/\/sindaopcpb.org.br\/index.php\/wp-json\/wp\/v2\/types\/post"}],"author":[{"embeddable":true,"href":"https:\/\/sindaopcpb.org.br\/index.php\/wp-json\/wp\/v2\/users\/2"}],"replies":[{"embeddable":true,"href":"https:\/\/sindaopcpb.org.br\/index.php\/wp-json\/wp\/v2\/comments?post=72843"}],"version-history":[{"count":1,"href":"https:\/\/sindaopcpb.org.br\/index.php\/wp-json\/wp\/v2\/posts\/72843\/revisions"}],"predecessor-version":[{"id":72846,"href":"https:\/\/sindaopcpb.org.br\/index.php\/wp-json\/wp\/v2\/posts\/72843\/revisions\/72846"}],"wp:attachment":[{"href":"https:\/\/sindaopcpb.org.br\/index.php\/wp-json\/wp\/v2\/media?parent=72843"}],"wp:term":[{"taxonomy":"category","embeddable":true,"href":"https:\/\/sindaopcpb.org.br\/index.php\/wp-json\/wp\/v2\/categories?post=72843"},{"taxonomy":"post_tag","embeddable":true,"href":"https:\/\/sindaopcpb.org.br\/index.php\/wp-json\/wp\/v2\/tags?post=72843"}],"curies":[{"name":"wp","href":"https:\/\/api.w.org\/{rel}","templated":true}]}}