{"id":72838,"date":"2026-08-31T15:45:52","date_gmt":"2026-08-31T18:45:52","guid":{"rendered":"https:\/\/www.pbagora.com.br\/?p=968493"},"modified":"2026-08-31T15:45:52","modified_gmt":"2026-08-31T18:45:52","slug":"tres-sao-detidos-em-operacoes-contra-homicidio-estupro-de-vulneravel-e-foragido-em-cg-e-jp","status":"publish","type":"post","link":"https:\/\/sindaopcpb.org.br\/index.php\/2026\/08\/31\/tres-sao-detidos-em-operacoes-contra-homicidio-estupro-de-vulneravel-e-foragido-em-cg-e-jp\/","title":{"rendered":"Tr\u00eas s\u00e3o detidos em opera\u00e7\u00f5es contra homic\u00eddio, estupro de vulner\u00e1vel e foragido em CG e JP"},"content":{"rendered":"<p><img width=\"693\" height=\"373\" src=\"https:\/\/www.pbagora.com.br\/storage\/2026\/08\/Captura-de-tela-2026-08-31-145056.png\" class=\"attachment-large size-large wp-post-image\" alt=\"\" style=\"margin-bottom: 20px;\" decoding=\"async\" loading=\"lazy\" srcset=\"https:\/\/www.pbagora.com.br\/storage\/2026\/08\/Captura-de-tela-2026-08-31-145056.png 693w, https:\/\/www.pbagora.com.br\/storage\/2026\/08\/Captura-de-tela-2026-08-31-145056-300x161.png 300w, https:\/\/www.pbagora.com.br\/storage\/2026\/08\/Captura-de-tela-2026-08-31-145056-150x81.png 150w, https:\/\/www.pbagora.com.br\/storage\/2026\/08\/Captura-de-tela-2026-08-31-145056-380x205.png 380w, https:\/\/www.pbagora.com.br\/storage\/2026\/08\/Captura-de-tela-2026-08-31-145056-80x42.png 80w\" sizes=\"auto, (max-width: 693px) 100vw, 693px\" \/><\/p>\n<p class=\"wp-block-paragraph\">A Pol\u00edcia Civil da Para\u00edba realizou, nesta segunda-feira (31), uma s\u00e9rie de pris\u00f5es em Campina Grande e Jo\u00e3o Pessoa envolvendo investiga\u00e7\u00f5es de homic\u00eddio, estupro de vulner\u00e1vel e cumprimento de mandado contra um condenado que estava foragido da Justi\u00e7a.<\/p>\n\n\n\n<p class=\"wp-block-paragraph\">Em Campina Grande, a Delegacia de Homic\u00eddios e Prote\u00e7\u00e3o \u00e0 Pessoa (DHPP-CG) prendeu um homem condenado por homic\u00eddio qualificado, que estava foragido desde 2014. Ele foi localizado enquanto trabalhava em uma obra no bairro do Cruzeiro e n\u00e3o ofereceu resist\u00eancia.<\/p>\n\n\n\n<figure class=\"wp-block-gallery has-nested-images columns-default is-cropped wp-block-gallery-1 is-layout-flex wp-block-gallery-is-layout-flex\">\n<figure class=\"wp-block-image size-full\"><img  decoding=\"async\"  width=\"211\"  height=\"357\"  data-id=\"968494\"  src=\"https:\/\/www.pbagora.com.br\/storage\/2026\/08\/Captura-de-tela-2026-08-31-144926.png\"  alt=\"\"  class=\"wp-image-968494\"  srcset=\"https:\/\/www.pbagora.com.br\/storage\/2026\/08\/Captura-de-tela-2026-08-31-144926.png 211w, https:\/\/www.pbagora.com.br\/storage\/2026\/08\/Captura-de-tela-2026-08-31-144926-89x150.png 89w, https:\/\/www.pbagora.com.br\/storage\/2026\/08\/Captura-de-tela-2026-08-31-144926-177x300.png 177w, https:\/\/www.pbagora.com.br\/storage\/2026\/08\/Captura-de-tela-2026-08-31-144926-80x135.png 80w, https:\/\/www.pbagora.com.br\/storage\/2026\/08\/Captura-de-tela-2026-08-31-144926-47x80.png 47w\"  sizes=\"(max-width: 211px) 100vw, 211px\" ><\/figure>\n\n\n\n<figure class=\"wp-block-image size-full\"><img  decoding=\"async\"  width=\"173\"  height=\"266\"  data-id=\"968496\"  src=\"https:\/\/www.pbagora.com.br\/storage\/2026\/08\/Captura-de-tela-2026-08-31-144946.png\"  alt=\"\"  class=\"wp-image-968496\"  srcset=\"https:\/\/www.pbagora.com.br\/storage\/2026\/08\/Captura-de-tela-2026-08-31-144946.png 173w, https:\/\/www.pbagora.com.br\/storage\/2026\/08\/Captura-de-tela-2026-08-31-144946-98x150.png 98w, https:\/\/www.pbagora.com.br\/storage\/2026\/08\/Captura-de-tela-2026-08-31-144946-80x123.png 80w, https:\/\/www.pbagora.com.br\/storage\/2026\/08\/Captura-de-tela-2026-08-31-144946-52x80.png 52w\"  sizes=\"(max-width: 173px) 100vw, 173px\" ><\/figure>\n\n\n\n<figure class=\"wp-block-image size-full\"><img  loading=\"lazy\"  decoding=\"async\"  width=\"203\"  height=\"322\"  data-id=\"968495\"  src=\"https:\/\/www.pbagora.com.br\/storage\/2026\/08\/Captura-de-tela-2026-08-31-144936.png\"  alt=\"\"  class=\"wp-image-968495\"  srcset=\"https:\/\/www.pbagora.com.br\/storage\/2026\/08\/Captura-de-tela-2026-08-31-144936.png 203w, https:\/\/www.pbagora.com.br\/storage\/2026\/08\/Captura-de-tela-2026-08-31-144936-95x150.png 95w, https:\/\/www.pbagora.com.br\/storage\/2026\/08\/Captura-de-tela-2026-08-31-144936-189x300.png 189w, https:\/\/www.pbagora.com.br\/storage\/2026\/08\/Captura-de-tela-2026-08-31-144936-80x127.png 80w, https:\/\/www.pbagora.com.br\/storage\/2026\/08\/Captura-de-tela-2026-08-31-144936-50x80.png 50w\"  sizes=\"auto, (max-width: 203px) 100vw, 203px\" ><\/figure>\n<\/figure>\n\n\n\n<p class=\"wp-block-paragraph\">Segundo informa\u00e7\u00f5es judiciais, o homem havia sido condenado a 19 anos de pris\u00e3o, em regime inicialmente fechado. Havia contra ele um mandado de pris\u00e3o em aberto em raz\u00e3o de uma falta grave relacionada ao descumprimento das condi\u00e7\u00f5es impostas durante o cumprimento da pena, o que levou \u00e0 regress\u00e3o cautelar de regime.<\/p>\n\n\n\n<p class=\"wp-block-paragraph\">Ap\u00f3s dilig\u00eancias, os policiais conseguiram localizar o condenado. Ele foi levado \u00e0 sede da DHPP-CG e, depois dos procedimentos legais e das comunica\u00e7\u00f5es ao Judici\u00e1rio e ao Minist\u00e9rio P\u00fablico, encaminhado ao sistema prisional.<\/p>\n\n\n\n<h3 id=\"sobrinho-e-preso-suspeito-de-matar-a-propria-tia-em-joao-pessoa\" class=\"wp-block-heading\">Sobrinho \u00e9 preso suspeito de matar a pr\u00f3pria tia em Jo\u00e3o Pessoa<\/h3>\n\n\n\n<p class=\"wp-block-paragraph\">Tamb\u00e9m nesta segunda-feira, a DHPP da Capital cumpriu mandado de pris\u00e3o contra um homem investigado pela morte da pr\u00f3pria tia, de 57 anos, ocorrida no dia 18 de junho, no bairro do Rangel, em Jo\u00e3o Pessoa.<\/p>\n\n\n\n<p class=\"wp-block-paragraph\">Inicialmente, o caso havia sido tratado como uma poss\u00edvel morte natural. Durante as investiga\u00e7\u00f5es, entretanto, os policiais encontraram elementos que levantaram suspeitas sobre as circunst\u00e2ncias do \u00f3bito. A apura\u00e7\u00e3o apontou que a v\u00edtima teria sido morta por esganadura.<\/p>\n\n\n\n<p class=\"wp-block-paragraph\">As dilig\u00eancias indicaram o sobrinho como principal suspeito. Segundo a Pol\u00edcia Civil, ap\u00f3s o crime, ele teria tentado encobrir o homic\u00eddio para fazer com que a morte parecesse natural.<\/p>\n\n\n\n<p class=\"wp-block-paragraph\">Com base nas provas reunidas durante a investiga\u00e7\u00e3o, a Justi\u00e7a decretou a pris\u00e3o preventiva. O homem foi localizado e preso pela equipe da DHPP. Durante o interrogat\u00f3rio, conforme a Pol\u00edcia Civil, ele confessou o crime.<\/p>\n\n\n\n<p class=\"wp-block-paragraph\">Ap\u00f3s os procedimentos policiais, o investigado ser\u00e1 encaminhado ao sistema prisional, onde permanecer\u00e1 \u00e0 disposi\u00e7\u00e3o da Justi\u00e7a.<\/p>\n\n\n\n<h3 id=\"homem-e-preso-suspeito-de-estupro-de-vulneravel-contra-crianca-de-7-anos\" class=\"wp-block-heading\">Homem \u00e9 preso suspeito de estupro de vulner\u00e1vel contra crian\u00e7a de 7 anos<\/h3>\n\n\n\n<p class=\"wp-block-paragraph\">Ainda em Jo\u00e3o Pessoa, a Delegacia Especializada de Repress\u00e3o aos Crimes Contra a Inf\u00e2ncia e a Juventude da Capital (DRCCIJ) cumpriu mandado de pris\u00e3o preventiva contra um homem investigado por estupro de vulner\u00e1vel, tendo como v\u00edtima uma crian\u00e7a de sete anos.<\/p>\n\n\n\n<p class=\"wp-block-paragraph\">A investiga\u00e7\u00e3o come\u00e7ou no dia 24, depois que a m\u00e3e da crian\u00e7a procurou a Pol\u00edcia Civil relatando suspeitas de abusos praticados por uma pessoa pr\u00f3xima e de confian\u00e7a da fam\u00edlia.<\/p>\n\n\n\n<p class=\"wp-block-paragraph\">Segundo a investiga\u00e7\u00e3o, a suspeita surgiu ap\u00f3s a crian\u00e7a fazer um desenho com conte\u00fado considerado incompat\u00edvel com sua idade. Familiares tamb\u00e9m haviam percebido mudan\u00e7as de comportamento, incluindo agressividade, apatia e queda no desempenho escolar.<\/p>\n\n\n\n<p class=\"wp-block-paragraph\">Em ambiente seguro, a crian\u00e7a relatou \u00e0 m\u00e3e os supostos abusos. Conforme as investiga\u00e7\u00f5es, o suspeito recebia a v\u00edtima em sua resid\u00eancia durante alguns finais de semana e, aproveitando-se da rela\u00e7\u00e3o de confian\u00e7a, teria praticado reiteradamente atos de natureza sexual.<\/p>\n\n\n\n<p class=\"wp-block-paragraph\">A Pol\u00edcia Civil reuniu depoimentos, solicitou exames periciais e coletou outros elementos que fundamentaram o pedido de pris\u00e3o preventiva. A ordem foi expedida pelo Poder Judici\u00e1rio na \u00faltima sexta-feira (28) e cumprida nesta segunda, quando o investigado foi localizado em sua resid\u00eancia, no bairro de Gramame.<\/p>\n\n\n\n<p class=\"wp-block-paragraph\">Ele foi conduzido \u00e0 unidade policial e permanece \u00e0 disposi\u00e7\u00e3o da Justi\u00e7a.<\/p>\n\n\n\n<h3 id=\"policia-reforca-importancia-das-denuncias\" class=\"wp-block-heading\">Pol\u00edcia refor\u00e7a import\u00e2ncia das den\u00fancias<\/h3>\n\n\n\n<p class=\"wp-block-paragraph\">A Pol\u00edcia Civil da Para\u00edba refor\u00e7ou a import\u00e2ncia da participa\u00e7\u00e3o de familiares, escolas e profissionais que acompanham crian\u00e7as e adolescentes na identifica\u00e7\u00e3o de poss\u00edveis situa\u00e7\u00f5es de viol\u00eancia.<\/p>\n\n\n\n<p class=\"wp-block-paragraph\">Mudan\u00e7as repentinas de comportamento e manifesta\u00e7\u00f5es incomuns devem ser observadas e, quando houver suspeita, comunicadas \u00e0s autoridades competentes.<\/p>\n\n\n\n<p class=\"wp-block-paragraph\">Den\u00fancias podem ser feitas de forma an\u00f4nima pelo Disque-Den\u00fancia 197, da Pol\u00edcia Civil da Para\u00edba, ou pelo Disque 100, servi\u00e7o nacional de prote\u00e7\u00e3o aos direitos humanos, dispon\u00edvel 24 horas por dia.<\/p>\n\n\n\n<p class=\"wp-block-paragraph\"><strong><em>Reda\u00e7\u00e3o<\/em><\/strong><\/p>\n\n\n\n<p class=\"wp-block-paragraph\"><\/p>\n","protected":false},"excerpt":{"rendered":"<p><img loading=\"lazy\" decoding=\"async\" width=\"693\" height=\"373\" src=\"https:\/\/www.pbagora.com.br\/storage\/2026\/08\/Captura-de-tela-2026-08-31-145056.png\" class=\"attachment-large size-large wp-post-image\" alt=\"\" srcset=\"https:\/\/www.pbagora.com.br\/storage\/2026\/08\/Captura-de-tela-2026-08-31-145056.png 693w, https:\/\/www.pbagora.com.br\/storage\/2026\/08\/Captura-de-tela-2026-08-31-145056-300x161.png 300w, https:\/\/www.pbagora.com.br\/storage\/2026\/08\/Captura-de-tela-2026-08-31-145056-150x81.png 150w, https:\/\/www.pbagora.com.br\/storage\/2026\/08\/Captura-de-tela-2026-08-31-145056-380x205.png 380w, https:\/\/www.pbagora.com.br\/storage\/2026\/08\/Captura-de-tela-2026-08-31-145056-80x42.png 80w\" sizes=\"auto, (max-width: 693px) 100vw, 693px\"><\/p>\n<p>A Pol\u00edcia Civil da Para\u00edba realizou, nesta segunda-feira (31), uma s\u00e9rie de pris\u00f5es em Campina Grande e Jo\u00e3o\u2026<\/p>\n","protected":false},"author":123457,"featured_media":0,"comment_status":"closed","ping_status":"closed","sticky":false,"template":"","format":"standard","meta":{"advgb_blocks_editor_width":"","advgb_blocks_columns_visual_guide":"","footnotes":""},"categories":[34],"tags":[10845,35,10839],"class_list":["post-72838","post","type-post","status-publish","format-standard","hentry","category-g1","tag-destaque-centro-01","tag-g1","tag-policial"],"author_meta":{"display_name":"Reda\u00e7\u00e3o","author_link":"https:\/\/sindaopcpb.org.br\/author\/redacao\/"},"featured_img":null,"coauthors":[],"tax_additional":{"categories":{"linked":["<a href=\"https:\/\/sindaopcpb.org.br\/g1\/\" class=\"advgb-post-tax-term\">G1<\/a>"],"unlinked":["<span class=\"advgb-post-tax-term\">G1<\/span>"]},"tags":{"linked":["<a href=\"https:\/\/sindaopcpb.org.br\/g1\/\" class=\"advgb-post-tax-term\">Destaque Centro 01<\/a>","<a href=\"https:\/\/sindaopcpb.org.br\/g1\/\" class=\"advgb-post-tax-term\">g1<\/a>","<a href=\"https:\/\/sindaopcpb.org.br\/g1\/\" class=\"advgb-post-tax-term\">Policial<\/a>"],"unlinked":["<span class=\"advgb-post-tax-term\">Destaque Centro 01<\/span>","<span class=\"advgb-post-tax-term\">g1<\/span>","<span class=\"advgb-post-tax-term\">Policial<\/span>"]}},"comment_count":"0","relative_dates":{"created":"Publicado 4 horas atr\u00e1s","modified":"Atualizado 4 horas atr\u00e1s"},"absolute_dates":{"created":"Publicado em 31 de agosto de 2026","modified":"Atualizado em 31 de agosto de 2026"},"absolute_dates_time":{"created":"Publicado em 31 de agosto de 2026 15:45","modified":"Atualizado em 31 de agosto de 2026 15:45"},"featured_img_caption":"","series_order":"","_links":{"self":[{"href":"https:\/\/sindaopcpb.org.br\/index.php\/wp-json\/wp\/v2\/posts\/72838","targetHints":{"allow":["GET"]}}],"collection":[{"href":"https:\/\/sindaopcpb.org.br\/index.php\/wp-json\/wp\/v2\/posts"}],"about":[{"href":"https:\/\/sindaopcpb.org.br\/index.php\/wp-json\/wp\/v2\/types\/post"}],"author":[{"embeddable":true,"href":"https:\/\/sindaopcpb.org.br\/index.php\/wp-json\/wp\/v2\/users\/123457"}],"replies":[{"embeddable":true,"href":"https:\/\/sindaopcpb.org.br\/index.php\/wp-json\/wp\/v2\/comments?post=72838"}],"version-history":[{"count":1,"href":"https:\/\/sindaopcpb.org.br\/index.php\/wp-json\/wp\/v2\/posts\/72838\/revisions"}],"predecessor-version":[{"id":72839,"href":"https:\/\/sindaopcpb.org.br\/index.php\/wp-json\/wp\/v2\/posts\/72838\/revisions\/72839"}],"wp:attachment":[{"href":"https:\/\/sindaopcpb.org.br\/index.php\/wp-json\/wp\/v2\/media?parent=72838"}],"wp:term":[{"taxonomy":"category","embeddable":true,"href":"https:\/\/sindaopcpb.org.br\/index.php\/wp-json\/wp\/v2\/categories?post=72838"},{"taxonomy":"post_tag","embeddable":true,"href":"https:\/\/sindaopcpb.org.br\/index.php\/wp-json\/wp\/v2\/tags?post=72838"}],"curies":[{"name":"wp","href":"https:\/\/api.w.org\/{rel}","templated":true}]}}