{"id":72836,"date":"2026-08-31T15:24:34","date_gmt":"2026-08-31T18:24:34","guid":{"rendered":"https:\/\/g1.globo.com\/pb\/paraiba\/eleicoes\/2026\/noticia\/2026\/08\/31\/homem-e-preso-suspeito-de-matar-tia-por-esganadura-em-joao-pessoa-morte-foi-inicialmente-dada-como-natural.ghtml"},"modified":"2026-08-31T15:24:34","modified_gmt":"2026-08-31T18:24:34","slug":"homem-e-preso-suspeito-de-matar-tia-por-esganadura-em-joao-pessoa-morte-foi-inicialmente-dada-como-natural","status":"publish","type":"post","link":"https:\/\/sindaopcpb.org.br\/index.php\/2026\/08\/31\/homem-e-preso-suspeito-de-matar-tia-por-esganadura-em-joao-pessoa-morte-foi-inicialmente-dada-como-natural\/","title":{"rendered":"Homem \u00e9 preso, suspeito de matar tia por esganadura em Jo\u00e3o Pessoa; morte foi inicialmente dada como natural"},"content":{"rendered":"   <img src=\"https:\/\/s2-g1.glbimg.com\/PLqsmUY1HVrJ43DgcGuDP3JFYzI=\/i.s3.glbimg.com\/v1\/AUTH_59edd422c0c84a879bd37670ae4f538a\/internal_photos\/bs\/2026\/0\/0\/VRA28eRW229SuqQlHz1g\/suspeito-de-matar-a-tia.jpg\" \/><br \/>     Homem confessou ter matado a tia\nDivulga\u00e7\u00e3o\/Pol\u00edcia Civil\nUm homem foi preso nesta segunda-feira (31) ap\u00f3s ser investigado pelo homic\u00eddio da tia, em Jo\u00e3o Pessoa. A mulher morreu no dia 18 de junho deste ano, no bairro do Rangel, e a morte inicialmente foi apontada como uma poss\u00edvel morte natural. \n\u2705 Clique aqui para seguir o canal do g1 PB no WhatsApp\nDe acordo com a Pol\u00edcia Civil, durante as dilig\u00eancias iniciais, foram encontrados elementos que levantaram suspeitas sobre as circunst\u00e2ncias do \u00f3bito. Os investigadores apontaram que a v\u00edtima teria sido morta por esganadura.\nSegundo as investiga\u00e7\u00f5es, ap\u00f3s o crime, o homem teria tentado encobrir o homic\u00eddio, buscando fazer parecer que se tratava de uma morte natural. Ap\u00f3s ser localizado e preso, o investigado foi conduzido \u00e0 Cidade da Pol\u00edcia de Jo\u00e3o Pessoa, onde confessou o crime. \nA Pol\u00edcia Civil n\u00e3o divulgou, at\u00e9 o momento, a motiva\u00e7\u00e3o do crime e as identidades da v\u00edtima e do suspeito. \nAgora no g1\nV\u00eddeos mais assistidos do g1 Para\u00edba  ","protected":false},"excerpt":{"rendered":"<p>        Homem confessou ter matado a tia<br \/>\nDivulga\u00e7\u00e3o\/Pol\u00edcia Civil<br \/>\nUm homem foi preso nesta segunda-feira (31) ap\u00f3s ser investigado pelo homic\u00eddio da tia, em Jo\u00e3o Pessoa. A mulher morreu no dia 18 de junho deste ano, no bairro do Rangel, e a morte inici&#8230;<\/p>\n","protected":false},"author":2,"featured_media":0,"comment_status":"closed","ping_status":"closed","sticky":false,"template":"","format":"standard","meta":{"advgb_blocks_editor_width":"","advgb_blocks_columns_visual_guide":"","footnotes":""},"categories":[34],"tags":[35],"class_list":["post-72836","post","type-post","status-publish","format-standard","hentry","category-g1","tag-g1"],"author_meta":{"display_name":"g1 &gt; Para\u00edba","author_link":"https:\/\/sindaopcpb.org.br\/author\/g1-paraiba\/"},"featured_img":null,"coauthors":[],"tax_additional":{"categories":{"linked":["<a href=\"https:\/\/sindaopcpb.org.br\/g1\/\" class=\"advgb-post-tax-term\">G1<\/a>"],"unlinked":["<span class=\"advgb-post-tax-term\">G1<\/span>"]},"tags":{"linked":["<a href=\"https:\/\/sindaopcpb.org.br\/g1\/\" class=\"advgb-post-tax-term\">g1<\/a>"],"unlinked":["<span class=\"advgb-post-tax-term\">g1<\/span>"]}},"comment_count":"0","relative_dates":{"created":"Publicado 5 horas atr\u00e1s","modified":"Atualizado 5 horas atr\u00e1s"},"absolute_dates":{"created":"Publicado em 31 de agosto de 2026","modified":"Atualizado em 31 de agosto de 2026"},"absolute_dates_time":{"created":"Publicado em 31 de agosto de 2026 15:24","modified":"Atualizado em 31 de agosto de 2026 15:24"},"featured_img_caption":"","series_order":"","_links":{"self":[{"href":"https:\/\/sindaopcpb.org.br\/index.php\/wp-json\/wp\/v2\/posts\/72836","targetHints":{"allow":["GET"]}}],"collection":[{"href":"https:\/\/sindaopcpb.org.br\/index.php\/wp-json\/wp\/v2\/posts"}],"about":[{"href":"https:\/\/sindaopcpb.org.br\/index.php\/wp-json\/wp\/v2\/types\/post"}],"author":[{"embeddable":true,"href":"https:\/\/sindaopcpb.org.br\/index.php\/wp-json\/wp\/v2\/users\/2"}],"replies":[{"embeddable":true,"href":"https:\/\/sindaopcpb.org.br\/index.php\/wp-json\/wp\/v2\/comments?post=72836"}],"version-history":[{"count":3,"href":"https:\/\/sindaopcpb.org.br\/index.php\/wp-json\/wp\/v2\/posts\/72836\/revisions"}],"predecessor-version":[{"id":72847,"href":"https:\/\/sindaopcpb.org.br\/index.php\/wp-json\/wp\/v2\/posts\/72836\/revisions\/72847"}],"wp:attachment":[{"href":"https:\/\/sindaopcpb.org.br\/index.php\/wp-json\/wp\/v2\/media?parent=72836"}],"wp:term":[{"taxonomy":"category","embeddable":true,"href":"https:\/\/sindaopcpb.org.br\/index.php\/wp-json\/wp\/v2\/categories?post=72836"},{"taxonomy":"post_tag","embeddable":true,"href":"https:\/\/sindaopcpb.org.br\/index.php\/wp-json\/wp\/v2\/tags?post=72836"}],"curies":[{"name":"wp","href":"https:\/\/api.w.org\/{rel}","templated":true}]}}