{"id":72829,"date":"2026-08-31T14:46:13","date_gmt":"2026-08-31T17:46:13","guid":{"rendered":"https:\/\/g1.globo.com\/pb\/paraiba\/eleicoes\/2026\/noticia\/2026\/08\/31\/efraim-filho-visita-hospital-e-defende-aumento-de-telemedicina-na-saude-da-paraiba.ghtml"},"modified":"2026-08-31T14:46:13","modified_gmt":"2026-08-31T17:46:13","slug":"efraim-filho-visita-hospital-e-defende-aumento-de-telemedicina-na-saude-da-paraiba","status":"publish","type":"post","link":"https:\/\/sindaopcpb.org.br\/index.php\/2026\/08\/31\/efraim-filho-visita-hospital-e-defende-aumento-de-telemedicina-na-saude-da-paraiba\/","title":{"rendered":"Efraim Filho visita hospital e defende aumento de telemedicina na sa\u00fade da Para\u00edba"},"content":{"rendered":"   <img src=\"https:\/\/s2-g1.glbimg.com\/aUHZKXQHTOrSniCjrEG7bcw6aYY=\/i.s3.glbimg.com\/v1\/AUTH_59edd422c0c84a879bd37670ae4f538a\/internal_photos\/bs\/2026\/q\/i\/EtAu3fQQyPk8PBZDZA2w\/efraim-filho-ok.jpg\" \/><br \/>     Efraim Filho visita hospital e defende aumento de telemedicina na sa\u00fade da Para\u00edba\nTV Cabo Branco\nO candidato ao governo da Para\u00edba, Efraim Filho (PL), visitou o Hospital S\u00e3o Vicente de Paulo, em Jo\u00e3o Pessoa, nesta segunda-feira (31). Ele tamb\u00e9m conversou com eleitores e tiros fotos na entrada da unidade. Na visita, Efraim disse que defende a telemedicina na sa\u00fade do estado como forma de melhorar o acesso. \n\u2705 Clique aqui para seguir o canal do g1 PB no WhatsApp\nPara a TV Cabo Branco, o candidato disse que o auxilio tecnol\u00f3gico pode ser o caminho para aumentar os atendimentos e tamb\u00e9m atender outras demandas relacionadas, como exames. \n\"O caos na sa\u00fade p\u00fablica hoje na Para\u00edba a gente consegue trazer tecnologia para ser uma das solu\u00e7\u00f5es. \u00c9 muita fila, muito exame, muita consulta, muito rem\u00e9dio que demora para chegar, e o nosso plano de sa\u00fade se chama 'Sa\u00fade na Palma da M\u00e3o'. Hoje a tecnologia tem que ser a sa\u00edda, faz uma videochamada com sua fam\u00edlia, por qu\u00ea n\u00e3o fazer um especialista? N\u00f3s vamos ter um centro de tecnologia em especialidades, onde v\u00e3o ter especialistas\", disse. \nSegundo o candidato, esse centro vai atender os 223 munic\u00edpios da Para\u00edba com os especialistas. O candidato afirmou que isso vai contribuir para a menor necessidade de deslocamento por quest\u00f5es m\u00e9dicas entre cidades. \nA agenda de Efraim Filho no dia seguiu ainda com a grava\u00e7\u00e3o para o guia eleitoral e tamb\u00e9m uma reuni\u00e3o com a coordena\u00e7\u00e3o de campanha. \nAgora no g1\nV\u00eddeos mais assistidos do g1 Para\u00edba  ","protected":false},"excerpt":{"rendered":"<p>        Efraim Filho visita hospital e defende aumento de telemedicina na sa\u00fade da Para\u00edba<br \/>\nTV Cabo Branco<br \/>\nO candidato ao governo da Para\u00edba, Efraim Filho (PL), visitou o Hospital S\u00e3o Vicente de Paulo, em Jo\u00e3o Pessoa, nesta segunda-feira (31). Ele tamb\u00e9&#8230;<\/p>\n","protected":false},"author":2,"featured_media":0,"comment_status":"closed","ping_status":"closed","sticky":false,"template":"","format":"standard","meta":{"advgb_blocks_editor_width":"","advgb_blocks_columns_visual_guide":"","footnotes":""},"categories":[34],"tags":[35],"class_list":["post-72829","post","type-post","status-publish","format-standard","hentry","category-g1","tag-g1"],"author_meta":{"display_name":"g1 &gt; Para\u00edba","author_link":"https:\/\/sindaopcpb.org.br\/author\/g1-paraiba\/"},"featured_img":null,"coauthors":[],"tax_additional":{"categories":{"linked":["<a href=\"https:\/\/sindaopcpb.org.br\/g1\/\" class=\"advgb-post-tax-term\">G1<\/a>"],"unlinked":["<span class=\"advgb-post-tax-term\">G1<\/span>"]},"tags":{"linked":["<a href=\"https:\/\/sindaopcpb.org.br\/g1\/\" class=\"advgb-post-tax-term\">g1<\/a>"],"unlinked":["<span class=\"advgb-post-tax-term\">g1<\/span>"]}},"comment_count":"0","relative_dates":{"created":"Publicado 4 horas atr\u00e1s","modified":"Atualizado 4 horas atr\u00e1s"},"absolute_dates":{"created":"Publicado em 31 de agosto de 2026","modified":"Atualizado em 31 de agosto de 2026"},"absolute_dates_time":{"created":"Publicado em 31 de agosto de 2026 14:46","modified":"Atualizado em 31 de agosto de 2026 14:46"},"featured_img_caption":"","series_order":"","_links":{"self":[{"href":"https:\/\/sindaopcpb.org.br\/index.php\/wp-json\/wp\/v2\/posts\/72829","targetHints":{"allow":["GET"]}}],"collection":[{"href":"https:\/\/sindaopcpb.org.br\/index.php\/wp-json\/wp\/v2\/posts"}],"about":[{"href":"https:\/\/sindaopcpb.org.br\/index.php\/wp-json\/wp\/v2\/types\/post"}],"author":[{"embeddable":true,"href":"https:\/\/sindaopcpb.org.br\/index.php\/wp-json\/wp\/v2\/users\/2"}],"replies":[{"embeddable":true,"href":"https:\/\/sindaopcpb.org.br\/index.php\/wp-json\/wp\/v2\/comments?post=72829"}],"version-history":[{"count":2,"href":"https:\/\/sindaopcpb.org.br\/index.php\/wp-json\/wp\/v2\/posts\/72829\/revisions"}],"predecessor-version":[{"id":72831,"href":"https:\/\/sindaopcpb.org.br\/index.php\/wp-json\/wp\/v2\/posts\/72829\/revisions\/72831"}],"wp:attachment":[{"href":"https:\/\/sindaopcpb.org.br\/index.php\/wp-json\/wp\/v2\/media?parent=72829"}],"wp:term":[{"taxonomy":"category","embeddable":true,"href":"https:\/\/sindaopcpb.org.br\/index.php\/wp-json\/wp\/v2\/categories?post=72829"},{"taxonomy":"post_tag","embeddable":true,"href":"https:\/\/sindaopcpb.org.br\/index.php\/wp-json\/wp\/v2\/tags?post=72829"}],"curies":[{"name":"wp","href":"https:\/\/api.w.org\/{rel}","templated":true}]}}