{"id":72824,"date":"2026-08-31T13:26:50","date_gmt":"2026-08-31T16:26:50","guid":{"rendered":"https:\/\/g1.globo.com\/pb\/paraiba\/noticia\/2026\/08\/31\/condutor-de-um-dos-carros-envolvidos-em-colisao-na-br-230-em-campina-grande-poderia-estar-sem-cinto-de-seguranca.ghtml"},"modified":"2026-08-31T13:26:50","modified_gmt":"2026-08-31T16:26:50","slug":"condutor-de-um-dos-carros-envolvidos-em-colisao-na-br-230-em-campina-grande-poderia-estar-sem-cinto-de-seguranca","status":"publish","type":"post","link":"https:\/\/sindaopcpb.org.br\/index.php\/2026\/08\/31\/condutor-de-um-dos-carros-envolvidos-em-colisao-na-br-230-em-campina-grande-poderia-estar-sem-cinto-de-seguranca\/","title":{"rendered":"Condutor de um dos carros envolvidos em colis\u00e3o na BR-230, em Campina Grande, poderia estar sem cinto de seguran\u00e7a"},"content":{"rendered":"   <img src=\"https:\/\/s2-g1.glbimg.com\/aIGX6lExCALtFiNUv7hwf8OYzdI=\/i.s3.glbimg.com\/v1\/AUTH_59edd422c0c84a879bd37670ae4f538a\/internal_photos\/bs\/2026\/C\/C\/4ylAayS1aBeAYBRSPirg\/erickvitima.jpg\" \/><br \/>     Erick morreu no local do acidente, em Campina Grande\nReprodu\u00e7\u00e3o \/ TV Cabo Branco\nO condutor de um dos carros envolvidos na colis\u00e3o na BR-230, em S\u00e3o Jos\u00e9 da Mata, distrito de Campina Grande, na noite do domingo (30), que deixou tr\u00eas mortos, poderia estar sem cinto de seguran\u00e7a no momento do impacto. A possibilidade foi levantada pela Pol\u00edcia Rodovi\u00e1ria Federal. \n\u2705 Clique aqui para seguir o canal do g1 PB no WhatsApp\nEm entrevista para a TV Para\u00edba, o chefe da delegacia da PRF em Campina Grande, Joc\u00eanio Braga, disse que essa possibilidade \u00e9 cr\u00edvel porque com a colis\u00e3o o homem foi arremessado do carro. Segundo ele, isso indicaria essa situa\u00e7\u00e3o.\n\"Esse ve\u00edculo fez uma manobra, ou de retorno ou de ultrapassagem e n\u00e3o conseguiu terminar essa ultrapassagem, isso ainda vai ser colocado no laudo definitivo. Ent\u00e3o, ele fez essa manobra, passou para o lado do ve\u00edculo que ia para S\u00e3o Jos\u00e9 da Mata, esse ve\u00edculo colidiu na lateral dele, e com essa colis\u00e3o o condutor foi arremessado para fora do ve\u00edculo, o que leva a gente a entender que ele estava sem cinto de seguran\u00e7a\", explicou.  \nO condutor desse carro, e que acabou morrendo, foi identificado como Eric William Fonseca, de 36 anos. \nAinda conforme a Pol\u00edcia Rodovi\u00e1ria Federal (PRF), quatro pessoas estavam no outro  ve\u00edculo envolvido. O casal foi identificado como Jeferson Mendon\u00e7a Santos e Elisangela de Oliveira Lima, de 28 anos, e estavam nos bancos da frente. Os dois filhos deles, duas crian\u00e7as de quatro e sete anos de idade, estavam no banco traseiro e ficaram presos \u00e0s ferragens. \nO Corpo de Bombeiros foi acionado para retirar as crian\u00e7as do carro. Elas foram encaminhadas para o Hospital de Trauma de Campina Grande, onde seguem internadas em estado est\u00e1vel.\nCasal identificado apenas como Jeferson e Nick morreu no local do acidente, em Campina Grande\nReprodu\u00e7\u00e3o \/ TV Cabo Branco\nAgora no g1\nV\u00eddeos mais assistidos do g1 Para\u00edba  ","protected":false},"excerpt":{"rendered":"<p>        Erick morreu no local do acidente, em Campina Grande<br \/>\nReprodu\u00e7\u00e3o \/ TV Cabo Branco<br \/>\nO condutor de um dos carros envolvidos na colis\u00e3o na BR-230, em S\u00e3o Jos\u00e9 da Mata, distrito de Campina Grande, na noite do domingo (30), que deixou tr\u00eas mortos, pod&#8230;<\/p>\n","protected":false},"author":2,"featured_media":0,"comment_status":"closed","ping_status":"closed","sticky":false,"template":"","format":"standard","meta":{"advgb_blocks_editor_width":"","advgb_blocks_columns_visual_guide":"","footnotes":""},"categories":[34],"tags":[35],"class_list":["post-72824","post","type-post","status-publish","format-standard","hentry","category-g1","tag-g1"],"author_meta":{"display_name":"g1 &gt; Para\u00edba","author_link":"https:\/\/sindaopcpb.org.br\/author\/g1-paraiba\/"},"featured_img":null,"coauthors":[],"tax_additional":{"categories":{"linked":["<a href=\"https:\/\/sindaopcpb.org.br\/g1\/\" class=\"advgb-post-tax-term\">G1<\/a>"],"unlinked":["<span class=\"advgb-post-tax-term\">G1<\/span>"]},"tags":{"linked":["<a href=\"https:\/\/sindaopcpb.org.br\/g1\/\" class=\"advgb-post-tax-term\">g1<\/a>"],"unlinked":["<span class=\"advgb-post-tax-term\">g1<\/span>"]}},"comment_count":"0","relative_dates":{"created":"Publicado 5 horas atr\u00e1s","modified":"Atualizado 5 horas atr\u00e1s"},"absolute_dates":{"created":"Publicado em 31 de agosto de 2026","modified":"Atualizado em 31 de agosto de 2026"},"absolute_dates_time":{"created":"Publicado em 31 de agosto de 2026 13:26","modified":"Atualizado em 31 de agosto de 2026 13:26"},"featured_img_caption":"","series_order":"","_links":{"self":[{"href":"https:\/\/sindaopcpb.org.br\/index.php\/wp-json\/wp\/v2\/posts\/72824","targetHints":{"allow":["GET"]}}],"collection":[{"href":"https:\/\/sindaopcpb.org.br\/index.php\/wp-json\/wp\/v2\/posts"}],"about":[{"href":"https:\/\/sindaopcpb.org.br\/index.php\/wp-json\/wp\/v2\/types\/post"}],"author":[{"embeddable":true,"href":"https:\/\/sindaopcpb.org.br\/index.php\/wp-json\/wp\/v2\/users\/2"}],"replies":[{"embeddable":true,"href":"https:\/\/sindaopcpb.org.br\/index.php\/wp-json\/wp\/v2\/comments?post=72824"}],"version-history":[{"count":1,"href":"https:\/\/sindaopcpb.org.br\/index.php\/wp-json\/wp\/v2\/posts\/72824\/revisions"}],"predecessor-version":[{"id":72825,"href":"https:\/\/sindaopcpb.org.br\/index.php\/wp-json\/wp\/v2\/posts\/72824\/revisions\/72825"}],"wp:attachment":[{"href":"https:\/\/sindaopcpb.org.br\/index.php\/wp-json\/wp\/v2\/media?parent=72824"}],"wp:term":[{"taxonomy":"category","embeddable":true,"href":"https:\/\/sindaopcpb.org.br\/index.php\/wp-json\/wp\/v2\/categories?post=72824"},{"taxonomy":"post_tag","embeddable":true,"href":"https:\/\/sindaopcpb.org.br\/index.php\/wp-json\/wp\/v2\/tags?post=72824"}],"curies":[{"name":"wp","href":"https:\/\/api.w.org\/{rel}","templated":true}]}}