{"id":72818,"date":"2026-08-31T12:06:42","date_gmt":"2026-08-31T15:06:42","guid":{"rendered":"https:\/\/www.pbagora.com.br\/?p=968442"},"modified":"2026-08-31T12:06:42","modified_gmt":"2026-08-31T15:06:42","slug":"homem-e-preso-por-descumprir-medida-protetiva-contra-a-propria-mae","status":"publish","type":"post","link":"https:\/\/sindaopcpb.org.br\/index.php\/2026\/08\/31\/homem-e-preso-por-descumprir-medida-protetiva-contra-a-propria-mae\/","title":{"rendered":"Homem \u00e9 preso por descumprir medida protetiva contra a pr\u00f3pria m\u00e3e"},"content":{"rendered":"<p><img width=\"750\" height=\"390\" src=\"https:\/\/www.pbagora.com.br\/storage\/2026\/08\/image-170.png\" class=\"attachment-large size-large wp-post-image\" alt=\"\" style=\"margin-bottom: 20px;\" decoding=\"async\" srcset=\"https:\/\/www.pbagora.com.br\/storage\/2026\/08\/image-170.png 750w, https:\/\/www.pbagora.com.br\/storage\/2026\/08\/image-170-150x78.png 150w, https:\/\/www.pbagora.com.br\/storage\/2026\/08\/image-170-300x156.png 300w, https:\/\/www.pbagora.com.br\/storage\/2026\/08\/image-170-379x197.png 379w, https:\/\/www.pbagora.com.br\/storage\/2026\/08\/image-170-80x42-2.png 80w\" sizes=\"(max-width: 750px) 100vw, 750px\" \/><\/p>\n<p class=\"wp-block-paragraph\">Um homem foi preso em flagrante pela Pol\u00edcia Civil nesta segunda-feira (31), na zona rural de Guarabira, no Brejo paraibano, ap\u00f3s descumprir uma medida protetiva de urg\u00eancia que o impedia de se aproximar e permanecer na resid\u00eancia da pr\u00f3pria m\u00e3e.<\/p>\n\n\n\n<p class=\"wp-block-paragraph\">A pris\u00e3o foi realizada por equipes da Delegacia Especializada de Atendimento \u00e0 Mulher (DEAM), com apoio do N\u00facleo de Homic\u00eddios de Guarabira, ap\u00f3s a v\u00edtima procurar a unidade policial e denunciar o descumprimento da ordem judicial.<\/p>\n\n\n\n<p class=\"wp-block-paragraph\">Segundo a Pol\u00edcia Civil, a medida protetiva estava em vigor desde o final de 2025 e determinava o afastamento do homem da m\u00e3e. Apesar da determina\u00e7\u00e3o, ele teria passado o fim de semana na resid\u00eancia da v\u00edtima.<\/p>\n\n\n\n<p class=\"wp-block-paragraph\">Ainda conforme o relato apresentado \u00e0 pol\u00edcia, o homem teria feito uso de drogas durante o per\u00edodo em que permaneceu no im\u00f3vel. A m\u00e3e tamb\u00e9m informou que ele teria danificado bens pertencentes a ela com o objetivo de obter recursos para comprar entorpecentes.<\/p>\n\n\n\n<p class=\"wp-block-paragraph\">Ap\u00f3s receber a den\u00fancia, policiais da DEAM e do N\u00facleo de Homic\u00eddios realizaram dilig\u00eancias para localizar o investigado.<\/p>\n\n\n\n<p class=\"wp-block-paragraph\">O homem foi encontrado no S\u00edtio Itamatay, na zona rural do munic\u00edpio, onde recebeu voz de pris\u00e3o em flagrante pelo descumprimento da medida protetiva.<\/p>\n\n\n\n<p class=\"wp-block-paragraph\">Depois da pris\u00e3o, ele foi conduzido \u00e0 unidade policial para os procedimentos cab\u00edveis.<\/p>\n\n\n\n<p class=\"wp-block-paragraph\"><em><strong>PB Agora<\/strong><\/em><\/p>\n","protected":false},"excerpt":{"rendered":"<p><img loading=\"lazy\" decoding=\"async\" width=\"750\" height=\"390\" src=\"https:\/\/www.pbagora.com.br\/storage\/2026\/08\/image-170.png\" class=\"attachment-large size-large wp-post-image\" alt=\"\" srcset=\"https:\/\/www.pbagora.com.br\/storage\/2026\/08\/image-170.png 750w, https:\/\/www.pbagora.com.br\/storage\/2026\/08\/image-170-150x78.png 150w, https:\/\/www.pbagora.com.br\/storage\/2026\/08\/image-170-300x156.png 300w, https:\/\/www.pbagora.com.br\/storage\/2026\/08\/image-170-379x197.png 379w, https:\/\/www.pbagora.com.br\/storage\/2026\/08\/image-170-80x42-2.png 80w\" sizes=\"auto, (max-width: 750px) 100vw, 750px\"><\/p>\n<p>Um homem foi preso em flagrante pela Pol\u00edcia Civil nesta segunda-feira (31), na zona rural de Guarabira, no\u2026<\/p>\n","protected":false},"author":123457,"featured_media":0,"comment_status":"closed","ping_status":"closed","sticky":false,"template":"","format":"standard","meta":{"advgb_blocks_editor_width":"","advgb_blocks_columns_visual_guide":"","footnotes":""},"categories":[34],"tags":[10840,35,10839],"class_list":["post-72818","post","type-post","status-publish","format-standard","hentry","category-g1","tag-destaque-centro-03","tag-g1","tag-policial"],"author_meta":{"display_name":"Reda\u00e7\u00e3o","author_link":"https:\/\/sindaopcpb.org.br\/author\/redacao\/"},"featured_img":null,"coauthors":[],"tax_additional":{"categories":{"linked":["<a href=\"https:\/\/sindaopcpb.org.br\/g1\/\" class=\"advgb-post-tax-term\">G1<\/a>"],"unlinked":["<span class=\"advgb-post-tax-term\">G1<\/span>"]},"tags":{"linked":["<a href=\"https:\/\/sindaopcpb.org.br\/g1\/\" class=\"advgb-post-tax-term\">Destaque Centro 03<\/a>","<a href=\"https:\/\/sindaopcpb.org.br\/g1\/\" class=\"advgb-post-tax-term\">g1<\/a>","<a href=\"https:\/\/sindaopcpb.org.br\/g1\/\" class=\"advgb-post-tax-term\">Policial<\/a>"],"unlinked":["<span class=\"advgb-post-tax-term\">Destaque Centro 03<\/span>","<span class=\"advgb-post-tax-term\">g1<\/span>","<span class=\"advgb-post-tax-term\">Policial<\/span>"]}},"comment_count":"0","relative_dates":{"created":"Publicado 6 horas atr\u00e1s","modified":"Atualizado 6 horas atr\u00e1s"},"absolute_dates":{"created":"Publicado em 31 de agosto de 2026","modified":"Atualizado em 31 de agosto de 2026"},"absolute_dates_time":{"created":"Publicado em 31 de agosto de 2026 12:06","modified":"Atualizado em 31 de agosto de 2026 12:06"},"featured_img_caption":"","series_order":"","_links":{"self":[{"href":"https:\/\/sindaopcpb.org.br\/index.php\/wp-json\/wp\/v2\/posts\/72818","targetHints":{"allow":["GET"]}}],"collection":[{"href":"https:\/\/sindaopcpb.org.br\/index.php\/wp-json\/wp\/v2\/posts"}],"about":[{"href":"https:\/\/sindaopcpb.org.br\/index.php\/wp-json\/wp\/v2\/types\/post"}],"author":[{"embeddable":true,"href":"https:\/\/sindaopcpb.org.br\/index.php\/wp-json\/wp\/v2\/users\/123457"}],"replies":[{"embeddable":true,"href":"https:\/\/sindaopcpb.org.br\/index.php\/wp-json\/wp\/v2\/comments?post=72818"}],"version-history":[{"count":2,"href":"https:\/\/sindaopcpb.org.br\/index.php\/wp-json\/wp\/v2\/posts\/72818\/revisions"}],"predecessor-version":[{"id":72828,"href":"https:\/\/sindaopcpb.org.br\/index.php\/wp-json\/wp\/v2\/posts\/72818\/revisions\/72828"}],"wp:attachment":[{"href":"https:\/\/sindaopcpb.org.br\/index.php\/wp-json\/wp\/v2\/media?parent=72818"}],"wp:term":[{"taxonomy":"category","embeddable":true,"href":"https:\/\/sindaopcpb.org.br\/index.php\/wp-json\/wp\/v2\/categories?post=72818"},{"taxonomy":"post_tag","embeddable":true,"href":"https:\/\/sindaopcpb.org.br\/index.php\/wp-json\/wp\/v2\/tags?post=72818"}],"curies":[{"name":"wp","href":"https:\/\/api.w.org\/{rel}","templated":true}]}}