{"id":72816,"date":"2026-08-31T12:30:03","date_gmt":"2026-08-31T15:30:03","guid":{"rendered":"https:\/\/g1.globo.com\/pb\/paraiba\/noticia\/2026\/08\/31\/homem-e-preso-em-flagrante-suspeito-de-matar-colega-de-trabalho-em-campina-grande.ghtml"},"modified":"2026-08-31T12:30:03","modified_gmt":"2026-08-31T15:30:03","slug":"homem-e-preso-em-flagrante-suspeito-de-matar-colega-de-trabalho-em-campina-grande","status":"publish","type":"post","link":"https:\/\/sindaopcpb.org.br\/index.php\/2026\/08\/31\/homem-e-preso-em-flagrante-suspeito-de-matar-colega-de-trabalho-em-campina-grande\/","title":{"rendered":"Homem \u00e9 preso em flagrante suspeito de matar colega de trabalho em Campina Grande"},"content":{"rendered":"   <img src=\"https:\/\/s2-g1.glbimg.com\/FxP5L8ddF9f46pGFDxbSfI8rFj4=\/i.s3.glbimg.com\/v1\/AUTH_59edd422c0c84a879bd37670ae4f538a\/internal_photos\/bs\/2018\/K\/p\/OKjzFBTvuYueaEurtyMw\/vlcsnap-0295-05-11-10h49m30s003.png\" \/><br \/>     Adolescente foi levado para a Central de Pol\u00edcia Civil, em Campina Grande, ap\u00f3s m\u00e3e o levar \u00e0 PM para confessar ato infracional\nReprodu\u00e7\u00e3o\/TV Para\u00edba\nUm homem foi preso em flagrante suspeito de matar um colega de trabalho, em Campina Grande, Agreste da Para\u00edba. Segundo a Pol\u00edcia Civil, a v\u00edtima, que trabalhava com o suspeito em uma oficina mec\u00e2nica, foi morta na madrugada do \u00faltimo s\u00e1bado (29).\nDe acordo com a Pol\u00edcia Civil, a v\u00edtima foi identificada como Rafael da Silva Lima, de 29 anos. Ele foi encontrado morto \u00e0s margens da PB-138, em Campina Grande. \n\u2705 Clique aqui para seguir o canal do g1 PB no WhatsApp\nAp\u00f3s a an\u00e1lise de c\u00e2meras de circuito de seguran\u00e7a da regi\u00e3o, o ve\u00edculo utilizado na a\u00e7\u00e3o foi localizado. Conforme a investiga\u00e7\u00e3o, o carro usado no crime havia sido deixado pelo propriet\u00e1rio, para  conserto, em uma oficina mec\u00e2nica onde a v\u00edtima e o investigado trabalhavam. O suspeito teria utilizado o ve\u00edculo para conduzir a v\u00edtima at\u00e9 o local do crime.\nAinda de acordo com as investiga\u00e7\u00f5es, o homem investigado teria percebido quebrado e descartado o aparelho celular da v\u00edtima ap\u00f3s perceber que o mesmo estava no carro. O celular foi jogado nas proximidades do Detran, no bairro das Malvinas, segundo o pr\u00f3prio investigado indicou \u00e0 pol\u00edcia.\nV\u00eddeos em alta no g1\nO suspeito foi preso e conduzido Delegacia de Homic\u00eddios e Prote\u00e7\u00e3o \u00e0 Pessoa, no domingo (30). Ele permanece \u00e0 disposi\u00e7\u00e3o da Justi\u00e7a aguardando audi\u00eancia de cust\u00f3dia.\nA Pol\u00edcia Civil segue investigando o caso para esclarecer a motiva\u00e7\u00e3o do crime e outros  prov\u00e1veis envolvidos.\nV\u00eddeos mais assistidos do g1 Para\u00edba  ","protected":false},"excerpt":{"rendered":"<p>        Adolescente foi levado para a Central de Pol\u00edcia Civil, em Campina Grande, ap\u00f3s m\u00e3e o levar \u00e0 PM para confessar ato infracional<br \/>\nReprodu\u00e7\u00e3o\/TV Para\u00edba<br \/>\nUm homem foi preso em flagrante suspeito de matar um colega de trabalho, em Campina Grande, Ag&#8230;<\/p>\n","protected":false},"author":2,"featured_media":0,"comment_status":"closed","ping_status":"closed","sticky":false,"template":"","format":"standard","meta":{"advgb_blocks_editor_width":"","advgb_blocks_columns_visual_guide":"","footnotes":""},"categories":[34],"tags":[35],"class_list":["post-72816","post","type-post","status-publish","format-standard","hentry","category-g1","tag-g1"],"author_meta":{"display_name":"g1 &gt; Para\u00edba","author_link":"https:\/\/sindaopcpb.org.br\/author\/g1-paraiba\/"},"featured_img":null,"coauthors":[],"tax_additional":{"categories":{"linked":["<a href=\"https:\/\/sindaopcpb.org.br\/g1\/\" class=\"advgb-post-tax-term\">G1<\/a>"],"unlinked":["<span class=\"advgb-post-tax-term\">G1<\/span>"]},"tags":{"linked":["<a href=\"https:\/\/sindaopcpb.org.br\/g1\/\" class=\"advgb-post-tax-term\">g1<\/a>"],"unlinked":["<span class=\"advgb-post-tax-term\">g1<\/span>"]}},"comment_count":"0","relative_dates":{"created":"Publicado 5 horas atr\u00e1s","modified":"Atualizado 5 horas atr\u00e1s"},"absolute_dates":{"created":"Publicado em 31 de agosto de 2026","modified":"Atualizado em 31 de agosto de 2026"},"absolute_dates_time":{"created":"Publicado em 31 de agosto de 2026 12:30","modified":"Atualizado em 31 de agosto de 2026 12:30"},"featured_img_caption":"","series_order":"","_links":{"self":[{"href":"https:\/\/sindaopcpb.org.br\/index.php\/wp-json\/wp\/v2\/posts\/72816","targetHints":{"allow":["GET"]}}],"collection":[{"href":"https:\/\/sindaopcpb.org.br\/index.php\/wp-json\/wp\/v2\/posts"}],"about":[{"href":"https:\/\/sindaopcpb.org.br\/index.php\/wp-json\/wp\/v2\/types\/post"}],"author":[{"embeddable":true,"href":"https:\/\/sindaopcpb.org.br\/index.php\/wp-json\/wp\/v2\/users\/2"}],"replies":[{"embeddable":true,"href":"https:\/\/sindaopcpb.org.br\/index.php\/wp-json\/wp\/v2\/comments?post=72816"}],"version-history":[{"count":1,"href":"https:\/\/sindaopcpb.org.br\/index.php\/wp-json\/wp\/v2\/posts\/72816\/revisions"}],"predecessor-version":[{"id":72817,"href":"https:\/\/sindaopcpb.org.br\/index.php\/wp-json\/wp\/v2\/posts\/72816\/revisions\/72817"}],"wp:attachment":[{"href":"https:\/\/sindaopcpb.org.br\/index.php\/wp-json\/wp\/v2\/media?parent=72816"}],"wp:term":[{"taxonomy":"category","embeddable":true,"href":"https:\/\/sindaopcpb.org.br\/index.php\/wp-json\/wp\/v2\/categories?post=72816"},{"taxonomy":"post_tag","embeddable":true,"href":"https:\/\/sindaopcpb.org.br\/index.php\/wp-json\/wp\/v2\/tags?post=72816"}],"curies":[{"name":"wp","href":"https:\/\/api.w.org\/{rel}","templated":true}]}}