{"id":72814,"date":"2026-08-31T12:39:51","date_gmt":"2026-08-31T15:39:51","guid":{"rendered":"https:\/\/g1.globo.com\/pb\/paraiba\/eleicoes\/2026\/noticia\/2026\/08\/31\/eleicoes-2026-veja-todos-os-candidatos-ao-governo-da-paraiba.ghtml"},"modified":"2026-08-31T12:39:51","modified_gmt":"2026-08-31T15:39:51","slug":"eleicoes-2026-veja-todos-os-candidatos-ao-governo-da-paraiba","status":"publish","type":"post","link":"https:\/\/sindaopcpb.org.br\/index.php\/2026\/08\/31\/eleicoes-2026-veja-todos-os-candidatos-ao-governo-da-paraiba\/","title":{"rendered":"Elei\u00e7\u00f5es 2026: veja todos os candidatos ao governo da Para\u00edba"},"content":{"rendered":"    Cargos Governador - PB\nA Para\u00edba (PB) tem 6 candidatos registrados para disputar o governo da Para\u00edba nas elei\u00e7\u00f5es de 2026, segundo dados do Tribunal Superior Eleitoral (TSE).\nO 1\u00ba turno da vota\u00e7\u00e3o ser\u00e1 realizado em 4 de outubro. Caso nenhum candidato alcance a maioria absoluta dos votos v\u00e1lidos, o 2\u00ba turno ocorrer\u00e1 em 25 de outubro.\nA lista abaixo traz os nomes e os n\u00fameros de urna dos candidatos, enviados pelos partidos ao TSE, e tamb\u00e9m a situa\u00e7\u00e3o de cada um: se est\u00e3o concorrendo ou inaptos para concorrer, conforme decis\u00e3o da Justi\u00e7a Eleitoral.\nClique sobre cada nome para ver mais informa\u00e7\u00f5es da candidatura na p\u00e1gina Quem s\u00e3o os candidatos, publicada pelo g1 e atualizada com dados fornecidos pelo TSE.\nCamilo Duarte (PCO) - 29 - Concorrendo - Aguardando julgamento\nC\u00edcero Lucena (MDB) - 15 - Concorrendo - Aguardando julgamento\nEfraim Filho (PL) - 22 - Concorrendo - Deferido\nLucas Ribeiro (PP) - 11 - Concorrendo - Deferido\nPedro Coutinho (DC) - 27 - Concorrendo - Aguardando julgamento\nYuri Ezequiel (UP) - 80 - Concorrendo - Deferido\nElei\u00e7\u00f5es 2026\nO Brasil tem 158,7 milh\u00f5es de eleitores aptos a votar neste ano, segundo dados do TSE. Os votos ser\u00e3o para presidente, governador, senador, deputado federal e deputado estadual (ou distrital, apenas no caso do Distrito Federal). Todos os cargos t\u00eam mandato de quatro anos, exceto o de senador, cujo mandato \u00e9 de oito anos.\nO Senado vai renovar 54 das 81 cadeiras (dois ter\u00e7os do total). E cada eleitor deve votar em dois candidatos diferentes.\nNa lista do TSE, os candidatos s\u00e3o classificados em duas situa\u00e7\u00f5es principais: concorrendo ou inapto.\nConcorrendo:\nDeferido;\nDeferido com recurso;\nCassado com recurso, indeferido com recurso ou pedido n\u00e3o conhecido com recurso;\nAguardando ou pendente de julgamento.\nInapto:\nCancelado, cassado ou indeferido;\nFalecido;\nRen\u00fancia;\nN\u00e3o conhecimento do pedido.\nEm algumas listas, o mesmo candidato aparece mais de uma vez. O TSE informa que manter\u00e1 os nomes duplicados, mas apontar\u00e1 apenas uma das op\u00e7\u00f5es como apta (\"concorrendo\") at\u00e9 o dia da elei\u00e7\u00e3o.\nEsta reportagem foi produzida de modo autom\u00e1tico com dados fornecidos pelo Tribunal Superior Eleitoral (TSE) (clique aqui para saber mais) e pode ser atualizada em caso de mudan\u00e7a na lista de candidatos. A \u00faltima atualiza\u00e7\u00e3o ocorreu \u00e0s 17h de 28 de agosto. Caso voc\u00ea perceba algum erro, por favor nos informe por meio do formul\u00e1rio.\nElei\u00e7\u00f5es Para\u00edba 2026  ","protected":false},"excerpt":{"rendered":"<p>    Cargos Governador &#8211; PB<br \/>\nA Para\u00edba (PB) tem 6 candidatos registrados para disputar o governo da Para\u00edba nas elei\u00e7\u00f5es de 2026, segundo dados do Tribunal Superior Eleitoral (TSE).<br \/>\nO 1\u00ba turno da vota\u00e7\u00e3o ser\u00e1 realizado em 4 de outubro. Caso nenhum candid&#8230;<\/p>\n","protected":false},"author":2,"featured_media":0,"comment_status":"closed","ping_status":"closed","sticky":false,"template":"","format":"standard","meta":{"advgb_blocks_editor_width":"","advgb_blocks_columns_visual_guide":"","footnotes":""},"categories":[34],"tags":[35],"class_list":["post-72814","post","type-post","status-publish","format-standard","hentry","category-g1","tag-g1"],"author_meta":{"display_name":"g1 &gt; Para\u00edba","author_link":"https:\/\/sindaopcpb.org.br\/author\/g1-paraiba\/"},"featured_img":null,"coauthors":[],"tax_additional":{"categories":{"linked":["<a href=\"https:\/\/sindaopcpb.org.br\/g1\/\" class=\"advgb-post-tax-term\">G1<\/a>"],"unlinked":["<span class=\"advgb-post-tax-term\">G1<\/span>"]},"tags":{"linked":["<a href=\"https:\/\/sindaopcpb.org.br\/g1\/\" class=\"advgb-post-tax-term\">g1<\/a>"],"unlinked":["<span class=\"advgb-post-tax-term\">g1<\/span>"]}},"comment_count":"0","relative_dates":{"created":"Publicado 5 horas atr\u00e1s","modified":"Atualizado 5 horas atr\u00e1s"},"absolute_dates":{"created":"Publicado em 31 de agosto de 2026","modified":"Atualizado em 31 de agosto de 2026"},"absolute_dates_time":{"created":"Publicado em 31 de agosto de 2026 12:39","modified":"Atualizado em 31 de agosto de 2026 12:39"},"featured_img_caption":"","series_order":"","_links":{"self":[{"href":"https:\/\/sindaopcpb.org.br\/index.php\/wp-json\/wp\/v2\/posts\/72814","targetHints":{"allow":["GET"]}}],"collection":[{"href":"https:\/\/sindaopcpb.org.br\/index.php\/wp-json\/wp\/v2\/posts"}],"about":[{"href":"https:\/\/sindaopcpb.org.br\/index.php\/wp-json\/wp\/v2\/types\/post"}],"author":[{"embeddable":true,"href":"https:\/\/sindaopcpb.org.br\/index.php\/wp-json\/wp\/v2\/users\/2"}],"replies":[{"embeddable":true,"href":"https:\/\/sindaopcpb.org.br\/index.php\/wp-json\/wp\/v2\/comments?post=72814"}],"version-history":[{"count":1,"href":"https:\/\/sindaopcpb.org.br\/index.php\/wp-json\/wp\/v2\/posts\/72814\/revisions"}],"predecessor-version":[{"id":72815,"href":"https:\/\/sindaopcpb.org.br\/index.php\/wp-json\/wp\/v2\/posts\/72814\/revisions\/72815"}],"wp:attachment":[{"href":"https:\/\/sindaopcpb.org.br\/index.php\/wp-json\/wp\/v2\/media?parent=72814"}],"wp:term":[{"taxonomy":"category","embeddable":true,"href":"https:\/\/sindaopcpb.org.br\/index.php\/wp-json\/wp\/v2\/categories?post=72814"},{"taxonomy":"post_tag","embeddable":true,"href":"https:\/\/sindaopcpb.org.br\/index.php\/wp-json\/wp\/v2\/tags?post=72814"}],"curies":[{"name":"wp","href":"https:\/\/api.w.org\/{rel}","templated":true}]}}