{"id":72802,"date":"2026-08-31T09:44:29","date_gmt":"2026-08-31T12:44:29","guid":{"rendered":"https:\/\/www.pbagora.com.br\/?p=968407"},"modified":"2026-08-31T09:44:29","modified_gmt":"2026-08-31T12:44:29","slug":"casal-morre-apos-carro-cair-em-canal-da-transposicao-do-sao-francisco-na-pb","status":"publish","type":"post","link":"https:\/\/sindaopcpb.org.br\/index.php\/2026\/08\/31\/casal-morre-apos-carro-cair-em-canal-da-transposicao-do-sao-francisco-na-pb\/","title":{"rendered":"Casal morre ap\u00f3s carro cair em canal da Transposi\u00e7\u00e3o do S\u00e3o Francisco, na PB"},"content":{"rendered":"<p><img width=\"644\" height=\"592\" src=\"https:\/\/www.pbagora.com.br\/storage\/2026\/08\/image-168.png\" class=\"attachment-large size-large wp-post-image\" alt=\"\" style=\"margin-bottom: 20px;\" decoding=\"async\" loading=\"lazy\" srcset=\"https:\/\/www.pbagora.com.br\/storage\/2026\/08\/image-168.png 644w, https:\/\/www.pbagora.com.br\/storage\/2026\/08\/image-168-150x138.png 150w, https:\/\/www.pbagora.com.br\/storage\/2026\/08\/image-168-300x276.png 300w, https:\/\/www.pbagora.com.br\/storage\/2026\/08\/image-168-380x349.png 380w, https:\/\/www.pbagora.com.br\/storage\/2026\/08\/image-168-80x74-1.png 80w\" sizes=\"auto, (max-width: 644px) 100vw, 644px\" \/><\/p>\n<p class=\"wp-block-paragraph\">Um homem de 27 anos e uma mulher de 33 anos morreram na noite deste domingo (30) ap\u00f3s o carro em que estavam perder o controle e cair em um canal da Transposi\u00e7\u00e3o do Rio S\u00e3o Francisco, no S\u00edtio Cacimba Velha, zona rural de Triunfo, no Sert\u00e3o da Para\u00edba.<\/p>\n\n\n\n<p class=\"wp-block-paragraph\">As v\u00edtimas foram identificadas como Antonio Robson Macena da Costa, de 27 anos, e Izabelly Bezerra Pinheiro, de 33 anos. Segundo informa\u00e7\u00f5es da Pol\u00edcia Militar, os dois mantinham um relacionamento.<\/p>\n\n\n\n<p class=\"wp-block-paragraph\">De acordo com a PM, equipes policiais foram acionadas e encontraram um Volkswagen Fox, de cor verde, completamente submerso no canal. Antonio e Izabelly estavam dentro do ve\u00edculo e foram retirados da \u00e1gua inconscientes.<\/p>\n\n\n\n<p class=\"wp-block-paragraph\">Os policiais realizaram manobras de reanima\u00e7\u00e3o cardiopulmonar na tentativa de reverter a situa\u00e7\u00e3o, mas as v\u00edtimas n\u00e3o apresentaram retorno dos sinais vitais. Uma equipe do Servi\u00e7o de Atendimento M\u00f3vel de Urg\u00eancia (Samu) esteve no local e confirmou as mortes.<\/p>\n\n\n\n<p class=\"wp-block-paragraph\">A \u00e1rea foi isolada pela Pol\u00edcia Militar, que acionou a Pol\u00edcia Civil, o Instituto de Pol\u00edcia Cient\u00edfica (IPC\/NUMOL) e o Corpo de Bombeiros Militar para a realiza\u00e7\u00e3o dos procedimentos necess\u00e1rios e a remo\u00e7\u00e3o dos corpos.<\/p>\n\n\n\n<p class=\"wp-block-paragraph\">Ainda conforme a PM, uma consulta ao sistema da Secretaria Nacional de Tr\u00e2nsito (Senatran) apontou que o ve\u00edculo estava regular e n\u00e3o possu\u00eda registro de roubo ou furto.<\/p>\n\n\n\n<p class=\"wp-block-paragraph\"><strong><em>PB Agora<\/em><\/strong><\/p>\n","protected":false},"excerpt":{"rendered":"<p><img decoding=\"async\" width=\"644\" height=\"592\" src=\"https:\/\/www.pbagora.com.br\/storage\/2026\/08\/image-168.png\" class=\"attachment-large size-large wp-post-image\" alt=\"\" loading=\"lazy\" srcset=\"https:\/\/www.pbagora.com.br\/storage\/2026\/08\/image-168.png 644w, https:\/\/www.pbagora.com.br\/storage\/2026\/08\/image-168-150x138.png 150w, https:\/\/www.pbagora.com.br\/storage\/2026\/08\/image-168-300x276.png 300w, https:\/\/www.pbagora.com.br\/storage\/2026\/08\/image-168-380x349.png 380w, https:\/\/www.pbagora.com.br\/storage\/2026\/08\/image-168-80x74-1.png 80w\" sizes=\"auto, (max-width: 644px) 100vw, 644px\"><\/p>\n<p>Um homem de 27 anos e uma mulher de 33 anos morreram na noite deste domingo (30) ap\u00f3s\u2026<\/p>\n","protected":false},"author":123457,"featured_media":0,"comment_status":"closed","ping_status":"closed","sticky":false,"template":"","format":"standard","meta":{"advgb_blocks_editor_width":"","advgb_blocks_columns_visual_guide":"","footnotes":""},"categories":[34],"tags":[35,10839,10842],"class_list":["post-72802","post","type-post","status-publish","format-standard","hentry","category-g1","tag-g1","tag-policial","tag-principal3"],"author_meta":{"display_name":"Reda\u00e7\u00e3o","author_link":"https:\/\/sindaopcpb.org.br\/author\/redacao\/"},"featured_img":null,"coauthors":[],"tax_additional":{"categories":{"linked":["<a href=\"https:\/\/sindaopcpb.org.br\/g1\/\" class=\"advgb-post-tax-term\">G1<\/a>"],"unlinked":["<span class=\"advgb-post-tax-term\">G1<\/span>"]},"tags":{"linked":["<a href=\"https:\/\/sindaopcpb.org.br\/g1\/\" class=\"advgb-post-tax-term\">g1<\/a>","<a href=\"https:\/\/sindaopcpb.org.br\/g1\/\" class=\"advgb-post-tax-term\">Policial<\/a>","<a href=\"https:\/\/sindaopcpb.org.br\/g1\/\" class=\"advgb-post-tax-term\">Principal3<\/a>"],"unlinked":["<span class=\"advgb-post-tax-term\">g1<\/span>","<span class=\"advgb-post-tax-term\">Policial<\/span>","<span class=\"advgb-post-tax-term\">Principal3<\/span>"]}},"comment_count":"0","relative_dates":{"created":"Publicado 7 horas atr\u00e1s","modified":"Atualizado 7 horas atr\u00e1s"},"absolute_dates":{"created":"Publicado em 31 de agosto de 2026","modified":"Atualizado em 31 de agosto de 2026"},"absolute_dates_time":{"created":"Publicado em 31 de agosto de 2026 09:44","modified":"Atualizado em 31 de agosto de 2026 09:44"},"featured_img_caption":"","series_order":"","_links":{"self":[{"href":"https:\/\/sindaopcpb.org.br\/index.php\/wp-json\/wp\/v2\/posts\/72802","targetHints":{"allow":["GET"]}}],"collection":[{"href":"https:\/\/sindaopcpb.org.br\/index.php\/wp-json\/wp\/v2\/posts"}],"about":[{"href":"https:\/\/sindaopcpb.org.br\/index.php\/wp-json\/wp\/v2\/types\/post"}],"author":[{"embeddable":true,"href":"https:\/\/sindaopcpb.org.br\/index.php\/wp-json\/wp\/v2\/users\/123457"}],"replies":[{"embeddable":true,"href":"https:\/\/sindaopcpb.org.br\/index.php\/wp-json\/wp\/v2\/comments?post=72802"}],"version-history":[{"count":1,"href":"https:\/\/sindaopcpb.org.br\/index.php\/wp-json\/wp\/v2\/posts\/72802\/revisions"}],"predecessor-version":[{"id":72803,"href":"https:\/\/sindaopcpb.org.br\/index.php\/wp-json\/wp\/v2\/posts\/72802\/revisions\/72803"}],"wp:attachment":[{"href":"https:\/\/sindaopcpb.org.br\/index.php\/wp-json\/wp\/v2\/media?parent=72802"}],"wp:term":[{"taxonomy":"category","embeddable":true,"href":"https:\/\/sindaopcpb.org.br\/index.php\/wp-json\/wp\/v2\/categories?post=72802"},{"taxonomy":"post_tag","embeddable":true,"href":"https:\/\/sindaopcpb.org.br\/index.php\/wp-json\/wp\/v2\/tags?post=72802"}],"curies":[{"name":"wp","href":"https:\/\/api.w.org\/{rel}","templated":true}]}}