{"id":72800,"date":"2026-08-31T09:47:28","date_gmt":"2026-08-31T12:47:28","guid":{"rendered":"https:\/\/www.pbagora.com.br\/?p=968411"},"modified":"2026-08-31T09:47:28","modified_gmt":"2026-08-31T12:47:28","slug":"homem-de-24-anos-e-encontrado-morto-com-varias-marcas-de-tiros-na-zona-sul-de-jp","status":"publish","type":"post","link":"https:\/\/sindaopcpb.org.br\/index.php\/2026\/08\/31\/homem-de-24-anos-e-encontrado-morto-com-varias-marcas-de-tiros-na-zona-sul-de-jp\/","title":{"rendered":"Homem de 24 anos \u00e9 encontrado morto com v\u00e1rias marcas de tiros na Zona Sul de JP"},"content":{"rendered":"<p><img width=\"984\" height=\"458\" src=\"https:\/\/www.pbagora.com.br\/storage\/2025\/12\/image-81.png\" class=\"attachment-large size-large wp-post-image\" alt=\"\" style=\"margin-bottom: 20px;\" decoding=\"async\" loading=\"lazy\" srcset=\"https:\/\/www.pbagora.com.br\/storage\/2025\/12\/image-81.png 984w, https:\/\/www.pbagora.com.br\/storage\/2025\/12\/image-81-300x140.png 300w, https:\/\/www.pbagora.com.br\/storage\/2025\/12\/image-81-150x70.png 150w, https:\/\/www.pbagora.com.br\/storage\/2025\/12\/image-81-768x357.png 768w, https:\/\/www.pbagora.com.br\/storage\/2025\/12\/image-81-380x177.png 380w, https:\/\/www.pbagora.com.br\/storage\/2025\/12\/image-81-800x372.png 800w, https:\/\/www.pbagora.com.br\/storage\/2025\/12\/image-81-80x37.png 80w, https:\/\/www.pbagora.com.br\/storage\/2025\/12\/image-81-760x354.png 760w, https:\/\/www.pbagora.com.br\/storage\/2025\/12\/image-81-600x279.png 600w\" sizes=\"auto, (max-width: 984px) 100vw, 984px\" \/><\/p>\n<p class=\"wp-block-paragraph\">Um homem de 24 anos, identificado como Jos\u00e9 Diego, foi encontrado morto com v\u00e1rias marcas de tiros na manh\u00e3 desta segunda-feira (31), no bairro Colinas do Sul, na Zona Sul de Jo\u00e3o Pessoa.<\/p>\n\n\n\n<p class=\"wp-block-paragraph\">Segundo informa\u00e7\u00f5es da Pol\u00edcia Civil, a v\u00edtima estava em casa, no bairro de Paratibe, quando homens chegaram ao local e o chamaram. Jos\u00e9 Diego desceu do apartamento para conversar com o grupo, mas n\u00e3o retornou para a resid\u00eancia.<\/p>\n\n\n\n<p class=\"wp-block-paragraph\">Durante a madrugada, familiares foram informados de que disparos de arma de fogo haviam sido ouvidos em uma comunidade pr\u00f3xima \u00e0 regi\u00e3o. Eles chegaram a procurar pelo homem, mas n\u00e3o conseguiram encontr\u00e1-lo naquele momento.<\/p>\n\n\n\n<p class=\"wp-block-paragraph\">Por volta das 5h desta segunda-feira, os familiares retomaram as buscas e localizaram o corpo de Jos\u00e9 Diego no Colinas do Sul.<\/p>\n\n\n\n<p class=\"wp-block-paragraph\">De acordo com a Pol\u00edcia Civil, o homem apresentava diversas marcas de tiros provocadas por armas de diferentes calibres. A maioria dos disparos estava concentrada na regi\u00e3o da cabe\u00e7a.<\/p>\n\n\n\n<p class=\"wp-block-paragraph\">Ainda conforme as informa\u00e7\u00f5es policiais, Jos\u00e9 Diego possu\u00eda antecedentes por porte ilegal de arma de fogo e recepta\u00e7\u00e3o.<\/p>\n\n\n\n<p class=\"wp-block-paragraph\">A Delegacia de Homic\u00eddios da Capital ficar\u00e1 respons\u00e1vel pela investiga\u00e7\u00e3o do caso. Os policiais buscam identificar os autores do crime, al\u00e9m de esclarecer as circunst\u00e2ncias e a motiva\u00e7\u00e3o do homic\u00eddio.<\/p>\n\n\n\n<p class=\"wp-block-paragraph\"><strong><em>PB Agora<\/em><\/strong><\/p>\n","protected":false},"excerpt":{"rendered":"<p><img loading=\"lazy\" decoding=\"async\" width=\"984\" height=\"458\" src=\"https:\/\/www.pbagora.com.br\/storage\/2025\/12\/image-81.png\" class=\"attachment-large size-large wp-post-image\" alt=\"\" srcset=\"https:\/\/www.pbagora.com.br\/storage\/2025\/12\/image-81.png 984w, https:\/\/www.pbagora.com.br\/storage\/2025\/12\/image-81-300x140.png 300w, https:\/\/www.pbagora.com.br\/storage\/2025\/12\/image-81-150x70.png 150w, https:\/\/www.pbagora.com.br\/storage\/2025\/12\/image-81-768x357.png 768w, https:\/\/www.pbagora.com.br\/storage\/2025\/12\/image-81-380x177.png 380w, https:\/\/www.pbagora.com.br\/storage\/2025\/12\/image-81-800x372.png 800w, https:\/\/www.pbagora.com.br\/storage\/2025\/12\/image-81-80x37.png 80w, https:\/\/www.pbagora.com.br\/storage\/2025\/12\/image-81-760x354.png 760w, https:\/\/www.pbagora.com.br\/storage\/2025\/12\/image-81-600x279.png 600w\" sizes=\"auto, (max-width: 984px) 100vw, 984px\"><\/p>\n<p>Um homem de 24 anos, identificado como Jos\u00e9 Diego, foi encontrado morto com v\u00e1rias marcas de tiros na\u2026<\/p>\n","protected":false},"author":123457,"featured_media":0,"comment_status":"closed","ping_status":"closed","sticky":false,"template":"","format":"standard","meta":{"advgb_blocks_editor_width":"","advgb_blocks_columns_visual_guide":"","footnotes":""},"categories":[34],"tags":[10840,35,10839],"class_list":["post-72800","post","type-post","status-publish","format-standard","hentry","category-g1","tag-destaque-centro-03","tag-g1","tag-policial"],"author_meta":{"display_name":"Reda\u00e7\u00e3o","author_link":"https:\/\/sindaopcpb.org.br\/author\/redacao\/"},"featured_img":null,"coauthors":[],"tax_additional":{"categories":{"linked":["<a href=\"https:\/\/sindaopcpb.org.br\/g1\/\" class=\"advgb-post-tax-term\">G1<\/a>"],"unlinked":["<span class=\"advgb-post-tax-term\">G1<\/span>"]},"tags":{"linked":["<a href=\"https:\/\/sindaopcpb.org.br\/g1\/\" class=\"advgb-post-tax-term\">Destaque Centro 03<\/a>","<a href=\"https:\/\/sindaopcpb.org.br\/g1\/\" class=\"advgb-post-tax-term\">g1<\/a>","<a href=\"https:\/\/sindaopcpb.org.br\/g1\/\" class=\"advgb-post-tax-term\">Policial<\/a>"],"unlinked":["<span class=\"advgb-post-tax-term\">Destaque Centro 03<\/span>","<span class=\"advgb-post-tax-term\">g1<\/span>","<span class=\"advgb-post-tax-term\">Policial<\/span>"]}},"comment_count":"0","relative_dates":{"created":"Publicado 7 horas atr\u00e1s","modified":"Atualizado 7 horas atr\u00e1s"},"absolute_dates":{"created":"Publicado em 31 de agosto de 2026","modified":"Atualizado em 31 de agosto de 2026"},"absolute_dates_time":{"created":"Publicado em 31 de agosto de 2026 09:47","modified":"Atualizado em 31 de agosto de 2026 09:47"},"featured_img_caption":"","series_order":"","_links":{"self":[{"href":"https:\/\/sindaopcpb.org.br\/index.php\/wp-json\/wp\/v2\/posts\/72800","targetHints":{"allow":["GET"]}}],"collection":[{"href":"https:\/\/sindaopcpb.org.br\/index.php\/wp-json\/wp\/v2\/posts"}],"about":[{"href":"https:\/\/sindaopcpb.org.br\/index.php\/wp-json\/wp\/v2\/types\/post"}],"author":[{"embeddable":true,"href":"https:\/\/sindaopcpb.org.br\/index.php\/wp-json\/wp\/v2\/users\/123457"}],"replies":[{"embeddable":true,"href":"https:\/\/sindaopcpb.org.br\/index.php\/wp-json\/wp\/v2\/comments?post=72800"}],"version-history":[{"count":1,"href":"https:\/\/sindaopcpb.org.br\/index.php\/wp-json\/wp\/v2\/posts\/72800\/revisions"}],"predecessor-version":[{"id":72801,"href":"https:\/\/sindaopcpb.org.br\/index.php\/wp-json\/wp\/v2\/posts\/72800\/revisions\/72801"}],"wp:attachment":[{"href":"https:\/\/sindaopcpb.org.br\/index.php\/wp-json\/wp\/v2\/media?parent=72800"}],"wp:term":[{"taxonomy":"category","embeddable":true,"href":"https:\/\/sindaopcpb.org.br\/index.php\/wp-json\/wp\/v2\/categories?post=72800"},{"taxonomy":"post_tag","embeddable":true,"href":"https:\/\/sindaopcpb.org.br\/index.php\/wp-json\/wp\/v2\/tags?post=72800"}],"curies":[{"name":"wp","href":"https:\/\/api.w.org\/{rel}","templated":true}]}}