{"id":72798,"date":"2026-08-31T10:05:35","date_gmt":"2026-08-31T13:05:35","guid":{"rendered":"https:\/\/www.pbagora.com.br\/?p=968419"},"modified":"2026-08-31T10:05:35","modified_gmt":"2026-08-31T13:05:35","slug":"policia-militar-prende-dois-suspeitos-de-assaltos-na-regiao-da-orla-de-joao-pessoa","status":"publish","type":"post","link":"https:\/\/sindaopcpb.org.br\/index.php\/2026\/08\/31\/policia-militar-prende-dois-suspeitos-de-assaltos-na-regiao-da-orla-de-joao-pessoa\/","title":{"rendered":"Pol\u00edcia Militar prende dois suspeitos de assaltos na regi\u00e3o da Orla de Jo\u00e3o Pessoa"},"content":{"rendered":"<p><img width=\"984\" height=\"656\" src=\"https:\/\/www.pbagora.com.br\/storage\/2026\/08\/image-166.png\" class=\"attachment-large size-large wp-post-image\" alt=\"\" style=\"margin-bottom: 20px;\" decoding=\"async\" srcset=\"https:\/\/www.pbagora.com.br\/storage\/2026\/08\/image-166.png 984w, https:\/\/www.pbagora.com.br\/storage\/2026\/08\/image-166-150x100.png 150w, https:\/\/www.pbagora.com.br\/storage\/2026\/08\/image-166-300x200.png 300w, https:\/\/www.pbagora.com.br\/storage\/2026\/08\/image-166-768x512.png 768w, https:\/\/www.pbagora.com.br\/storage\/2026\/08\/image-166-380x253.png 380w, https:\/\/www.pbagora.com.br\/storage\/2026\/08\/image-166-80x53-1.png 80w, https:\/\/www.pbagora.com.br\/storage\/2026\/08\/image-166-800x533.png 800w\" sizes=\"(max-width: 984px) 100vw, 984px\" \/><\/p>\n<p class=\"wp-block-paragraph\">Uma opera\u00e7\u00e3o da Pol\u00edcia Militar terminou com a pris\u00e3o de dois homens suspeitos de envolvimento em uma s\u00e9rie de assaltos praticados em bairros da regi\u00e3o da Orla de Jo\u00e3o Pessoa. As pris\u00f5es aconteceram no in\u00edcio da manh\u00e3 desta segunda-feira (31), no bairro do Bessa.<\/p>\n\n\n\n<p class=\"wp-block-paragraph\">Segundo as informa\u00e7\u00f5es, os suspeitos foram avistados durante uma opera\u00e7\u00e3o realizada na regi\u00e3o. Ao perceberem a aproxima\u00e7\u00e3o dos policiais, os homens tentaram fugir utilizando uma motocicleta, mas foram alcan\u00e7ados ap\u00f3s a PM realizar um cerco.<\/p>\n\n\n\n<p class=\"wp-block-paragraph\">\u201cS\u00e3o 12 [suspeitos presos ou apreendidos] nas \u00faltimas tr\u00eas semanas. Eles trabalham em obras, ent\u00e3o usam os fardamentos para cometer as a\u00e7\u00f5es delituosas e trocam de roupa. Est\u00e1vamos em uma opera\u00e7\u00e3o, visualizamos os elementos, que tentaram evadir, mas foi feito cerco e conseguimos abordar\u201d, explicou o capit\u00e3o Urquiza em entrevista \u00e0 TV Correio.<\/p>\n\n\n\n<p class=\"wp-block-paragraph\">Os dois homens detidos foram encaminhados para a Cidade da Pol\u00edcia Civil, onde devem ser apresentados \u00e0s autoridades e submetidos aos procedimentos legais.<\/p>\n\n\n\n<p class=\"wp-block-paragraph\"><strong><em>PB Agora<\/em><\/strong><\/p>\n","protected":false},"excerpt":{"rendered":"<p><img loading=\"lazy\" decoding=\"async\" width=\"984\" height=\"656\" src=\"https:\/\/www.pbagora.com.br\/storage\/2026\/08\/image-166.png\" class=\"attachment-large size-large wp-post-image\" alt=\"\" srcset=\"https:\/\/www.pbagora.com.br\/storage\/2026\/08\/image-166.png 984w, https:\/\/www.pbagora.com.br\/storage\/2026\/08\/image-166-150x100.png 150w, https:\/\/www.pbagora.com.br\/storage\/2026\/08\/image-166-300x200.png 300w, https:\/\/www.pbagora.com.br\/storage\/2026\/08\/image-166-768x512.png 768w, https:\/\/www.pbagora.com.br\/storage\/2026\/08\/image-166-380x253.png 380w, https:\/\/www.pbagora.com.br\/storage\/2026\/08\/image-166-80x53-1.png 80w, https:\/\/www.pbagora.com.br\/storage\/2026\/08\/image-166-800x533.png 800w\" sizes=\"auto, (max-width: 984px) 100vw, 984px\"><\/p>\n<p>Uma opera\u00e7\u00e3o da Pol\u00edcia Militar terminou com a pris\u00e3o de dois homens suspeitos de envolvimento em uma s\u00e9rie\u2026<\/p>\n","protected":false},"author":123457,"featured_media":0,"comment_status":"closed","ping_status":"closed","sticky":false,"template":"","format":"standard","meta":{"advgb_blocks_editor_width":"","advgb_blocks_columns_visual_guide":"","footnotes":""},"categories":[34],"tags":[10845,35,10839],"class_list":["post-72798","post","type-post","status-publish","format-standard","hentry","category-g1","tag-destaque-centro-01","tag-g1","tag-policial"],"author_meta":{"display_name":"Reda\u00e7\u00e3o","author_link":"https:\/\/sindaopcpb.org.br\/author\/redacao\/"},"featured_img":null,"coauthors":[],"tax_additional":{"categories":{"linked":["<a href=\"https:\/\/sindaopcpb.org.br\/g1\/\" class=\"advgb-post-tax-term\">G1<\/a>"],"unlinked":["<span class=\"advgb-post-tax-term\">G1<\/span>"]},"tags":{"linked":["<a href=\"https:\/\/sindaopcpb.org.br\/g1\/\" class=\"advgb-post-tax-term\">Destaque Centro 01<\/a>","<a href=\"https:\/\/sindaopcpb.org.br\/g1\/\" class=\"advgb-post-tax-term\">g1<\/a>","<a href=\"https:\/\/sindaopcpb.org.br\/g1\/\" class=\"advgb-post-tax-term\">Policial<\/a>"],"unlinked":["<span class=\"advgb-post-tax-term\">Destaque Centro 01<\/span>","<span class=\"advgb-post-tax-term\">g1<\/span>","<span class=\"advgb-post-tax-term\">Policial<\/span>"]}},"comment_count":"0","relative_dates":{"created":"Publicado 6 horas atr\u00e1s","modified":"Atualizado 6 horas atr\u00e1s"},"absolute_dates":{"created":"Publicado em 31 de agosto de 2026","modified":"Atualizado em 31 de agosto de 2026"},"absolute_dates_time":{"created":"Publicado em 31 de agosto de 2026 10:05","modified":"Atualizado em 31 de agosto de 2026 10:05"},"featured_img_caption":"","series_order":"","_links":{"self":[{"href":"https:\/\/sindaopcpb.org.br\/index.php\/wp-json\/wp\/v2\/posts\/72798","targetHints":{"allow":["GET"]}}],"collection":[{"href":"https:\/\/sindaopcpb.org.br\/index.php\/wp-json\/wp\/v2\/posts"}],"about":[{"href":"https:\/\/sindaopcpb.org.br\/index.php\/wp-json\/wp\/v2\/types\/post"}],"author":[{"embeddable":true,"href":"https:\/\/sindaopcpb.org.br\/index.php\/wp-json\/wp\/v2\/users\/123457"}],"replies":[{"embeddable":true,"href":"https:\/\/sindaopcpb.org.br\/index.php\/wp-json\/wp\/v2\/comments?post=72798"}],"version-history":[{"count":1,"href":"https:\/\/sindaopcpb.org.br\/index.php\/wp-json\/wp\/v2\/posts\/72798\/revisions"}],"predecessor-version":[{"id":72799,"href":"https:\/\/sindaopcpb.org.br\/index.php\/wp-json\/wp\/v2\/posts\/72798\/revisions\/72799"}],"wp:attachment":[{"href":"https:\/\/sindaopcpb.org.br\/index.php\/wp-json\/wp\/v2\/media?parent=72798"}],"wp:term":[{"taxonomy":"category","embeddable":true,"href":"https:\/\/sindaopcpb.org.br\/index.php\/wp-json\/wp\/v2\/categories?post=72798"},{"taxonomy":"post_tag","embeddable":true,"href":"https:\/\/sindaopcpb.org.br\/index.php\/wp-json\/wp\/v2\/tags?post=72798"}],"curies":[{"name":"wp","href":"https:\/\/api.w.org\/{rel}","templated":true}]}}