{"id":72790,"date":"2026-08-31T09:03:21","date_gmt":"2026-08-31T12:03:21","guid":{"rendered":"https:\/\/g1.globo.com\/pb\/paraiba\/eleicoes\/2026\/noticia\/2026\/08\/31\/veneziano-candidato-senado-paraiba-mudanca-escala-6x1-transparencia-emendas-impositivas.ghtml"},"modified":"2026-08-31T09:03:21","modified_gmt":"2026-08-31T12:03:21","slug":"veneziano-candidato-ao-senado-pela-paraiba-defende-mudanca-da-escala-6x1-e-fala-em-transparencia-de-emendas-impositivas","status":"publish","type":"post","link":"https:\/\/sindaopcpb.org.br\/index.php\/2026\/08\/31\/veneziano-candidato-ao-senado-pela-paraiba-defende-mudanca-da-escala-6x1-e-fala-em-transparencia-de-emendas-impositivas\/","title":{"rendered":"Veneziano, candidato ao Senado pela Para\u00edba, defende mudan\u00e7a da escala 6&#215;1 e fala em transpar\u00eancia de emendas impositivas"},"content":{"rendered":"   <img src=\"https:\/\/s2-g1.glbimg.com\/OIsNTr0JXuiPK9t6fBDtNZJY4-Q=\/i.s3.glbimg.com\/v1\/AUTH_59edd422c0c84a879bd37670ae4f538a\/internal_photos\/bs\/2026\/2\/R\/OdFWopQsOBYrflUiK2qg\/venziano-foto-no-bdpb.png\" \/><br \/>     Veneziano, candidato ao Senado pela Para\u00edba, defende mudan\u00e7a da escala 6x1 e fala em transpar\u00eancia de emendas impositivas\nTV Cabo Branco\nO candidato ao Senado Federal pela Para\u00edba, Veneziano Vital (MDB), falou em sabatina para o proprama Bom Dia Para\u00edba, da TV Cabo Branco, nesta segunda-feira (31), que defende a mudan\u00e7a da escala 6x1 e tamb\u00e9m explicou que emendas impositivas devem acontecer de forma transpartente e rastre\u00e1vel. \nAs sabatinas com os candidatos ao Senado v\u00e3o ser realizadas at\u00e9 o dia 8 de setembro, a partir das 8h. No dia 7 de setembro, feriado nacional, n\u00e3o haver\u00e1 entrevista. Veja abaixo o calend\u00e1rio de entrevistados. \nSobre defender a readequa\u00e7\u00e3o da escala 6x1 para a 5x2, Veneziano Vital disse que essa medida n\u00e3o seria in\u00e9dita e que o Brasil estaria tra\u00e7ando um caminho parecido com outras na\u00e7\u00f5es que j\u00e1 adotaram o mesmo modelo. Ele tamb\u00e9m disse que j\u00e1 h\u00e1 algum tempo esse \u00e9 um tema para ele.\n\"Eu estou indo a Bras\u00edlia amanh\u00e3, quarta-feira (1\u00ba), na condi\u00e7\u00e3o de integrante da Comiss\u00e3o de Constitui\u00e7\u00e3o e Justi\u00e7a (CCJ), eu j\u00e1 me posicionarei em voz e em voto. A favor da mudan\u00e7a das 6x1 pela 5x2. Isso \u00e9 um posicionamento que o adoto n\u00e3o \u00e9 de hoje, at\u00e9 porque este tema vem de h\u00e1 muitos anos. N\u00e3o \u00e9 o ineditismo que o Brasil estar\u00e1 praticando. Outras na\u00e7\u00f5es j\u00e1 o fizeram. E penso que \u00e9 uma oportunidade de n\u00f3s fazermos justi\u00e7a para com a classe trabalhadora, garantindo sa\u00fade, sa\u00fade mental em especial\", disse. \nO candidato \u00e0 reelei\u00e7\u00e3o ao Senado tamb\u00e9m falou que n\u00e3o enxerga que a mudan\u00e7a na estrutura da escala de trabalho efete pequenos empreendedores, pois, segundo ele, h\u00e1 um chamado per\u00edodo de \"acomoda\u00e7\u00e3o\". \n\"Muitas das vezes havia interroga\u00e7\u00f5es, ser\u00e1 que vai dar certo? Ser\u00e1 que n\u00e3o vai haver preju\u00edzos? E depois houve a devida acomoda\u00e7\u00e3o. Ent\u00e3o eu n\u00e3o creio. Creio, sim, que o cidad\u00e3o que est\u00e1 como um trabalhador com direito a um dia de acesso \u00e0 sua fam\u00edlia muito mais tranquilo, readquirindo a sa\u00fade mental, ele ter\u00e1 uma capacidade produtiva muito maior do que nos dias atuais. \u00c9 por essa e outras raz\u00f5es que eu sou defensor da escala 5x2\", explicou. \nTranspar\u00eancia de emendas impositivas\nOutro tema abordado na sabatina com Veneziano foi a transpar\u00eancia de emendas impositivas de parlamentares. Ele argumentou n\u00e3o ser contra esse mecanismo e refor\u00e7ou que deve acontecer de forma transparente. \n\"Quando elas se d\u00e3o da forma reta, ou seja, da maneira transparente, onde quem pediu \u00e9 identificado, quem fez a indica\u00e7\u00e3o, no caso do congressista, \u00e9 identificado e tamb\u00e9m o objeto para o qual esses recursos foram pretendidos s\u00e3o identificados \u00e9 um processo de completa transpar\u00eancia, a lisura nesse procedimento\", afirmou. \nVeneziano falou ainda sobre poss\u00edveis crit\u00e9rios complementares a serem adotados para o envio de emendas impositivas. Ele disse que \"crit\u00e9rios a mais\" podem ser adotados, citando como exemplo a densidade populacional de \u00e1reas. \n\u201cVoc\u00ea fala sobre uma outra quest\u00e3o que pode, n\u00e3o h\u00e1 raz\u00f5es para que desconhe\u00e7amos, uma forma mais equ\u00e2nime, mais equilibrada em rela\u00e7\u00e3o \u00e0 densidade populacional, em rela\u00e7\u00e3o \u00e0s quest\u00f5es que s\u00e3o apresentadas em termos de maiores necessidades. Eu acho que \u00e9 poss\u00edvel tamb\u00e9m tratar como um crit\u00e9rio a mais\", disse. \nAgora no g1\nCalend\u00e1rio de sabatinas\nAs entrevistas s\u00e3o  exibidas no Bom Dia Para\u00edba e ter\u00e3o dura\u00e7\u00e3o de 15 minutos. Elas ser\u00e3o conduzidas pelo colunista de pol\u00edtica da Rede Para\u00edba, Jo\u00e3o Paulo Medeiros.\nA ordem definida por sorteio ficou assim:\n31 de agosto \u2013 Veneziano Vital (MDB);\n1 de setembro \u2013 Nabor Wanderley (Republicanos);\n2 de setembro \u2013 Andr\u00e9 Gadelha (MDB);\n3 de setembro \u2013 Jo\u00e3o Azev\u00eado (PSB);\n4 de setembro \u2013 Major F\u00e1bio (Novo);\n8 de setembro \u2013 Marcelo Queiroga (PL).\nV\u00eddeos mais assistidos do g1 Para\u00edba  ","protected":false},"excerpt":{"rendered":"<p>        Veneziano, candidato ao Senado pela Para\u00edba, defende mudan\u00e7a da escala 6&#215;1 e fala em transpar\u00eancia de emendas impositivas<br \/>\nTV Cabo Branco<br \/>\nO candidato ao Senado Federal pela Para\u00edba, Veneziano Vital (MDB), falou em sabatina para o proprama Bom Di&#8230;<\/p>\n","protected":false},"author":2,"featured_media":0,"comment_status":"closed","ping_status":"closed","sticky":false,"template":"","format":"standard","meta":{"advgb_blocks_editor_width":"","advgb_blocks_columns_visual_guide":"","footnotes":""},"categories":[34],"tags":[35],"class_list":["post-72790","post","type-post","status-publish","format-standard","hentry","category-g1","tag-g1"],"author_meta":{"display_name":"g1 &gt; Para\u00edba","author_link":"https:\/\/sindaopcpb.org.br\/author\/g1-paraiba\/"},"featured_img":null,"coauthors":[],"tax_additional":{"categories":{"linked":["<a href=\"https:\/\/sindaopcpb.org.br\/g1\/\" class=\"advgb-post-tax-term\">G1<\/a>"],"unlinked":["<span class=\"advgb-post-tax-term\">G1<\/span>"]},"tags":{"linked":["<a href=\"https:\/\/sindaopcpb.org.br\/g1\/\" class=\"advgb-post-tax-term\">g1<\/a>"],"unlinked":["<span class=\"advgb-post-tax-term\">g1<\/span>"]}},"comment_count":"0","relative_dates":{"created":"Publicado 5 horas atr\u00e1s","modified":"Atualizado 5 horas atr\u00e1s"},"absolute_dates":{"created":"Publicado em 31 de agosto de 2026","modified":"Atualizado em 31 de agosto de 2026"},"absolute_dates_time":{"created":"Publicado em 31 de agosto de 2026 09:03","modified":"Atualizado em 31 de agosto de 2026 09:03"},"featured_img_caption":"","series_order":"","_links":{"self":[{"href":"https:\/\/sindaopcpb.org.br\/index.php\/wp-json\/wp\/v2\/posts\/72790","targetHints":{"allow":["GET"]}}],"collection":[{"href":"https:\/\/sindaopcpb.org.br\/index.php\/wp-json\/wp\/v2\/posts"}],"about":[{"href":"https:\/\/sindaopcpb.org.br\/index.php\/wp-json\/wp\/v2\/types\/post"}],"author":[{"embeddable":true,"href":"https:\/\/sindaopcpb.org.br\/index.php\/wp-json\/wp\/v2\/users\/2"}],"replies":[{"embeddable":true,"href":"https:\/\/sindaopcpb.org.br\/index.php\/wp-json\/wp\/v2\/comments?post=72790"}],"version-history":[{"count":3,"href":"https:\/\/sindaopcpb.org.br\/index.php\/wp-json\/wp\/v2\/posts\/72790\/revisions"}],"predecessor-version":[{"id":72795,"href":"https:\/\/sindaopcpb.org.br\/index.php\/wp-json\/wp\/v2\/posts\/72790\/revisions\/72795"}],"wp:attachment":[{"href":"https:\/\/sindaopcpb.org.br\/index.php\/wp-json\/wp\/v2\/media?parent=72790"}],"wp:term":[{"taxonomy":"category","embeddable":true,"href":"https:\/\/sindaopcpb.org.br\/index.php\/wp-json\/wp\/v2\/categories?post=72790"},{"taxonomy":"post_tag","embeddable":true,"href":"https:\/\/sindaopcpb.org.br\/index.php\/wp-json\/wp\/v2\/tags?post=72790"}],"curies":[{"name":"wp","href":"https:\/\/api.w.org\/{rel}","templated":true}]}}