{"id":72783,"date":"2026-08-31T07:05:39","date_gmt":"2026-08-31T10:05:39","guid":{"rendered":"https:\/\/g1.globo.com\/pb\/paraiba\/noticia\/2026\/08\/31\/jovem-morre-e-dois-irmaos-ficam-feridos-apos-carro-colidir-com-carreta-parada-em-acostamento-em-joao-pessoa.ghtml"},"modified":"2026-08-31T07:05:39","modified_gmt":"2026-08-31T10:05:39","slug":"jovem-morre-e-dois-irmaos-ficam-feridos-apos-carro-colidir-com-carreta-parada-em-acostamento-em-joao-pessoa","status":"publish","type":"post","link":"https:\/\/sindaopcpb.org.br\/index.php\/2026\/08\/31\/jovem-morre-e-dois-irmaos-ficam-feridos-apos-carro-colidir-com-carreta-parada-em-acostamento-em-joao-pessoa\/","title":{"rendered":"Jovem morre e dois irm\u00e3os ficam feridos ap\u00f3s carro colidir com carreta parada em acostamento, em Jo\u00e3o Pessoa"},"content":{"rendered":"   <img src=\"https:\/\/s2-g1.glbimg.com\/FRX93c--ZRbKKz01aP1QpnN4e1c=\/i.s3.glbimg.com\/v1\/AUTH_59edd422c0c84a879bd37670ae4f538a\/internal_photos\/bs\/2026\/P\/d\/4OTHreSXmF05OxnlLMmQ\/acidentebr101.jpg\" \/><br \/>     Jovem morre e dois irm\u00e3os ficam feridos em acidente na BR-101 em Jo\u00e3o Pessoa\nReprodu\u00e7\u00e3o \/ TV Cabo Branco\nUma jovem, identificada apenas como J\u00e9ssica, de 18 anos morreu e os dois irm\u00e3os dela ficaram feridos em um acidente na BR-101, em Jo\u00e3o Pessoa, na noite do domingo (30). Segundo a Pol\u00edcia Rodovi\u00e1ria Federal (PRF), os tr\u00eas irm\u00e3os estavam em um carro que seguia no sentido Bayeux-Jo\u00e3o Pessoa quando o motorista perdeu o controle do ve\u00edculo e bateu em uma carreta que estava parada no acostamento.\n\u2705 Clique aqui para seguir o canal do g1 PB no WhatsApp\nDe acordo com os primeiros levantamentos da PRF, o motorista, de 22 anos, pode ter perdido o controle do carro ap\u00f3s uma aquaplanagem provocada pelas fortes chuvas. O ve\u00edculo bateu na lateral da carreta.\nAgora no g1\nO impacto atingiu o lado direito do carro, onde estava J\u00e9ssica, no banco dianteiro. Ela morreu no local.\n\u201cA gente acredita que em fun\u00e7\u00e3o das fortes chuvas, talvez em uma aquaplanagem o motorista perdeu o controle do ve\u00edculo e veio a colidir. Todo o impacto foi do lado direito do ve\u00edculo, onde se encontrava a passageira do banco dianteiro, que infelizmente morreu na hora\u201d, explicou o inspetor Farias Lima, da PRF.\nSegundo o Corpo de Bombeiros, o motorista do carro teve traumatismo cranioencef\u00e1lico e foi socorrido pelo Servi\u00e7o de Atendimento M\u00f3vel de Urg\u00eancia (Samu) para o Hospital de Emerg\u00eancia e Trauma de Jo\u00e3o Pessoa, em estado grave.\nA irm\u00e3 mais nova, de 16 anos, estava no banco traseiro. Ela teve uma fratura no bra\u00e7o e tamb\u00e9m foi levada para o Hospital de Trauma de Jo\u00e3o Pessoa.\nO Corpo de Bombeiros informou que a colis\u00e3o fez com que parte do teto do carro fosse deslocada. A major Nadja, do Corpo de Bombeiros, explicou que os tr\u00eas ocupantes eram da mesma fam\u00edlia.\n\u201cO carro, ao colidir, teve parte do teto quase que totalmente deslocado, de forma que as v\u00edtimas estavam em estado grave. Todos da mesma fam\u00edlia\u201d, afirmou a major Nadja.\nA PRF e a Pol\u00edcia Civil investigam as circunst\u00e2ncias do acidente na BR-101 em Jo\u00e3o Pessoa. Entre os pontos apurados est\u00e1 a forma como a carreta estava parada no acostamento e se o ve\u00edculo estava estacionado de maneira regular.\nV\u00eddeos mais assistidos do g1 Para\u00edba  ","protected":false},"excerpt":{"rendered":"<p>        Jovem morre e dois irm\u00e3os ficam feridos em acidente na BR-101 em Jo\u00e3o Pessoa<br \/>\nReprodu\u00e7\u00e3o \/ TV Cabo Branco<br \/>\nUma jovem, identificada apenas como J\u00e9ssica, de 18 anos morreu e os dois irm\u00e3os dela ficaram feridos em um acidente na BR-101, em Jo\u00e3o Pess&#8230;<\/p>\n","protected":false},"author":2,"featured_media":0,"comment_status":"closed","ping_status":"closed","sticky":false,"template":"","format":"standard","meta":{"advgb_blocks_editor_width":"","advgb_blocks_columns_visual_guide":"","footnotes":""},"categories":[34],"tags":[35],"class_list":["post-72783","post","type-post","status-publish","format-standard","hentry","category-g1","tag-g1"],"author_meta":{"display_name":"g1 &gt; Para\u00edba","author_link":"https:\/\/sindaopcpb.org.br\/author\/g1-paraiba\/"},"featured_img":null,"coauthors":[],"tax_additional":{"categories":{"linked":["<a href=\"https:\/\/sindaopcpb.org.br\/g1\/\" class=\"advgb-post-tax-term\">G1<\/a>"],"unlinked":["<span class=\"advgb-post-tax-term\">G1<\/span>"]},"tags":{"linked":["<a href=\"https:\/\/sindaopcpb.org.br\/g1\/\" class=\"advgb-post-tax-term\">g1<\/a>"],"unlinked":["<span class=\"advgb-post-tax-term\">g1<\/span>"]}},"comment_count":"0","relative_dates":{"created":"Publicado 6 horas atr\u00e1s","modified":"Atualizado 6 horas atr\u00e1s"},"absolute_dates":{"created":"Publicado em 31 de agosto de 2026","modified":"Atualizado em 31 de agosto de 2026"},"absolute_dates_time":{"created":"Publicado em 31 de agosto de 2026 07:05","modified":"Atualizado em 31 de agosto de 2026 07:05"},"featured_img_caption":"","series_order":"","_links":{"self":[{"href":"https:\/\/sindaopcpb.org.br\/index.php\/wp-json\/wp\/v2\/posts\/72783","targetHints":{"allow":["GET"]}}],"collection":[{"href":"https:\/\/sindaopcpb.org.br\/index.php\/wp-json\/wp\/v2\/posts"}],"about":[{"href":"https:\/\/sindaopcpb.org.br\/index.php\/wp-json\/wp\/v2\/types\/post"}],"author":[{"embeddable":true,"href":"https:\/\/sindaopcpb.org.br\/index.php\/wp-json\/wp\/v2\/users\/2"}],"replies":[{"embeddable":true,"href":"https:\/\/sindaopcpb.org.br\/index.php\/wp-json\/wp\/v2\/comments?post=72783"}],"version-history":[{"count":1,"href":"https:\/\/sindaopcpb.org.br\/index.php\/wp-json\/wp\/v2\/posts\/72783\/revisions"}],"predecessor-version":[{"id":72784,"href":"https:\/\/sindaopcpb.org.br\/index.php\/wp-json\/wp\/v2\/posts\/72783\/revisions\/72784"}],"wp:attachment":[{"href":"https:\/\/sindaopcpb.org.br\/index.php\/wp-json\/wp\/v2\/media?parent=72783"}],"wp:term":[{"taxonomy":"category","embeddable":true,"href":"https:\/\/sindaopcpb.org.br\/index.php\/wp-json\/wp\/v2\/categories?post=72783"},{"taxonomy":"post_tag","embeddable":true,"href":"https:\/\/sindaopcpb.org.br\/index.php\/wp-json\/wp\/v2\/tags?post=72783"}],"curies":[{"name":"wp","href":"https:\/\/api.w.org\/{rel}","templated":true}]}}