{"id":72774,"date":"2026-08-31T06:39:58","date_gmt":"2026-08-31T09:39:58","guid":{"rendered":"https:\/\/www.pbagora.com.br\/?p=968385"},"modified":"2026-08-31T06:39:58","modified_gmt":"2026-08-31T09:39:58","slug":"enterrado-corpo-de-motoboy-encontrado-morto-apos-ser-torturado-por-integrantes-de-faccao-em-joao-pessoa","status":"publish","type":"post","link":"https:\/\/sindaopcpb.org.br\/index.php\/2026\/08\/31\/enterrado-corpo-de-motoboy-encontrado-morto-apos-ser-torturado-por-integrantes-de-faccao-em-joao-pessoa\/","title":{"rendered":"Enterrado corpo de motoboy encontrado morto ap\u00f3s ser torturado por integrantes de fac\u00e7\u00e3o em Jo\u00e3o Pessoa"},"content":{"rendered":"<p><img width=\"700\" height=\"461\" src=\"https:\/\/www.pbagora.com.br\/storage\/2026\/08\/A-MOTO.webp\" class=\"attachment-large size-large wp-post-image\" alt=\"\" style=\"margin-bottom: 20px;\" decoding=\"async\" srcset=\"https:\/\/www.pbagora.com.br\/storage\/2026\/08\/A-MOTO.webp 700w, https:\/\/www.pbagora.com.br\/storage\/2026\/08\/A-MOTO-300x198.webp 300w, https:\/\/www.pbagora.com.br\/storage\/2026\/08\/A-MOTO-150x99.webp 150w, https:\/\/www.pbagora.com.br\/storage\/2026\/08\/A-MOTO-380x250.webp 380w, https:\/\/www.pbagora.com.br\/storage\/2026\/08\/A-MOTO-80x53.webp 80w\" sizes=\"(max-width: 700px) 100vw, 700px\" \/><\/p>\n<p class=\"wp-block-paragraph\">Sob forte como\u00e7\u00e3o e revolta, foi enterrado na tarde deste domingo (30) o corpo de Erick Rodrigues, de 23 anos, que foi encontrado morto neste s\u00e1bado (29), em Jo\u00e3o Pessoa, ap\u00f3s um integrante de uma fac\u00e7\u00e3o criminosa ordenar uma &#8220;disciplina&#8221; contra ele.<\/p>\n\n\n\n<p class=\"wp-block-paragraph\">De acordo com informa\u00e7\u00f5es da fam\u00edlia, o enterro ocorreu no Cemit\u00e9rio Senhor da Boa Senten\u00e7a, na capital. O motoboy estava desaparecido desde a ter\u00e7a-feira (25), e um suspeito do crime foi preso na sexta-feira (28).<\/p>\n\n\n\n<p class=\"wp-block-paragraph\">Segundo a Pol\u00edcia Militar, o corpo foi encontrado pr\u00f3ximo a uma \u00e1rea de mata no bairro Padre Z\u00e9. At\u00e9 o momento, a causa da morte n\u00e3o foi informada. Equipes do Corpo de Bombeiros foram acionadas para a retirada do corpo da v\u00edtima.<\/p>\n\n\n\n<p class=\"wp-block-paragraph\">Reda\u00e7\u00e3o<\/p>\n\n\n\n<p class=\"wp-block-paragraph\">Enterrado corpo de motoboy encontrado morto ap\u00f3s ser torturado por integrantes de fac\u00e7\u00e3o em Jo\u00e3o Pessoa<\/p>\n\n\n\n<p class=\"wp-block-paragraph\">Sob forte como\u00e7\u00e3o e revolta, foi enterrado na tarde deste domingo (30) o corpo de Erick Rodrigues, de 23 anos, que foi encontrado morto neste s\u00e1bado (29), em Jo\u00e3o Pessoa, ap\u00f3s um integrante de uma fac\u00e7\u00e3o criminosa ordenar uma &#8220;disciplina&#8221; contra ele.<\/p>\n\n\n\n<p class=\"wp-block-paragraph\">De acordo com informa\u00e7\u00f5es da fam\u00edlia, o enterro ocorreu no Cemit\u00e9rio Senhor da Boa Senten\u00e7a, na capital. O motoboy estava desaparecido desde a ter\u00e7a-feira (25), e um suspeito do crime foi preso na sexta-feira (28).<\/p>\n\n\n\n<p class=\"wp-block-paragraph\">Segundo a Pol\u00edcia Militar, o corpo foi encontrado pr\u00f3ximo a uma \u00e1rea de mata no bairro Padre Z\u00e9. At\u00e9 o momento, a causa da morte n\u00e3o foi informada. Equipes do Corpo de Bombeiros foram acionadas para a retirada do corpo da v\u00edtima.<\/p>\n\n\n\n<p class=\"wp-block-paragraph\"><em><strong>Reda\u00e7\u00e3o<\/strong><\/em><\/p>\n","protected":false},"excerpt":{"rendered":"<p><img loading=\"lazy\" decoding=\"async\" width=\"700\" height=\"461\" src=\"https:\/\/www.pbagora.com.br\/storage\/2026\/08\/A-MOTO.webp\" class=\"attachment-large size-large wp-post-image\" alt=\"\" srcset=\"https:\/\/www.pbagora.com.br\/storage\/2026\/08\/A-MOTO.webp 700w, https:\/\/www.pbagora.com.br\/storage\/2026\/08\/A-MOTO-300x198.webp 300w, https:\/\/www.pbagora.com.br\/storage\/2026\/08\/A-MOTO-150x99.webp 150w, https:\/\/www.pbagora.com.br\/storage\/2026\/08\/A-MOTO-380x250.webp 380w, https:\/\/www.pbagora.com.br\/storage\/2026\/08\/A-MOTO-80x53.webp 80w\" sizes=\"auto, (max-width: 700px) 100vw, 700px\"><\/p>\n<p>Sob forte como\u00e7\u00e3o e revolta, foi enterrado na tarde deste domingo (30) o corpo de Erick Rodrigues, de\u2026<\/p>\n","protected":false},"author":123457,"featured_media":0,"comment_status":"closed","ping_status":"closed","sticky":false,"template":"","format":"standard","meta":{"advgb_blocks_editor_width":"","advgb_blocks_columns_visual_guide":"","footnotes":""},"categories":[34],"tags":[10841,35,10839],"class_list":["post-72774","post","type-post","status-publish","format-standard","hentry","category-g1","tag-destaque-centro-02","tag-g1","tag-policial"],"author_meta":{"display_name":"Reda\u00e7\u00e3o","author_link":"https:\/\/sindaopcpb.org.br\/author\/redacao\/"},"featured_img":null,"coauthors":[],"tax_additional":{"categories":{"linked":["<a href=\"https:\/\/sindaopcpb.org.br\/g1\/\" class=\"advgb-post-tax-term\">G1<\/a>"],"unlinked":["<span class=\"advgb-post-tax-term\">G1<\/span>"]},"tags":{"linked":["<a href=\"https:\/\/sindaopcpb.org.br\/g1\/\" class=\"advgb-post-tax-term\">Destaque Centro 02<\/a>","<a href=\"https:\/\/sindaopcpb.org.br\/g1\/\" class=\"advgb-post-tax-term\">g1<\/a>","<a href=\"https:\/\/sindaopcpb.org.br\/g1\/\" class=\"advgb-post-tax-term\">Policial<\/a>"],"unlinked":["<span class=\"advgb-post-tax-term\">Destaque Centro 02<\/span>","<span class=\"advgb-post-tax-term\">g1<\/span>","<span class=\"advgb-post-tax-term\">Policial<\/span>"]}},"comment_count":"0","relative_dates":{"created":"Publicado 5 horas atr\u00e1s","modified":"Atualizado 5 horas atr\u00e1s"},"absolute_dates":{"created":"Publicado em 31 de agosto de 2026","modified":"Atualizado em 31 de agosto de 2026"},"absolute_dates_time":{"created":"Publicado em 31 de agosto de 2026 06:39","modified":"Atualizado em 31 de agosto de 2026 06:39"},"featured_img_caption":"","series_order":"","_links":{"self":[{"href":"https:\/\/sindaopcpb.org.br\/index.php\/wp-json\/wp\/v2\/posts\/72774","targetHints":{"allow":["GET"]}}],"collection":[{"href":"https:\/\/sindaopcpb.org.br\/index.php\/wp-json\/wp\/v2\/posts"}],"about":[{"href":"https:\/\/sindaopcpb.org.br\/index.php\/wp-json\/wp\/v2\/types\/post"}],"author":[{"embeddable":true,"href":"https:\/\/sindaopcpb.org.br\/index.php\/wp-json\/wp\/v2\/users\/123457"}],"replies":[{"embeddable":true,"href":"https:\/\/sindaopcpb.org.br\/index.php\/wp-json\/wp\/v2\/comments?post=72774"}],"version-history":[{"count":1,"href":"https:\/\/sindaopcpb.org.br\/index.php\/wp-json\/wp\/v2\/posts\/72774\/revisions"}],"predecessor-version":[{"id":72775,"href":"https:\/\/sindaopcpb.org.br\/index.php\/wp-json\/wp\/v2\/posts\/72774\/revisions\/72775"}],"wp:attachment":[{"href":"https:\/\/sindaopcpb.org.br\/index.php\/wp-json\/wp\/v2\/media?parent=72774"}],"wp:term":[{"taxonomy":"category","embeddable":true,"href":"https:\/\/sindaopcpb.org.br\/index.php\/wp-json\/wp\/v2\/categories?post=72774"},{"taxonomy":"post_tag","embeddable":true,"href":"https:\/\/sindaopcpb.org.br\/index.php\/wp-json\/wp\/v2\/tags?post=72774"}],"curies":[{"name":"wp","href":"https:\/\/api.w.org\/{rel}","templated":true}]}}