{"id":72153,"date":"2026-08-21T11:58:47","date_gmt":"2026-08-21T14:58:47","guid":{"rendered":"https:\/\/www.pbagora.com.br\/?p=967081"},"modified":"2026-08-21T11:58:47","modified_gmt":"2026-08-21T14:58:47","slug":"criminosos-com-fuzil-assaltam-deposito-e-roubam-arma-de-pm-em-mangabeira","status":"publish","type":"post","link":"https:\/\/sindaopcpb.org.br\/index.php\/2026\/08\/21\/criminosos-com-fuzil-assaltam-deposito-e-roubam-arma-de-pm-em-mangabeira\/","title":{"rendered":"Criminosos com fuzil assaltam dep\u00f3sito e roubam arma de PM em Mangabeira"},"content":{"rendered":"<p><img width=\"671\" height=\"305\" src=\"https:\/\/www.pbagora.com.br\/storage\/2026\/08\/image-104.png\" class=\"attachment-large size-large wp-post-image\" alt=\"\" style=\"margin-bottom: 20px;\" decoding=\"async\" loading=\"lazy\" srcset=\"https:\/\/www.pbagora.com.br\/storage\/2026\/08\/image-104.png 671w, https:\/\/www.pbagora.com.br\/storage\/2026\/08\/image-104-300x136.png 300w, https:\/\/www.pbagora.com.br\/storage\/2026\/08\/image-104-150x68.png 150w, https:\/\/www.pbagora.com.br\/storage\/2026\/08\/image-104-380x173.png 380w, https:\/\/www.pbagora.com.br\/storage\/2026\/08\/image-104-80x36.png 80w\" sizes=\"auto, (max-width: 671px) 100vw, 671px\" \/><\/p>\n<p class=\"wp-block-paragraph\">Um grupo de criminosos armados com um fuzil e se passando por policiais assaltou um dep\u00f3sito de g\u00e1s na manh\u00e3 desta sexta-feira (21), no bairro de Mangabeira, na Zona Sul de Jo\u00e3o Pessoa. Durante a a\u00e7\u00e3o, um policial que estava no estabelecimento tamb\u00e9m foi rendido e teve a arma roubada.<\/p>\n\n\n\n<p class=\"wp-block-paragraph\">De acordo com uma das propriet\u00e1rias do dep\u00f3sito, os suspeitos chegaram ao local se apresentando como policiais. O propriet\u00e1rio acreditou na abordagem, abriu o port\u00e3o e foi imediatamente rendido pelo grupo.<\/p>\n\n\n\n<p class=\"wp-block-paragraph\">Os criminosos tamb\u00e9m abordaram outras pessoas que estavam no estabelecimento. Entre elas estava um policial, que acabou sendo desarmado pelos assaltantes. A arma funcional do agente foi levada durante o crime.<\/p>\n\n\n\n<p class=\"wp-block-paragraph\">Ainda segundo o relato da propriet\u00e1ria, ela e o marido foram trancados dentro de um banheiro enquanto o grupo realizava o assalto.<\/p>\n\n\n\n<p class=\"wp-block-paragraph\">Ap\u00f3s a a\u00e7\u00e3o, os criminosos fugiram do local. At\u00e9 a publica\u00e7\u00e3o desta reportagem, nenhum suspeito havia sido preso.<\/p>\n\n\n\n<p class=\"wp-block-paragraph\">Al\u00e9m da arma pertencente ao policial, o levantamento sobre os demais objetos e valores levados durante o assalto ainda n\u00e3o havia sido conclu\u00eddo.<\/p>\n\n\n\n<p class=\"wp-block-paragraph\"><strong><em>PB Agora<\/em><\/strong><\/p>\n","protected":false},"excerpt":{"rendered":"<p><img decoding=\"async\" width=\"671\" height=\"305\" src=\"https:\/\/www.pbagora.com.br\/storage\/2026\/08\/image-104.png\" class=\"attachment-large size-large wp-post-image\" alt=\"\" loading=\"lazy\" srcset=\"https:\/\/www.pbagora.com.br\/storage\/2026\/08\/image-104.png 671w, https:\/\/www.pbagora.com.br\/storage\/2026\/08\/image-104-300x136.png 300w, https:\/\/www.pbagora.com.br\/storage\/2026\/08\/image-104-150x68.png 150w, https:\/\/www.pbagora.com.br\/storage\/2026\/08\/image-104-380x173.png 380w, https:\/\/www.pbagora.com.br\/storage\/2026\/08\/image-104-80x36.png 80w\" sizes=\"auto, (max-width: 671px) 100vw, 671px\"><\/p>\n<p>Um grupo de criminosos armados com um fuzil e se passando por policiais assaltou um dep\u00f3sito de g\u00e1s\u2026<\/p>\n","protected":false},"author":123457,"featured_media":0,"comment_status":"closed","ping_status":"closed","sticky":false,"template":"","format":"standard","meta":{"advgb_blocks_editor_width":"","advgb_blocks_columns_visual_guide":"","footnotes":""},"categories":[34],"tags":[35,10839],"class_list":["post-72153","post","type-post","status-publish","format-standard","hentry","category-g1","tag-g1","tag-policial"],"author_meta":{"display_name":"Reda\u00e7\u00e3o","author_link":"https:\/\/sindaopcpb.org.br\/author\/redacao\/"},"featured_img":null,"coauthors":[],"tax_additional":{"categories":{"linked":["<a href=\"https:\/\/sindaopcpb.org.br\/g1\/\" class=\"advgb-post-tax-term\">G1<\/a>"],"unlinked":["<span class=\"advgb-post-tax-term\">G1<\/span>"]},"tags":{"linked":["<a href=\"https:\/\/sindaopcpb.org.br\/g1\/\" class=\"advgb-post-tax-term\">g1<\/a>","<a href=\"https:\/\/sindaopcpb.org.br\/g1\/\" class=\"advgb-post-tax-term\">Policial<\/a>"],"unlinked":["<span class=\"advgb-post-tax-term\">g1<\/span>","<span class=\"advgb-post-tax-term\">Policial<\/span>"]}},"comment_count":"0","relative_dates":{"created":"Publicado 2 semanas atr\u00e1s","modified":"Atualizado 2 semanas atr\u00e1s"},"absolute_dates":{"created":"Publicado em 21 de agosto de 2026","modified":"Atualizado em 21 de agosto de 2026"},"absolute_dates_time":{"created":"Publicado em 21 de agosto de 2026 11:58","modified":"Atualizado em 21 de agosto de 2026 11:58"},"featured_img_caption":"","series_order":"","_links":{"self":[{"href":"https:\/\/sindaopcpb.org.br\/index.php\/wp-json\/wp\/v2\/posts\/72153","targetHints":{"allow":["GET"]}}],"collection":[{"href":"https:\/\/sindaopcpb.org.br\/index.php\/wp-json\/wp\/v2\/posts"}],"about":[{"href":"https:\/\/sindaopcpb.org.br\/index.php\/wp-json\/wp\/v2\/types\/post"}],"author":[{"embeddable":true,"href":"https:\/\/sindaopcpb.org.br\/index.php\/wp-json\/wp\/v2\/users\/123457"}],"replies":[{"embeddable":true,"href":"https:\/\/sindaopcpb.org.br\/index.php\/wp-json\/wp\/v2\/comments?post=72153"}],"version-history":[{"count":1,"href":"https:\/\/sindaopcpb.org.br\/index.php\/wp-json\/wp\/v2\/posts\/72153\/revisions"}],"predecessor-version":[{"id":72154,"href":"https:\/\/sindaopcpb.org.br\/index.php\/wp-json\/wp\/v2\/posts\/72153\/revisions\/72154"}],"wp:attachment":[{"href":"https:\/\/sindaopcpb.org.br\/index.php\/wp-json\/wp\/v2\/media?parent=72153"}],"wp:term":[{"taxonomy":"category","embeddable":true,"href":"https:\/\/sindaopcpb.org.br\/index.php\/wp-json\/wp\/v2\/categories?post=72153"},{"taxonomy":"post_tag","embeddable":true,"href":"https:\/\/sindaopcpb.org.br\/index.php\/wp-json\/wp\/v2\/tags?post=72153"}],"curies":[{"name":"wp","href":"https:\/\/api.w.org\/{rel}","templated":true}]}}