{"id":65545,"date":"2026-03-17T11:12:43","date_gmt":"2026-03-17T14:12:43","guid":{"rendered":"https:\/\/www.pbagora.com.br\/?p=942366"},"modified":"2026-03-17T11:12:43","modified_gmt":"2026-03-17T14:12:43","slug":"homem-e-preso-suspeito-de-matar-idoso-apos-discussao-em-campina-grande","status":"publish","type":"post","link":"https:\/\/sindaopcpb.org.br\/index.php\/2026\/03\/17\/homem-e-preso-suspeito-de-matar-idoso-apos-discussao-em-campina-grande\/","title":{"rendered":"Homem \u00e9 preso suspeito de matar idoso ap\u00f3s discuss\u00e3o em Campina Grande"},"content":{"rendered":"<p><img width=\"800\" height=\"448\" src=\"https:\/\/www.pbagora.com.br\/storage\/2026\/03\/image-109.png\" class=\"attachment-large size-large wp-post-image\" alt=\"\" style=\"margin-bottom: 20px;\" decoding=\"async\" srcset=\"https:\/\/www.pbagora.com.br\/storage\/2026\/03\/image-109.png 800w, https:\/\/www.pbagora.com.br\/storage\/2026\/03\/image-109-300x168.png 300w, https:\/\/www.pbagora.com.br\/storage\/2026\/03\/image-109-150x84.png 150w, https:\/\/www.pbagora.com.br\/storage\/2026\/03\/image-109-768x430.png 768w, https:\/\/www.pbagora.com.br\/storage\/2026\/03\/image-109-380x213.png 380w, https:\/\/www.pbagora.com.br\/storage\/2026\/03\/image-109-80x46.png 80w, https:\/\/www.pbagora.com.br\/storage\/2026\/03\/image-109-760x426.png 760w, https:\/\/www.pbagora.com.br\/storage\/2026\/03\/image-109-600x336.png 600w\" sizes=\"(max-width: 800px) 100vw, 800px\" \/><\/p>\n<p>Um homem foi preso na manh\u00e3 desta ter\u00e7a-feira (17), acusado de matar um idoso de 61 anos no bairro Malvinas, em Campina Grande. O crime aconteceu na noite do \u00faltimo domingo (15), ap\u00f3s uma discuss\u00e3o dentro da resid\u00eancia do suspeito.<\/p>\n\n\n\n<p>De acordo com a Pol\u00edcia Civil, v\u00edtima e autor estavam ingerindo bebidas alco\u00f3licas quando iniciaram um desentendimento por motivos banais. Durante a briga, o idoso foi agredido com socos e golpes de madeira, n\u00e3o resistindo aos ferimentos e morrendo ainda no local.<\/p>\n\n\n\n<p>O corpo foi encontrado pela Delegacia de Homic\u00eddios e Prote\u00e7\u00e3o \u00e0 Pessoa (DHPP) em uma casa. O suspeito fugiu ap\u00f3s o crime, mas foi localizado e preso. Ele deve responder por homic\u00eddio.<\/p>\n\n\n\n<p><strong><em>PB Agora<\/em><\/strong><\/p>\n","protected":false},"excerpt":{"rendered":"<p><img loading=\"lazy\" decoding=\"async\" width=\"800\" height=\"448\" src=\"https:\/\/www.pbagora.com.br\/storage\/2026\/03\/image-109.png\" class=\"attachment-large size-large wp-post-image\" alt=\"\" srcset=\"https:\/\/www.pbagora.com.br\/storage\/2026\/03\/image-109.png 800w, https:\/\/www.pbagora.com.br\/storage\/2026\/03\/image-109-300x168.png 300w, https:\/\/www.pbagora.com.br\/storage\/2026\/03\/image-109-150x84.png 150w, https:\/\/www.pbagora.com.br\/storage\/2026\/03\/image-109-768x430.png 768w, https:\/\/www.pbagora.com.br\/storage\/2026\/03\/image-109-380x213.png 380w, https:\/\/www.pbagora.com.br\/storage\/2026\/03\/image-109-80x46.png 80w, https:\/\/www.pbagora.com.br\/storage\/2026\/03\/image-109-760x426.png 760w, https:\/\/www.pbagora.com.br\/storage\/2026\/03\/image-109-600x336.png 600w\" sizes=\"auto, (max-width: 800px) 100vw, 800px\"><\/p>\n<p>Um homem foi preso na manh\u00e3 desta ter\u00e7a-feira (17), acusado de matar um idoso de 61 anos no\u2026<\/p>\n","protected":false},"author":123457,"featured_media":0,"comment_status":"closed","ping_status":"closed","sticky":false,"template":"","format":"standard","meta":{"advgb_blocks_editor_width":"","advgb_blocks_columns_visual_guide":"","footnotes":""},"categories":[34],"tags":[10845,35,10839],"class_list":["post-65545","post","type-post","status-publish","format-standard","hentry","category-g1","tag-destaque-centro-01","tag-g1","tag-policial"],"author_meta":{"display_name":"Reda\u00e7\u00e3o","author_link":"https:\/\/sindaopcpb.org.br\/author\/redacao\/"},"featured_img":null,"coauthors":[],"tax_additional":{"categories":{"linked":["<a href=\"https:\/\/sindaopcpb.org.br\/g1\/\" class=\"advgb-post-tax-term\">G1<\/a>"],"unlinked":["<span class=\"advgb-post-tax-term\">G1<\/span>"]},"tags":{"linked":["<a href=\"https:\/\/sindaopcpb.org.br\/g1\/\" class=\"advgb-post-tax-term\">Destaque Centro 01<\/a>","<a href=\"https:\/\/sindaopcpb.org.br\/g1\/\" class=\"advgb-post-tax-term\">g1<\/a>","<a href=\"https:\/\/sindaopcpb.org.br\/g1\/\" class=\"advgb-post-tax-term\">Policial<\/a>"],"unlinked":["<span class=\"advgb-post-tax-term\">Destaque Centro 01<\/span>","<span class=\"advgb-post-tax-term\">g1<\/span>","<span class=\"advgb-post-tax-term\">Policial<\/span>"]}},"comment_count":"0","relative_dates":{"created":"Publicado 2 meses atr\u00e1s","modified":"Atualizado 2 meses atr\u00e1s"},"absolute_dates":{"created":"Publicado em 17 de mar\u00e7o de 2026","modified":"Atualizado em 17 de mar\u00e7o de 2026"},"absolute_dates_time":{"created":"Publicado em 17 de mar\u00e7o de 2026 11:12","modified":"Atualizado em 17 de mar\u00e7o de 2026 11:12"},"featured_img_caption":"","series_order":"","_links":{"self":[{"href":"https:\/\/sindaopcpb.org.br\/index.php\/wp-json\/wp\/v2\/posts\/65545","targetHints":{"allow":["GET"]}}],"collection":[{"href":"https:\/\/sindaopcpb.org.br\/index.php\/wp-json\/wp\/v2\/posts"}],"about":[{"href":"https:\/\/sindaopcpb.org.br\/index.php\/wp-json\/wp\/v2\/types\/post"}],"author":[{"embeddable":true,"href":"https:\/\/sindaopcpb.org.br\/index.php\/wp-json\/wp\/v2\/users\/123457"}],"replies":[{"embeddable":true,"href":"https:\/\/sindaopcpb.org.br\/index.php\/wp-json\/wp\/v2\/comments?post=65545"}],"version-history":[{"count":1,"href":"https:\/\/sindaopcpb.org.br\/index.php\/wp-json\/wp\/v2\/posts\/65545\/revisions"}],"predecessor-version":[{"id":65548,"href":"https:\/\/sindaopcpb.org.br\/index.php\/wp-json\/wp\/v2\/posts\/65545\/revisions\/65548"}],"wp:attachment":[{"href":"https:\/\/sindaopcpb.org.br\/index.php\/wp-json\/wp\/v2\/media?parent=65545"}],"wp:term":[{"taxonomy":"category","embeddable":true,"href":"https:\/\/sindaopcpb.org.br\/index.php\/wp-json\/wp\/v2\/categories?post=65545"},{"taxonomy":"post_tag","embeddable":true,"href":"https:\/\/sindaopcpb.org.br\/index.php\/wp-json\/wp\/v2\/tags?post=65545"}],"curies":[{"name":"wp","href":"https:\/\/api.w.org\/{rel}","templated":true}]}}