{"id":65531,"date":"2026-03-17T06:37:19","date_gmt":"2026-03-17T09:37:19","guid":{"rendered":"https:\/\/www.pbagora.com.br\/?p=942302"},"modified":"2026-03-17T06:37:19","modified_gmt":"2026-03-17T09:37:19","slug":"policia-militar-captura-acusado-de-homicidio-na-zona-rural-de-itabaiana","status":"publish","type":"post","link":"https:\/\/sindaopcpb.org.br\/index.php\/2026\/03\/17\/policia-militar-captura-acusado-de-homicidio-na-zona-rural-de-itabaiana\/","title":{"rendered":"Pol\u00edcia Militar captura acusado de homic\u00eddio na zona rural de Itabaiana"},"content":{"rendered":"<p><img width=\"800\" height=\"445\" src=\"https:\/\/www.pbagora.com.br\/storage\/2026\/03\/8bpm.jpeg\" class=\"attachment-large size-large wp-post-image\" alt=\"\" style=\"margin-bottom: 20px;\" decoding=\"async\" loading=\"lazy\" srcset=\"https:\/\/www.pbagora.com.br\/storage\/2026\/03\/8bpm.jpeg 800w, https:\/\/www.pbagora.com.br\/storage\/2026\/03\/8bpm-300x167.jpeg 300w, https:\/\/www.pbagora.com.br\/storage\/2026\/03\/8bpm-150x83.jpeg 150w, https:\/\/www.pbagora.com.br\/storage\/2026\/03\/8bpm-768x427.jpeg 768w, https:\/\/www.pbagora.com.br\/storage\/2026\/03\/8bpm-380x211.jpeg 380w, https:\/\/www.pbagora.com.br\/storage\/2026\/03\/8bpm-80x46.jpeg 80w, https:\/\/www.pbagora.com.br\/storage\/2026\/03\/8bpm-760x423.jpeg 760w, https:\/\/www.pbagora.com.br\/storage\/2026\/03\/8bpm-600x334.jpeg 600w\" sizes=\"auto, (max-width: 800px) 100vw, 800px\" \/><\/p>\n<p><\/p>\n\n\n\n<p>Na tarde de ontem (16), policiais do 8\u00ba BPM realizaram a pris\u00e3o de um indiv\u00edduo com mandado de pris\u00e3o em aberto. A pris\u00e3o aconteceu na zona rural de Itabaiana.<\/p>\n\n\n\n<p>Durante rondas nas imedia\u00e7\u00f5es do S\u00edtio Cariat\u00e1, foi realizada a abordagem a um suspeito e, mediante consulta ao banco de dados, foi constatada um mandado de pris\u00e3o pelo crime de homic\u00eddio expedido pela Vara \u00danica da Comarca de Lagoa de Itaenga-PE.<\/p>\n\n\n\n<p>Diante dos fatos, o suspeito foi preso e conduzido para \u00e0 Delegacia da cidade para os demais procedimentos policiais.<\/p>\n\n\n\n<p>Reda\u00e7\u00e3o<\/p>\n","protected":false},"excerpt":{"rendered":"<p><img loading=\"lazy\" decoding=\"async\" width=\"800\" height=\"445\" src=\"https:\/\/www.pbagora.com.br\/storage\/2026\/03\/8bpm.jpeg\" class=\"attachment-large size-large wp-post-image\" alt=\"\" srcset=\"https:\/\/www.pbagora.com.br\/storage\/2026\/03\/8bpm.jpeg 800w, https:\/\/www.pbagora.com.br\/storage\/2026\/03\/8bpm-300x167.jpeg 300w, https:\/\/www.pbagora.com.br\/storage\/2026\/03\/8bpm-150x83.jpeg 150w, https:\/\/www.pbagora.com.br\/storage\/2026\/03\/8bpm-768x427.jpeg 768w, https:\/\/www.pbagora.com.br\/storage\/2026\/03\/8bpm-380x211.jpeg 380w, https:\/\/www.pbagora.com.br\/storage\/2026\/03\/8bpm-80x46.jpeg 80w, https:\/\/www.pbagora.com.br\/storage\/2026\/03\/8bpm-760x423.jpeg 760w, https:\/\/www.pbagora.com.br\/storage\/2026\/03\/8bpm-600x334.jpeg 600w\" sizes=\"auto, (max-width: 800px) 100vw, 800px\"><\/p>\n<p>Na tarde de ontem (16), policiais do 8\u00ba BPM realizaram a pris\u00e3o de um indiv\u00edduo com mandado de\u2026<\/p>\n","protected":false},"author":123457,"featured_media":0,"comment_status":"closed","ping_status":"closed","sticky":false,"template":"","format":"standard","meta":{"advgb_blocks_editor_width":"","advgb_blocks_columns_visual_guide":"","footnotes":""},"categories":[34],"tags":[35,10839,10842],"class_list":["post-65531","post","type-post","status-publish","format-standard","hentry","category-g1","tag-g1","tag-policial","tag-principal3"],"author_meta":{"display_name":"Reda\u00e7\u00e3o","author_link":"https:\/\/sindaopcpb.org.br\/author\/redacao\/"},"featured_img":null,"coauthors":[],"tax_additional":{"categories":{"linked":["<a href=\"https:\/\/sindaopcpb.org.br\/g1\/\" class=\"advgb-post-tax-term\">G1<\/a>"],"unlinked":["<span class=\"advgb-post-tax-term\">G1<\/span>"]},"tags":{"linked":["<a href=\"https:\/\/sindaopcpb.org.br\/g1\/\" class=\"advgb-post-tax-term\">g1<\/a>","<a href=\"https:\/\/sindaopcpb.org.br\/g1\/\" class=\"advgb-post-tax-term\">Policial<\/a>","<a href=\"https:\/\/sindaopcpb.org.br\/g1\/\" class=\"advgb-post-tax-term\">Principal3<\/a>"],"unlinked":["<span class=\"advgb-post-tax-term\">g1<\/span>","<span class=\"advgb-post-tax-term\">Policial<\/span>","<span class=\"advgb-post-tax-term\">Principal3<\/span>"]}},"comment_count":"0","relative_dates":{"created":"Publicado 2 meses atr\u00e1s","modified":"Atualizado 2 meses atr\u00e1s"},"absolute_dates":{"created":"Publicado em 17 de mar\u00e7o de 2026","modified":"Atualizado em 17 de mar\u00e7o de 2026"},"absolute_dates_time":{"created":"Publicado em 17 de mar\u00e7o de 2026 06:37","modified":"Atualizado em 17 de mar\u00e7o de 2026 06:37"},"featured_img_caption":"","series_order":"","_links":{"self":[{"href":"https:\/\/sindaopcpb.org.br\/index.php\/wp-json\/wp\/v2\/posts\/65531","targetHints":{"allow":["GET"]}}],"collection":[{"href":"https:\/\/sindaopcpb.org.br\/index.php\/wp-json\/wp\/v2\/posts"}],"about":[{"href":"https:\/\/sindaopcpb.org.br\/index.php\/wp-json\/wp\/v2\/types\/post"}],"author":[{"embeddable":true,"href":"https:\/\/sindaopcpb.org.br\/index.php\/wp-json\/wp\/v2\/users\/123457"}],"replies":[{"embeddable":true,"href":"https:\/\/sindaopcpb.org.br\/index.php\/wp-json\/wp\/v2\/comments?post=65531"}],"version-history":[{"count":2,"href":"https:\/\/sindaopcpb.org.br\/index.php\/wp-json\/wp\/v2\/posts\/65531\/revisions"}],"predecessor-version":[{"id":65538,"href":"https:\/\/sindaopcpb.org.br\/index.php\/wp-json\/wp\/v2\/posts\/65531\/revisions\/65538"}],"wp:attachment":[{"href":"https:\/\/sindaopcpb.org.br\/index.php\/wp-json\/wp\/v2\/media?parent=65531"}],"wp:term":[{"taxonomy":"category","embeddable":true,"href":"https:\/\/sindaopcpb.org.br\/index.php\/wp-json\/wp\/v2\/categories?post=65531"},{"taxonomy":"post_tag","embeddable":true,"href":"https:\/\/sindaopcpb.org.br\/index.php\/wp-json\/wp\/v2\/tags?post=65531"}],"curies":[{"name":"wp","href":"https:\/\/api.w.org\/{rel}","templated":true}]}}