{"id":65519,"date":"2026-03-16T11:25:02","date_gmt":"2026-03-16T14:25:02","guid":{"rendered":"https:\/\/www.pbagora.com.br\/?p=942172"},"modified":"2026-03-16T11:25:02","modified_gmt":"2026-03-16T14:25:02","slug":"adolescente-de-12-anos-e-flagrado-conduzindo-moto-na-br-361-em-patos","status":"publish","type":"post","link":"https:\/\/sindaopcpb.org.br\/index.php\/2026\/03\/16\/adolescente-de-12-anos-e-flagrado-conduzindo-moto-na-br-361-em-patos\/","title":{"rendered":"Adolescente de 12 anos \u00e9 flagrado conduzindo moto na BR-361 em Patos"},"content":{"rendered":"<p><img width=\"1024\" height=\"858\" src=\"https:\/\/www.pbagora.com.br\/storage\/2026\/03\/WhatsApp-Image-2026-03-16-at-10.12.31-1024x858.jpeg\" class=\"attachment-large size-large wp-post-image\" alt=\"\" style=\"margin-bottom: 20px;\" decoding=\"async\" loading=\"lazy\" srcset=\"https:\/\/www.pbagora.com.br\/storage\/2026\/03\/WhatsApp-Image-2026-03-16-at-10.12.31-1024x858.jpeg 1024w, https:\/\/www.pbagora.com.br\/storage\/2026\/03\/WhatsApp-Image-2026-03-16-at-10.12.31-300x251.jpeg 300w, https:\/\/www.pbagora.com.br\/storage\/2026\/03\/WhatsApp-Image-2026-03-16-at-10.12.31-150x126.jpeg 150w, https:\/\/www.pbagora.com.br\/storage\/2026\/03\/WhatsApp-Image-2026-03-16-at-10.12.31-768x644.jpeg 768w, https:\/\/www.pbagora.com.br\/storage\/2026\/03\/WhatsApp-Image-2026-03-16-at-10.12.31-1536x1287.jpeg 1536w, https:\/\/www.pbagora.com.br\/storage\/2026\/03\/WhatsApp-Image-2026-03-16-at-10.12.31-380x318.jpeg 380w, https:\/\/www.pbagora.com.br\/storage\/2026\/03\/WhatsApp-Image-2026-03-16-at-10.12.31-800x670.jpeg 800w, https:\/\/www.pbagora.com.br\/storage\/2026\/03\/WhatsApp-Image-2026-03-16-at-10.12.31-1160x972.jpeg 1160w, https:\/\/www.pbagora.com.br\/storage\/2026\/03\/WhatsApp-Image-2026-03-16-at-10.12.31-80x67.jpeg 80w, https:\/\/www.pbagora.com.br\/storage\/2026\/03\/WhatsApp-Image-2026-03-16-at-10.12.31-760x637.jpeg 760w, https:\/\/www.pbagora.com.br\/storage\/2026\/03\/WhatsApp-Image-2026-03-16-at-10.12.31-600x503.jpeg 600w, https:\/\/www.pbagora.com.br\/storage\/2026\/03\/WhatsApp-Image-2026-03-16-at-10.12.31.jpeg 1600w\" sizes=\"auto, (max-width: 1024px) 100vw, 1024px\" \/><\/p>\n<p>Um adolescente de apenas 12 anos foi flagrado pela Pol\u00edcia Rodovi\u00e1ria Federal (PRF) conduzindo uma motocicleta na BR-361, em Patos, no Sert\u00e3o da Para\u00edba. O caso ocorreu durante uma a\u00e7\u00e3o de fiscaliza\u00e7\u00e3o realizada pelo Grupo de Motociclismo Policial, dentro da programa\u00e7\u00e3o da 1\u00aa Semana Municipal do Tr\u00e2nsito de Patos, voltada \u00e0 conscientiza\u00e7\u00e3o sobre seguran\u00e7a nas vias.<\/p>\n\n\n\n<p>De acordo com informa\u00e7\u00f5es, os agentes avistaram dois adolescentes circulando em uma motocicleta pela rodovia. Ap\u00f3s acompanhamento, a dupla foi abordada e os policiais constataram que o condutor tinha apenas 12 anos, enquanto o passageiro era seu irm\u00e3o, de 13 anos.<\/p>\n\n\n\n<p>A PRF refor\u00e7ou que a condu\u00e7\u00e3o de ve\u00edculos por menores de idade representa grave risco \u00e0 seguran\u00e7a vi\u00e1ria, tanto para os pr\u00f3prios adolescentes quanto para outros motoristas e pedestres. <\/p>\n\n\n\n<p>Os adolescentes disseram que haviam pego a motocicleta da m\u00e3e sem ela saber. Eles foram encaminhados ao Conselho Tutelar da regi\u00e3o e a equipe emitiu um Termo Circunstanciado de Ocorr\u00eancia(TCO) para a m\u00e3e, por permitir a dire\u00e7\u00e3o de ve\u00edculo a pessoa n\u00e3o habilitada.<\/p>\n\n\n\n<p><strong><em>PB Agora<\/em><\/strong><\/p>\n","protected":false},"excerpt":{"rendered":"<p><img decoding=\"async\" width=\"1024\" height=\"858\" src=\"https:\/\/www.pbagora.com.br\/storage\/2026\/03\/WhatsApp-Image-2026-03-16-at-10.12.31-1024x858.jpeg\" class=\"attachment-large size-large wp-post-image\" alt=\"\" loading=\"lazy\" srcset=\"https:\/\/www.pbagora.com.br\/storage\/2026\/03\/WhatsApp-Image-2026-03-16-at-10.12.31-1024x858.jpeg 1024w, https:\/\/www.pbagora.com.br\/storage\/2026\/03\/WhatsApp-Image-2026-03-16-at-10.12.31-300x251.jpeg 300w, https:\/\/www.pbagora.com.br\/storage\/2026\/03\/WhatsApp-Image-2026-03-16-at-10.12.31-150x126.jpeg 150w, https:\/\/www.pbagora.com.br\/storage\/2026\/03\/WhatsApp-Image-2026-03-16-at-10.12.31-768x644.jpeg 768w, https:\/\/www.pbagora.com.br\/storage\/2026\/03\/WhatsApp-Image-2026-03-16-at-10.12.31-1536x1287.jpeg 1536w, https:\/\/www.pbagora.com.br\/storage\/2026\/03\/WhatsApp-Image-2026-03-16-at-10.12.31-380x318.jpeg 380w, https:\/\/www.pbagora.com.br\/storage\/2026\/03\/WhatsApp-Image-2026-03-16-at-10.12.31-800x670.jpeg 800w, https:\/\/www.pbagora.com.br\/storage\/2026\/03\/WhatsApp-Image-2026-03-16-at-10.12.31-1160x972.jpeg 1160w, https:\/\/www.pbagora.com.br\/storage\/2026\/03\/WhatsApp-Image-2026-03-16-at-10.12.31-80x67.jpeg 80w, https:\/\/www.pbagora.com.br\/storage\/2026\/03\/WhatsApp-Image-2026-03-16-at-10.12.31-760x637.jpeg 760w, https:\/\/www.pbagora.com.br\/storage\/2026\/03\/WhatsApp-Image-2026-03-16-at-10.12.31-600x503.jpeg 600w, https:\/\/www.pbagora.com.br\/storage\/2026\/03\/WhatsApp-Image-2026-03-16-at-10.12.31.jpeg 1600w\" sizes=\"auto, (max-width: 1024px) 100vw, 1024px\"><\/p>\n<p>Um adolescente de apenas 12 anos foi flagrado pela Pol\u00edcia Rodovi\u00e1ria Federal (PRF) conduzindo uma motocicleta na BR-361,\u2026<\/p>\n","protected":false},"author":123457,"featured_media":0,"comment_status":"closed","ping_status":"closed","sticky":false,"template":"","format":"standard","meta":{"advgb_blocks_editor_width":"","advgb_blocks_columns_visual_guide":"","footnotes":""},"categories":[34],"tags":[35,10839,10842],"class_list":["post-65519","post","type-post","status-publish","format-standard","hentry","category-g1","tag-g1","tag-policial","tag-principal3"],"author_meta":{"display_name":"Reda\u00e7\u00e3o","author_link":"https:\/\/sindaopcpb.org.br\/author\/redacao\/"},"featured_img":null,"coauthors":[],"tax_additional":{"categories":{"linked":["<a href=\"https:\/\/sindaopcpb.org.br\/g1\/\" class=\"advgb-post-tax-term\">G1<\/a>"],"unlinked":["<span class=\"advgb-post-tax-term\">G1<\/span>"]},"tags":{"linked":["<a href=\"https:\/\/sindaopcpb.org.br\/g1\/\" class=\"advgb-post-tax-term\">g1<\/a>","<a href=\"https:\/\/sindaopcpb.org.br\/g1\/\" class=\"advgb-post-tax-term\">Policial<\/a>","<a href=\"https:\/\/sindaopcpb.org.br\/g1\/\" class=\"advgb-post-tax-term\">Principal3<\/a>"],"unlinked":["<span class=\"advgb-post-tax-term\">g1<\/span>","<span class=\"advgb-post-tax-term\">Policial<\/span>","<span class=\"advgb-post-tax-term\">Principal3<\/span>"]}},"comment_count":"0","relative_dates":{"created":"Publicado 2 meses atr\u00e1s","modified":"Atualizado 2 meses atr\u00e1s"},"absolute_dates":{"created":"Publicado em 16 de mar\u00e7o de 2026","modified":"Atualizado em 16 de mar\u00e7o de 2026"},"absolute_dates_time":{"created":"Publicado em 16 de mar\u00e7o de 2026 11:25","modified":"Atualizado em 16 de mar\u00e7o de 2026 11:25"},"featured_img_caption":"","series_order":"","_links":{"self":[{"href":"https:\/\/sindaopcpb.org.br\/index.php\/wp-json\/wp\/v2\/posts\/65519","targetHints":{"allow":["GET"]}}],"collection":[{"href":"https:\/\/sindaopcpb.org.br\/index.php\/wp-json\/wp\/v2\/posts"}],"about":[{"href":"https:\/\/sindaopcpb.org.br\/index.php\/wp-json\/wp\/v2\/types\/post"}],"author":[{"embeddable":true,"href":"https:\/\/sindaopcpb.org.br\/index.php\/wp-json\/wp\/v2\/users\/123457"}],"replies":[{"embeddable":true,"href":"https:\/\/sindaopcpb.org.br\/index.php\/wp-json\/wp\/v2\/comments?post=65519"}],"version-history":[{"count":1,"href":"https:\/\/sindaopcpb.org.br\/index.php\/wp-json\/wp\/v2\/posts\/65519\/revisions"}],"predecessor-version":[{"id":65522,"href":"https:\/\/sindaopcpb.org.br\/index.php\/wp-json\/wp\/v2\/posts\/65519\/revisions\/65522"}],"wp:attachment":[{"href":"https:\/\/sindaopcpb.org.br\/index.php\/wp-json\/wp\/v2\/media?parent=65519"}],"wp:term":[{"taxonomy":"category","embeddable":true,"href":"https:\/\/sindaopcpb.org.br\/index.php\/wp-json\/wp\/v2\/categories?post=65519"},{"taxonomy":"post_tag","embeddable":true,"href":"https:\/\/sindaopcpb.org.br\/index.php\/wp-json\/wp\/v2\/tags?post=65519"}],"curies":[{"name":"wp","href":"https:\/\/api.w.org\/{rel}","templated":true}]}}