{"id":65518,"date":"2026-03-16T11:43:41","date_gmt":"2026-03-16T14:43:41","guid":{"rendered":"https:\/\/www.pbagora.com.br\/?p=942180"},"modified":"2026-03-16T11:43:41","modified_gmt":"2026-03-16T14:43:41","slug":"policia-identifica-4-suspeitos-de-sequestro-e-roubo-de-carro-no-bairro-de-manaira","status":"publish","type":"post","link":"https:\/\/sindaopcpb.org.br\/index.php\/2026\/03\/16\/policia-identifica-4-suspeitos-de-sequestro-e-roubo-de-carro-no-bairro-de-manaira\/","title":{"rendered":"Pol\u00edcia identifica 4 suspeitos de sequestro e roubo de carro no bairro de Mana\u00edra"},"content":{"rendered":"<p><img width=\"1024\" height=\"695\" src=\"https:\/\/www.pbagora.com.br\/storage\/2026\/03\/image-100-1024x695.png\" class=\"attachment-large size-large wp-post-image\" alt=\"\" style=\"margin-bottom: 20px;\" decoding=\"async\" srcset=\"https:\/\/www.pbagora.com.br\/storage\/2026\/03\/image-100-1024x695.png 1024w, https:\/\/www.pbagora.com.br\/storage\/2026\/03\/image-100-300x203.png 300w, https:\/\/www.pbagora.com.br\/storage\/2026\/03\/image-100-150x102.png 150w, https:\/\/www.pbagora.com.br\/storage\/2026\/03\/image-100-768x521.png 768w, https:\/\/www.pbagora.com.br\/storage\/2026\/03\/image-100-380x258.png 380w, https:\/\/www.pbagora.com.br\/storage\/2026\/03\/image-100-800x543.png 800w, https:\/\/www.pbagora.com.br\/storage\/2026\/03\/image-100-1160x787.png 1160w, https:\/\/www.pbagora.com.br\/storage\/2026\/03\/image-100-80x54.png 80w, https:\/\/www.pbagora.com.br\/storage\/2026\/03\/image-100-760x516.png 760w, https:\/\/www.pbagora.com.br\/storage\/2026\/03\/image-100-600x407.png 600w, https:\/\/www.pbagora.com.br\/storage\/2026\/03\/image-100.png 1290w\" sizes=\"(max-width: 1024px) 100vw, 1024px\" \/><\/p>\n<p>A Pol\u00edcia Civil da Para\u00edba, por meio da Delegacia de Roubos e Furtos de Ve\u00edculos e Cargas (DRFVC), com apoio da Unidade de Intelig\u00eancia da Pol\u00edcia Civil (UNINTELPOL) e da Guarda Municipal de Jo\u00e3o Pessoa, identificou quatro integrantes de uma organiza\u00e7\u00e3o criminosa envolvidos no sequestro de uma mulher ocorrido na manh\u00e3 do dia 11 de mar\u00e7o de 2026, na orla de Mana\u00edra, na Capital.<\/p>\n\n\n\n<p>De acordo com as investiga\u00e7\u00f5es, a v\u00edtima foi abordada pelos criminosos e levada juntamente com ve\u00edculo dela, um Nissan Kicks de cor branca. Durante a a\u00e7\u00e3o criminosa, os sequestradores realizaram transfer\u00eancias banc\u00e1rias via PIX a partir da conta da v\u00edtima, causando um preju\u00edzo de R$ 1 mil. Posteriormente, a mulher foi liberada no Centro da cidade. O ve\u00edculo foi abandonado no bairro do Varadouro e localizado por uma guarni\u00e7\u00e3o da Pol\u00edcia Militar.<\/p>\n\n\n\n<p>Ap\u00f3s a comunica\u00e7\u00e3o do crime, equipes da DRFVC iniciaram dilig\u00eancias investigativas em conjunto com a UNINTELPOL e com a equipe respons\u00e1vel pelo monitoramento do sistema SMART CITY. A partir da an\u00e1lise de imagens e outras informa\u00e7\u00f5es de intelig\u00eancia, foram identificados inicialmente dois suspeitos respons\u00e1veis pelas movimenta\u00e7\u00f5es banc\u00e1rias realizadas durante o crime.<\/p>\n\n\n\n<p>Um indiv\u00edduo de 37 anos e outro de 24 anos foram presos por equipes da DRFVC na \u00e1rea conhecida como \u201cCracol\u00e2ndia\u201d, localizada no bairro do Varadouro. Dias depois, uma guarni\u00e7\u00e3o da Pol\u00edcia Militar prendeu outros dois suspeitos,de 39 anos e de 27 anos, na mesma regi\u00e3o. Um dos investigados foi reconhecido por uma v\u00edtima de outro roubo de ve\u00edculo ocorrido em circunst\u00e2ncias semelhantes.<\/p>\n\n\n\n<p>As investiga\u00e7\u00f5es conduzidas pela DRFVC apontam que o mesmo grupo criminoso pode estar envolvido em pelo menos tr\u00eas roubos de ve\u00edculos com caracter\u00edsticas semelhantes. As imagens dos investigados est\u00e3o sendo divulgadas com o objetivo de auxiliar na identifica\u00e7\u00e3o de outras poss\u00edveis v\u00edtimas e no esclarecimento de novos crimes praticados pelo grupo.<\/p>\n\n\n\n<p>V\u00edtimas que reconhe\u00e7am os investigados devem comparecer \u00e0 sede da DRFVC, localizada na Cidade da Pol\u00edcia Civil, no bairro do Geisel, em Jo\u00e3o Pessoa.Os investigados responder\u00e3o pelos crimes de roubo circunstanciado pelo emprego de arma de fogo, restri\u00e7\u00e3o da liberdade da v\u00edtima e concurso de pessoas, al\u00e9m de associa\u00e7\u00e3o criminosa armada. Somadas, as penas podem ultrapassar 10 anos de reclus\u00e3o para cada crime praticado.<\/p>\n\n\n\n<figure class=\"wp-block-image size-large\"><img  decoding=\"async\"  width=\"819\"  height=\"1024\"  src=\"https:\/\/www.pbagora.com.br\/storage\/2026\/03\/image-99-819x1024.png\"  alt=\"\"  class=\"wp-image-942181\"  srcset=\"https:\/\/www.pbagora.com.br\/storage\/2026\/03\/image-99-819x1024.png 819w, https:\/\/www.pbagora.com.br\/storage\/2026\/03\/image-99-240x300.png 240w, https:\/\/www.pbagora.com.br\/storage\/2026\/03\/image-99-120x150.png 120w, https:\/\/www.pbagora.com.br\/storage\/2026\/03\/image-99-768x960.png 768w, https:\/\/www.pbagora.com.br\/storage\/2026\/03\/image-99-1229x1536.png 1229w, https:\/\/www.pbagora.com.br\/storage\/2026\/03\/image-99-380x475.png 380w, https:\/\/www.pbagora.com.br\/storage\/2026\/03\/image-99-800x1000.png 800w, https:\/\/www.pbagora.com.br\/storage\/2026\/03\/image-99-1160x1450.png 1160w, https:\/\/www.pbagora.com.br\/storage\/2026\/03\/image-99-80x100.png 80w, https:\/\/www.pbagora.com.br\/storage\/2026\/03\/image-99-64x80.png 64w, https:\/\/www.pbagora.com.br\/storage\/2026\/03\/image-99-760x950.png 760w, https:\/\/www.pbagora.com.br\/storage\/2026\/03\/image-99-480x600.png 480w, https:\/\/www.pbagora.com.br\/storage\/2026\/03\/image-99.png 1280w\"  sizes=\"(max-width: 819px) 100vw, 819px\" ><figcaption class=\"wp-element-caption\">Foto: Divulga\u00e7\u00e3o\/PCPB<\/figcaption><\/figure>\n\n\n\n<p><strong><em>PB Agora<\/em><\/strong><\/p>\n","protected":false},"excerpt":{"rendered":"<p><img loading=\"lazy\" decoding=\"async\" width=\"1024\" height=\"695\" src=\"https:\/\/www.pbagora.com.br\/storage\/2026\/03\/image-100-1024x695.png\" class=\"attachment-large size-large wp-post-image\" alt=\"\" srcset=\"https:\/\/www.pbagora.com.br\/storage\/2026\/03\/image-100-1024x695.png 1024w, https:\/\/www.pbagora.com.br\/storage\/2026\/03\/image-100-300x203.png 300w, https:\/\/www.pbagora.com.br\/storage\/2026\/03\/image-100-150x102.png 150w, https:\/\/www.pbagora.com.br\/storage\/2026\/03\/image-100-768x521.png 768w, https:\/\/www.pbagora.com.br\/storage\/2026\/03\/image-100-380x258.png 380w, https:\/\/www.pbagora.com.br\/storage\/2026\/03\/image-100-800x543.png 800w, https:\/\/www.pbagora.com.br\/storage\/2026\/03\/image-100-1160x787.png 1160w, https:\/\/www.pbagora.com.br\/storage\/2026\/03\/image-100-80x54.png 80w, https:\/\/www.pbagora.com.br\/storage\/2026\/03\/image-100-760x516.png 760w, https:\/\/www.pbagora.com.br\/storage\/2026\/03\/image-100-600x407.png 600w, https:\/\/www.pbagora.com.br\/storage\/2026\/03\/image-100.png 1290w\" sizes=\"auto, (max-width: 1024px) 100vw, 1024px\"><\/p>\n<p>A Pol\u00edcia Civil da Para\u00edba, por meio da Delegacia de Roubos e Furtos de Ve\u00edculos e Cargas (DRFVC),\u2026<\/p>\n","protected":false},"author":123457,"featured_media":0,"comment_status":"closed","ping_status":"closed","sticky":false,"template":"","format":"standard","meta":{"advgb_blocks_editor_width":"","advgb_blocks_columns_visual_guide":"","footnotes":""},"categories":[34],"tags":[35,10839,10842],"class_list":["post-65518","post","type-post","status-publish","format-standard","hentry","category-g1","tag-g1","tag-policial","tag-principal3"],"author_meta":{"display_name":"Reda\u00e7\u00e3o","author_link":"https:\/\/sindaopcpb.org.br\/author\/redacao\/"},"featured_img":null,"coauthors":[],"tax_additional":{"categories":{"linked":["<a href=\"https:\/\/sindaopcpb.org.br\/g1\/\" class=\"advgb-post-tax-term\">G1<\/a>"],"unlinked":["<span class=\"advgb-post-tax-term\">G1<\/span>"]},"tags":{"linked":["<a href=\"https:\/\/sindaopcpb.org.br\/g1\/\" class=\"advgb-post-tax-term\">g1<\/a>","<a href=\"https:\/\/sindaopcpb.org.br\/g1\/\" class=\"advgb-post-tax-term\">Policial<\/a>","<a href=\"https:\/\/sindaopcpb.org.br\/g1\/\" class=\"advgb-post-tax-term\">Principal3<\/a>"],"unlinked":["<span class=\"advgb-post-tax-term\">g1<\/span>","<span class=\"advgb-post-tax-term\">Policial<\/span>","<span class=\"advgb-post-tax-term\">Principal3<\/span>"]}},"comment_count":"0","relative_dates":{"created":"Publicado 2 meses atr\u00e1s","modified":"Atualizado 2 meses atr\u00e1s"},"absolute_dates":{"created":"Publicado em 16 de mar\u00e7o de 2026","modified":"Atualizado em 16 de mar\u00e7o de 2026"},"absolute_dates_time":{"created":"Publicado em 16 de mar\u00e7o de 2026 11:43","modified":"Atualizado em 16 de mar\u00e7o de 2026 11:43"},"featured_img_caption":"","series_order":"","_links":{"self":[{"href":"https:\/\/sindaopcpb.org.br\/index.php\/wp-json\/wp\/v2\/posts\/65518","targetHints":{"allow":["GET"]}}],"collection":[{"href":"https:\/\/sindaopcpb.org.br\/index.php\/wp-json\/wp\/v2\/posts"}],"about":[{"href":"https:\/\/sindaopcpb.org.br\/index.php\/wp-json\/wp\/v2\/types\/post"}],"author":[{"embeddable":true,"href":"https:\/\/sindaopcpb.org.br\/index.php\/wp-json\/wp\/v2\/users\/123457"}],"replies":[{"embeddable":true,"href":"https:\/\/sindaopcpb.org.br\/index.php\/wp-json\/wp\/v2\/comments?post=65518"}],"version-history":[{"count":3,"href":"https:\/\/sindaopcpb.org.br\/index.php\/wp-json\/wp\/v2\/posts\/65518\/revisions"}],"predecessor-version":[{"id":65534,"href":"https:\/\/sindaopcpb.org.br\/index.php\/wp-json\/wp\/v2\/posts\/65518\/revisions\/65534"}],"wp:attachment":[{"href":"https:\/\/sindaopcpb.org.br\/index.php\/wp-json\/wp\/v2\/media?parent=65518"}],"wp:term":[{"taxonomy":"category","embeddable":true,"href":"https:\/\/sindaopcpb.org.br\/index.php\/wp-json\/wp\/v2\/categories?post=65518"},{"taxonomy":"post_tag","embeddable":true,"href":"https:\/\/sindaopcpb.org.br\/index.php\/wp-json\/wp\/v2\/tags?post=65518"}],"curies":[{"name":"wp","href":"https:\/\/api.w.org\/{rel}","templated":true}]}}