{"id":65514,"date":"2026-03-16T09:44:20","date_gmt":"2026-03-16T12:44:20","guid":{"rendered":"https:\/\/www.pbagora.com.br\/?p=942151"},"modified":"2026-03-16T11:11:20","modified_gmt":"2026-03-16T14:11:20","slug":"cinco-suspeitos-de-integrarem-faccao-criminosa-sao-presos-apos-ataque-a-tiros-em-santa-rita","status":"publish","type":"post","link":"https:\/\/sindaopcpb.org.br\/index.php\/2026\/03\/16\/cinco-suspeitos-de-integrarem-faccao-criminosa-sao-presos-apos-ataque-a-tiros-em-santa-rita\/","title":{"rendered":"Cinco suspeitos de integrarem fac\u00e7\u00e3o criminosa s\u00e3o presos ap\u00f3s ataque a tiros em Santa Rita"},"content":{"rendered":"<p><img width=\"984\" height=\"547\" src=\"https:\/\/www.pbagora.com.br\/storage\/2025\/12\/POLOC.webp\" class=\"attachment-large size-large wp-post-image\" alt=\"\" style=\"margin-bottom: 20px;\" decoding=\"async\" loading=\"lazy\" srcset=\"https:\/\/www.pbagora.com.br\/storage\/2025\/12\/POLOC.webp 984w, https:\/\/www.pbagora.com.br\/storage\/2025\/12\/POLOC-300x167.webp 300w, https:\/\/www.pbagora.com.br\/storage\/2025\/12\/POLOC-150x83.webp 150w, https:\/\/www.pbagora.com.br\/storage\/2025\/12\/POLOC-768x427.webp 768w, https:\/\/www.pbagora.com.br\/storage\/2025\/12\/POLOC-380x211.webp 380w, https:\/\/www.pbagora.com.br\/storage\/2025\/12\/POLOC-800x445.webp 800w, https:\/\/www.pbagora.com.br\/storage\/2025\/12\/POLOC-80x44.webp 80w, https:\/\/www.pbagora.com.br\/storage\/2025\/12\/POLOC-760x422.webp 760w, https:\/\/www.pbagora.com.br\/storage\/2025\/12\/POLOC-600x334.webp 600w\" sizes=\"auto, (max-width: 984px) 100vw, 984px\" \/><\/p>\n<p>Cinco homens suspeitos de integrar uma fac\u00e7\u00e3o criminosa foram presos na noite desse domingo (15) ap\u00f3s um ataque a tiros que deixou um homem morto e uma mulher ferida no distrito de Bebel\u00e2ndia, em Santa Rita, Regi\u00e3o Metropolitana de Jo\u00e3o Pessoa. A a\u00e7\u00e3o foi resultado de uma opera\u00e7\u00e3o da Pol\u00edcia Militar da Para\u00edba, que interceptou o grupo durante persegui\u00e7\u00e3o na BR-101.<\/p>\n\n\n\n<p>De acordo com a PM os suspeitos invadiram um local e efetuaram diversos disparos contra duas pessoas. O homem foi atingido por 18 tiros e morreu ainda no local, enquanto sua esposa sofreu dois disparos na perna e foi socorrida. As identidades das v\u00edtimas n\u00e3o foram divulgadas.<\/p>\n\n\n\n<p>Ap\u00f3s o ataque, equipes que j\u00e1 realizavam patrulhamento t\u00e1tico na regi\u00e3o iniciaram dilig\u00eancias para localizar os autores. Os suspeitos chegaram a se esconder em uma \u00e1rea de mata e invadir resid\u00eancias durante a fuga. O grupo foi localizado quando um ve\u00edculo saiu da regi\u00e3o e foi interceptado pelos policiais. Durante a persegui\u00e7\u00e3o, houve troca de tiros, mas os homens acabaram sendo capturados.<\/p>\n\n\n\n<p>Na abordagem, foram apreendidas tr\u00eas pistolas e um rev\u00f3lver. Segundo a Pol\u00edcia Militar, quatro dos cinco presos estavam armados.<\/p>\n\n\n\n<p><strong><em>PB Agora<\/em><\/strong><\/p>\n","protected":false},"excerpt":{"rendered":"<p><img decoding=\"async\" width=\"984\" height=\"547\" src=\"https:\/\/www.pbagora.com.br\/storage\/2025\/12\/POLOC.webp\" class=\"attachment-large size-large wp-post-image\" alt=\"\" loading=\"lazy\" srcset=\"https:\/\/www.pbagora.com.br\/storage\/2025\/12\/POLOC.webp 984w, https:\/\/www.pbagora.com.br\/storage\/2025\/12\/POLOC-300x167.webp 300w, https:\/\/www.pbagora.com.br\/storage\/2025\/12\/POLOC-150x83.webp 150w, https:\/\/www.pbagora.com.br\/storage\/2025\/12\/POLOC-768x427.webp 768w, https:\/\/www.pbagora.com.br\/storage\/2025\/12\/POLOC-380x211.webp 380w, https:\/\/www.pbagora.com.br\/storage\/2025\/12\/POLOC-800x445.webp 800w, https:\/\/www.pbagora.com.br\/storage\/2025\/12\/POLOC-80x44.webp 80w, https:\/\/www.pbagora.com.br\/storage\/2025\/12\/POLOC-760x422.webp 760w, https:\/\/www.pbagora.com.br\/storage\/2025\/12\/POLOC-600x334.webp 600w\" sizes=\"auto, (max-width: 984px) 100vw, 984px\"><\/p>\n<p>Cinco homens suspeitos de integrar uma fac\u00e7\u00e3o criminosa foram presos na noite desse domingo (15) ap\u00f3s um ataque\u2026<\/p>\n","protected":false},"author":123457,"featured_media":0,"comment_status":"closed","ping_status":"closed","sticky":false,"template":"","format":"standard","meta":{"advgb_blocks_editor_width":"","advgb_blocks_columns_visual_guide":"","footnotes":""},"categories":[34],"tags":[10841,35,10839],"class_list":["post-65514","post","type-post","status-publish","format-standard","hentry","category-g1","tag-destaque-centro-02","tag-g1","tag-policial"],"author_meta":{"display_name":"Reda\u00e7\u00e3o","author_link":"https:\/\/sindaopcpb.org.br\/author\/redacao\/"},"featured_img":null,"coauthors":[],"tax_additional":{"categories":{"linked":["<a href=\"https:\/\/sindaopcpb.org.br\/g1\/\" class=\"advgb-post-tax-term\">G1<\/a>"],"unlinked":["<span class=\"advgb-post-tax-term\">G1<\/span>"]},"tags":{"linked":["<a href=\"https:\/\/sindaopcpb.org.br\/g1\/\" class=\"advgb-post-tax-term\">Destaque Centro 02<\/a>","<a href=\"https:\/\/sindaopcpb.org.br\/g1\/\" class=\"advgb-post-tax-term\">g1<\/a>","<a href=\"https:\/\/sindaopcpb.org.br\/g1\/\" class=\"advgb-post-tax-term\">Policial<\/a>"],"unlinked":["<span class=\"advgb-post-tax-term\">Destaque Centro 02<\/span>","<span class=\"advgb-post-tax-term\">g1<\/span>","<span class=\"advgb-post-tax-term\">Policial<\/span>"]}},"comment_count":"0","relative_dates":{"created":"Publicado 2 meses atr\u00e1s","modified":"Atualizado 2 meses atr\u00e1s"},"absolute_dates":{"created":"Publicado em 16 de mar\u00e7o de 2026","modified":"Atualizado em 16 de mar\u00e7o de 2026"},"absolute_dates_time":{"created":"Publicado em 16 de mar\u00e7o de 2026 09:44","modified":"Atualizado em 16 de mar\u00e7o de 2026 11:11"},"featured_img_caption":"","series_order":"","_links":{"self":[{"href":"https:\/\/sindaopcpb.org.br\/index.php\/wp-json\/wp\/v2\/posts\/65514","targetHints":{"allow":["GET"]}}],"collection":[{"href":"https:\/\/sindaopcpb.org.br\/index.php\/wp-json\/wp\/v2\/posts"}],"about":[{"href":"https:\/\/sindaopcpb.org.br\/index.php\/wp-json\/wp\/v2\/types\/post"}],"author":[{"embeddable":true,"href":"https:\/\/sindaopcpb.org.br\/index.php\/wp-json\/wp\/v2\/users\/123457"}],"replies":[{"embeddable":true,"href":"https:\/\/sindaopcpb.org.br\/index.php\/wp-json\/wp\/v2\/comments?post=65514"}],"version-history":[{"count":2,"href":"https:\/\/sindaopcpb.org.br\/index.php\/wp-json\/wp\/v2\/posts\/65514\/revisions"}],"predecessor-version":[{"id":65521,"href":"https:\/\/sindaopcpb.org.br\/index.php\/wp-json\/wp\/v2\/posts\/65514\/revisions\/65521"}],"wp:attachment":[{"href":"https:\/\/sindaopcpb.org.br\/index.php\/wp-json\/wp\/v2\/media?parent=65514"}],"wp:term":[{"taxonomy":"category","embeddable":true,"href":"https:\/\/sindaopcpb.org.br\/index.php\/wp-json\/wp\/v2\/categories?post=65514"},{"taxonomy":"post_tag","embeddable":true,"href":"https:\/\/sindaopcpb.org.br\/index.php\/wp-json\/wp\/v2\/tags?post=65514"}],"curies":[{"name":"wp","href":"https:\/\/api.w.org\/{rel}","templated":true}]}}