{"id":65509,"date":"2026-03-16T08:48:33","date_gmt":"2026-03-16T11:48:33","guid":{"rendered":"https:\/\/www.pbagora.com.br\/?p=942123"},"modified":"2026-03-16T08:48:33","modified_gmt":"2026-03-16T11:48:33","slug":"jp-delegado-da-policia-civil-e-afastado-apos-denuncia-de-ato-obsceno-em-praia","status":"publish","type":"post","link":"https:\/\/sindaopcpb.org.br\/index.php\/2026\/03\/16\/jp-delegado-da-policia-civil-e-afastado-apos-denuncia-de-ato-obsceno-em-praia\/","title":{"rendered":"JP: delegado da Pol\u00edcia Civil \u00e9 afastado ap\u00f3s den\u00fancia de ato obsceno em praia"},"content":{"rendered":"<p><img width=\"984\" height=\"485\" src=\"https:\/\/www.pbagora.com.br\/storage\/2026\/03\/image-95.png\" class=\"attachment-large size-large wp-post-image\" alt=\"\" style=\"margin-bottom: 20px;\" decoding=\"async\" loading=\"lazy\" srcset=\"https:\/\/www.pbagora.com.br\/storage\/2026\/03\/image-95.png 984w, https:\/\/www.pbagora.com.br\/storage\/2026\/03\/image-95-300x148.png 300w, https:\/\/www.pbagora.com.br\/storage\/2026\/03\/image-95-150x74.png 150w, https:\/\/www.pbagora.com.br\/storage\/2026\/03\/image-95-768x379.png 768w, https:\/\/www.pbagora.com.br\/storage\/2026\/03\/image-95-380x187.png 380w, https:\/\/www.pbagora.com.br\/storage\/2026\/03\/image-95-800x394.png 800w, https:\/\/www.pbagora.com.br\/storage\/2026\/03\/image-95-80x39.png 80w, https:\/\/www.pbagora.com.br\/storage\/2026\/03\/image-95-760x375.png 760w, https:\/\/www.pbagora.com.br\/storage\/2026\/03\/image-95-600x296.png 600w\" sizes=\"auto, (max-width: 984px) 100vw, 984px\" \/><\/p>\n<p>Um delegado da Pol\u00edcia Civil Para\u00edba foi afastado preventivamente de suas fun\u00e7\u00f5es ap\u00f3s ser acusado de praticar ato obsceno em uma praia de Jo\u00e3o Pessoa. A medida foi anunciada pela pr\u00f3pria corpora\u00e7\u00e3o, que informou que o afastamento tem car\u00e1ter cautelar enquanto as circunst\u00e2ncias do epis\u00f3dio s\u00e3o investigadas.<\/p>\n\n\n\n<p>De acordo com informa\u00e7\u00f5es iniciais, o caso teria ocorrido em uma \u00e1rea de praia da capital e foi presenciado por pessoas que estavam no local. A den\u00fancia levou a Corregedoria da Pol\u00edcia Civil a instaurar um procedimento administrativo para apurar a conduta do agente.<\/p>\n\n\n\n<p>Durante o per\u00edodo de afastamento, o servidor ficar\u00e1 impedido de exercer suas atividades at\u00e9 a conclus\u00e3o das apura\u00e7\u00f5es internas. Caso a irregularidade seja confirmada, ele poder\u00e1 sofrer san\u00e7\u00f5es administrativas e responder criminalmente pelo crime de ato obsceno, previsto no C\u00f3digo Penal brasileiro.<\/p>\n\n\n\n<p><strong><em>PB Agora<\/em><\/strong><\/p>\n","protected":false},"excerpt":{"rendered":"<p><img loading=\"lazy\" decoding=\"async\" width=\"984\" height=\"485\" src=\"https:\/\/www.pbagora.com.br\/storage\/2026\/03\/image-95.png\" class=\"attachment-large size-large wp-post-image\" alt=\"\" srcset=\"https:\/\/www.pbagora.com.br\/storage\/2026\/03\/image-95.png 984w, https:\/\/www.pbagora.com.br\/storage\/2026\/03\/image-95-300x148.png 300w, https:\/\/www.pbagora.com.br\/storage\/2026\/03\/image-95-150x74.png 150w, https:\/\/www.pbagora.com.br\/storage\/2026\/03\/image-95-768x379.png 768w, https:\/\/www.pbagora.com.br\/storage\/2026\/03\/image-95-380x187.png 380w, https:\/\/www.pbagora.com.br\/storage\/2026\/03\/image-95-800x394.png 800w, https:\/\/www.pbagora.com.br\/storage\/2026\/03\/image-95-80x39.png 80w, https:\/\/www.pbagora.com.br\/storage\/2026\/03\/image-95-760x375.png 760w, https:\/\/www.pbagora.com.br\/storage\/2026\/03\/image-95-600x296.png 600w\" sizes=\"auto, (max-width: 984px) 100vw, 984px\"><\/p>\n<p>Um delegado da Pol\u00edcia Civil Para\u00edba foi afastado preventivamente de suas fun\u00e7\u00f5es ap\u00f3s ser acusado de praticar ato\u2026<\/p>\n","protected":false},"author":123457,"featured_media":0,"comment_status":"closed","ping_status":"closed","sticky":false,"template":"","format":"standard","meta":{"advgb_blocks_editor_width":"","advgb_blocks_columns_visual_guide":"","footnotes":""},"categories":[34],"tags":[35,10839,10842],"class_list":["post-65509","post","type-post","status-publish","format-standard","hentry","category-g1","tag-g1","tag-policial","tag-principal3"],"author_meta":{"display_name":"Reda\u00e7\u00e3o","author_link":"https:\/\/sindaopcpb.org.br\/author\/redacao\/"},"featured_img":null,"coauthors":[],"tax_additional":{"categories":{"linked":["<a href=\"https:\/\/sindaopcpb.org.br\/g1\/\" class=\"advgb-post-tax-term\">G1<\/a>"],"unlinked":["<span class=\"advgb-post-tax-term\">G1<\/span>"]},"tags":{"linked":["<a href=\"https:\/\/sindaopcpb.org.br\/g1\/\" class=\"advgb-post-tax-term\">g1<\/a>","<a href=\"https:\/\/sindaopcpb.org.br\/g1\/\" class=\"advgb-post-tax-term\">Policial<\/a>","<a href=\"https:\/\/sindaopcpb.org.br\/g1\/\" class=\"advgb-post-tax-term\">Principal3<\/a>"],"unlinked":["<span class=\"advgb-post-tax-term\">g1<\/span>","<span class=\"advgb-post-tax-term\">Policial<\/span>","<span class=\"advgb-post-tax-term\">Principal3<\/span>"]}},"comment_count":"0","relative_dates":{"created":"Publicado 2 meses atr\u00e1s","modified":"Atualizado 2 meses atr\u00e1s"},"absolute_dates":{"created":"Publicado em 16 de mar\u00e7o de 2026","modified":"Atualizado em 16 de mar\u00e7o de 2026"},"absolute_dates_time":{"created":"Publicado em 16 de mar\u00e7o de 2026 08:48","modified":"Atualizado em 16 de mar\u00e7o de 2026 08:48"},"featured_img_caption":"","series_order":"","_links":{"self":[{"href":"https:\/\/sindaopcpb.org.br\/index.php\/wp-json\/wp\/v2\/posts\/65509","targetHints":{"allow":["GET"]}}],"collection":[{"href":"https:\/\/sindaopcpb.org.br\/index.php\/wp-json\/wp\/v2\/posts"}],"about":[{"href":"https:\/\/sindaopcpb.org.br\/index.php\/wp-json\/wp\/v2\/types\/post"}],"author":[{"embeddable":true,"href":"https:\/\/sindaopcpb.org.br\/index.php\/wp-json\/wp\/v2\/users\/123457"}],"replies":[{"embeddable":true,"href":"https:\/\/sindaopcpb.org.br\/index.php\/wp-json\/wp\/v2\/comments?post=65509"}],"version-history":[{"count":2,"href":"https:\/\/sindaopcpb.org.br\/index.php\/wp-json\/wp\/v2\/posts\/65509\/revisions"}],"predecessor-version":[{"id":65516,"href":"https:\/\/sindaopcpb.org.br\/index.php\/wp-json\/wp\/v2\/posts\/65509\/revisions\/65516"}],"wp:attachment":[{"href":"https:\/\/sindaopcpb.org.br\/index.php\/wp-json\/wp\/v2\/media?parent=65509"}],"wp:term":[{"taxonomy":"category","embeddable":true,"href":"https:\/\/sindaopcpb.org.br\/index.php\/wp-json\/wp\/v2\/categories?post=65509"},{"taxonomy":"post_tag","embeddable":true,"href":"https:\/\/sindaopcpb.org.br\/index.php\/wp-json\/wp\/v2\/tags?post=65509"}],"curies":[{"name":"wp","href":"https:\/\/api.w.org\/{rel}","templated":true}]}}