{"id":65502,"date":"2026-03-16T06:16:20","date_gmt":"2026-03-16T09:16:20","guid":{"rendered":"https:\/\/www.pbagora.com.br\/?p=942107"},"modified":"2026-03-16T10:49:52","modified_gmt":"2026-03-16T13:49:52","slug":"acao-da-policia-militar-captura-homem-foragido-da-justica-na-cidade-de-sape","status":"publish","type":"post","link":"https:\/\/sindaopcpb.org.br\/index.php\/2026\/03\/16\/acao-da-policia-militar-captura-homem-foragido-da-justica-na-cidade-de-sape\/","title":{"rendered":"A\u00e7\u00e3o da Pol\u00edcia Militar captura homem foragido da justi\u00e7a na cidade de Sap\u00e9"},"content":{"rendered":"<p><img width=\"800\" height=\"445\" src=\"https:\/\/www.pbagora.com.br\/storage\/2026\/03\/WhatsApp-Image-2026-03-15-at-17.32.34-1-800x445-1.png\" class=\"attachment-large size-large wp-post-image\" alt=\"\" style=\"margin-bottom: 20px;\" decoding=\"async\" srcset=\"https:\/\/www.pbagora.com.br\/storage\/2026\/03\/WhatsApp-Image-2026-03-15-at-17.32.34-1-800x445-1.png 800w, https:\/\/www.pbagora.com.br\/storage\/2026\/03\/WhatsApp-Image-2026-03-15-at-17.32.34-1-800x445-1-300x167.png 300w, https:\/\/www.pbagora.com.br\/storage\/2026\/03\/WhatsApp-Image-2026-03-15-at-17.32.34-1-800x445-1-150x83.png 150w, https:\/\/www.pbagora.com.br\/storage\/2026\/03\/WhatsApp-Image-2026-03-15-at-17.32.34-1-800x445-1-768x427.png 768w, https:\/\/www.pbagora.com.br\/storage\/2026\/03\/WhatsApp-Image-2026-03-15-at-17.32.34-1-800x445-1-380x211.png 380w, https:\/\/www.pbagora.com.br\/storage\/2026\/03\/WhatsApp-Image-2026-03-15-at-17.32.34-1-800x445-1-80x46.png 80w, https:\/\/www.pbagora.com.br\/storage\/2026\/03\/WhatsApp-Image-2026-03-15-at-17.32.34-1-800x445-1-760x423.png 760w, https:\/\/www.pbagora.com.br\/storage\/2026\/03\/WhatsApp-Image-2026-03-15-at-17.32.34-1-800x445-1-600x334.png 600w\" sizes=\"(max-width: 800px) 100vw, 800px\" \/><\/p>\n<p><\/p>\n\n\n\n<p>Na tarde de ontem (15), policiais militares do 24\u00ba BPM realizaram a pris\u00e3o de um homem, de 52 anos, durante abordagem a um \u00f4nibus, na tarde deste domingo, no centro da cidade de Sap\u00e9. A a\u00e7\u00e3o ocorreu em apoio \u00e0 FICCO\/PB (For\u00e7a Integrada de Combate ao Crime Organizado da Para\u00edba).<\/p>\n\n\n\n<p>Durante a abordagem, o suspeito foi identificado e, ap\u00f3s consulta no Banco Nacional de Mandados de Pris\u00e3o (BNMP), foi confirmado que havia um mandado de pris\u00e3o em aberto em seu desfavor pelo crime de homic\u00eddio qualificado.<\/p>\n\n\n\n<p>Diante da confirma\u00e7\u00e3o da ordem judicial, foi dada voz de pris\u00e3o ao indiv\u00edduo. O homem foi conduzido \u00e0 Delegacia de Pol\u00edcia Civil de Itabaiana para a ado\u00e7\u00e3o dos procedimentos cab\u00edveis.<\/p>\n\n\n\n<p>Reda\u00e7\u00e3o<\/p>\n","protected":false},"excerpt":{"rendered":"<p><img loading=\"lazy\" decoding=\"async\" width=\"800\" height=\"445\" src=\"https:\/\/www.pbagora.com.br\/storage\/2026\/03\/WhatsApp-Image-2026-03-15-at-17.32.34-1-800x445-1.png\" class=\"attachment-large size-large wp-post-image\" alt=\"\" srcset=\"https:\/\/www.pbagora.com.br\/storage\/2026\/03\/WhatsApp-Image-2026-03-15-at-17.32.34-1-800x445-1.png 800w, https:\/\/www.pbagora.com.br\/storage\/2026\/03\/WhatsApp-Image-2026-03-15-at-17.32.34-1-800x445-1-300x167.png 300w, https:\/\/www.pbagora.com.br\/storage\/2026\/03\/WhatsApp-Image-2026-03-15-at-17.32.34-1-800x445-1-150x83.png 150w, https:\/\/www.pbagora.com.br\/storage\/2026\/03\/WhatsApp-Image-2026-03-15-at-17.32.34-1-800x445-1-768x427.png 768w, https:\/\/www.pbagora.com.br\/storage\/2026\/03\/WhatsApp-Image-2026-03-15-at-17.32.34-1-800x445-1-380x211.png 380w, https:\/\/www.pbagora.com.br\/storage\/2026\/03\/WhatsApp-Image-2026-03-15-at-17.32.34-1-800x445-1-80x46.png 80w, https:\/\/www.pbagora.com.br\/storage\/2026\/03\/WhatsApp-Image-2026-03-15-at-17.32.34-1-800x445-1-760x423.png 760w, https:\/\/www.pbagora.com.br\/storage\/2026\/03\/WhatsApp-Image-2026-03-15-at-17.32.34-1-800x445-1-600x334.png 600w\" sizes=\"auto, (max-width: 800px) 100vw, 800px\"><\/p>\n<p>Na tarde de ontem (15), policiais militares do 24\u00ba BPM realizaram a pris\u00e3o de um homem, de 52\u2026<\/p>\n","protected":false},"author":123457,"featured_media":0,"comment_status":"closed","ping_status":"closed","sticky":false,"template":"","format":"standard","meta":{"advgb_blocks_editor_width":"","advgb_blocks_columns_visual_guide":"","footnotes":""},"categories":[34],"tags":[35,10839,10848],"class_list":["post-65502","post","type-post","status-publish","format-standard","hentry","category-g1","tag-g1","tag-policial","tag-rodape-01"],"author_meta":{"display_name":"Reda\u00e7\u00e3o","author_link":"https:\/\/sindaopcpb.org.br\/author\/redacao\/"},"featured_img":null,"coauthors":[],"tax_additional":{"categories":{"linked":["<a href=\"https:\/\/sindaopcpb.org.br\/g1\/\" class=\"advgb-post-tax-term\">G1<\/a>"],"unlinked":["<span class=\"advgb-post-tax-term\">G1<\/span>"]},"tags":{"linked":["<a href=\"https:\/\/sindaopcpb.org.br\/g1\/\" class=\"advgb-post-tax-term\">g1<\/a>","<a href=\"https:\/\/sindaopcpb.org.br\/g1\/\" class=\"advgb-post-tax-term\">Policial<\/a>","<a href=\"https:\/\/sindaopcpb.org.br\/g1\/\" class=\"advgb-post-tax-term\">Rodape 01<\/a>"],"unlinked":["<span class=\"advgb-post-tax-term\">g1<\/span>","<span class=\"advgb-post-tax-term\">Policial<\/span>","<span class=\"advgb-post-tax-term\">Rodape 01<\/span>"]}},"comment_count":"0","relative_dates":{"created":"Publicado 2 meses atr\u00e1s","modified":"Atualizado 2 meses atr\u00e1s"},"absolute_dates":{"created":"Publicado em 16 de mar\u00e7o de 2026","modified":"Atualizado em 16 de mar\u00e7o de 2026"},"absolute_dates_time":{"created":"Publicado em 16 de mar\u00e7o de 2026 06:16","modified":"Atualizado em 16 de mar\u00e7o de 2026 10:49"},"featured_img_caption":"","series_order":"","_links":{"self":[{"href":"https:\/\/sindaopcpb.org.br\/index.php\/wp-json\/wp\/v2\/posts\/65502","targetHints":{"allow":["GET"]}}],"collection":[{"href":"https:\/\/sindaopcpb.org.br\/index.php\/wp-json\/wp\/v2\/posts"}],"about":[{"href":"https:\/\/sindaopcpb.org.br\/index.php\/wp-json\/wp\/v2\/types\/post"}],"author":[{"embeddable":true,"href":"https:\/\/sindaopcpb.org.br\/index.php\/wp-json\/wp\/v2\/users\/123457"}],"replies":[{"embeddable":true,"href":"https:\/\/sindaopcpb.org.br\/index.php\/wp-json\/wp\/v2\/comments?post=65502"}],"version-history":[{"count":4,"href":"https:\/\/sindaopcpb.org.br\/index.php\/wp-json\/wp\/v2\/posts\/65502\/revisions"}],"predecessor-version":[{"id":65513,"href":"https:\/\/sindaopcpb.org.br\/index.php\/wp-json\/wp\/v2\/posts\/65502\/revisions\/65513"}],"wp:attachment":[{"href":"https:\/\/sindaopcpb.org.br\/index.php\/wp-json\/wp\/v2\/media?parent=65502"}],"wp:term":[{"taxonomy":"category","embeddable":true,"href":"https:\/\/sindaopcpb.org.br\/index.php\/wp-json\/wp\/v2\/categories?post=65502"},{"taxonomy":"post_tag","embeddable":true,"href":"https:\/\/sindaopcpb.org.br\/index.php\/wp-json\/wp\/v2\/tags?post=65502"}],"curies":[{"name":"wp","href":"https:\/\/api.w.org\/{rel}","templated":true}]}}