{"id":65492,"date":"2026-03-14T12:40:33","date_gmt":"2026-03-14T15:40:33","guid":{"rendered":"https:\/\/www.pbagora.com.br\/?p=942046"},"modified":"2026-03-14T16:55:33","modified_gmt":"2026-03-14T19:55:33","slug":"comandante-da-pmpb-sergio-fonseca-sofre-acidente-com-moto-aquatica-durante-treinamento-e-e-levado-ao-trauma","status":"publish","type":"post","link":"https:\/\/sindaopcpb.org.br\/index.php\/2026\/03\/14\/comandante-da-pmpb-sergio-fonseca-sofre-acidente-com-moto-aquatica-durante-treinamento-e-e-levado-ao-trauma\/","title":{"rendered":"Comandante da PMPB, S\u00e9rgio Fonseca sofre acidente com moto aqu\u00e1tica \u00e9 levado ao Trauma"},"content":{"rendered":"<p><img width=\"406\" height=\"552\" src=\"https:\/\/www.pbagora.com.br\/storage\/2026\/03\/cel-sergio-fonseca.jpeg\" class=\"attachment-large size-large wp-post-image\" alt=\"\" style=\"margin-bottom: 20px;\" decoding=\"async\" srcset=\"https:\/\/www.pbagora.com.br\/storage\/2026\/03\/cel-sergio-fonseca.jpeg 406w, https:\/\/www.pbagora.com.br\/storage\/2026\/03\/cel-sergio-fonseca-221x300.jpeg 221w, https:\/\/www.pbagora.com.br\/storage\/2026\/03\/cel-sergio-fonseca-110x150.jpeg 110w, https:\/\/www.pbagora.com.br\/storage\/2026\/03\/cel-sergio-fonseca-380x517.jpeg 380w, https:\/\/www.pbagora.com.br\/storage\/2026\/03\/cel-sergio-fonseca-80x109.jpeg 80w, https:\/\/www.pbagora.com.br\/storage\/2026\/03\/cel-sergio-fonseca-59x80.jpeg 59w\" sizes=\"(max-width: 406px) 100vw, 406px\" \/><\/p>\n<p>Na manh\u00e3 deste s\u00e1bado (14), o comandante-geral da Pol\u00edcia Militar da Para\u00edba, S\u00e9rgio Fonseca, sofreu um acidente enquanto pilotava uma motoaqu\u00e1tica durante um treinamento da na Praia de Jacar\u00e9, em Cabedelo. O comandante sofreu um corte na regi\u00e3o do rosto durante uma manobra.<\/p>\n\n\n\n<p>Coronel S\u00e9rgio Fonseca foi levado ao Hospital de Trauma de Jo\u00e3o Pessoa consciente e orientado, e passou por uma sutura no maxiliar. A assessoria do hospital informou que o oficial deve receber alta ainda neste s\u00e1bado.<\/p>\n\n\n\n<p>O militar usou as redes sociais para tranquilizar os colegas de corpora\u00e7\u00e3o. \u201cDurante uma manobra, estava na garupa, e o jetski bateu aqui no rosto, mas gra\u00e7as a Deus est\u00e1 tudo tranquilo. Tranquilizar a\u00ed todo mundo que est\u00e1 mandando mensagens. Dizer que mais tarde estaremos a\u00ed nas ruas da capital paraibana\u201d, disse o coronel.<\/p>\n\n\n\n<p><a href=\"https:\/\/www.instagram.com\/stories\/sergiofonsecapb\/\" data-type=\"link\" data-id=\"https:\/\/www.instagram.com\/stories\/sergiofonsecapb\/\">Confira postagem<\/a><\/p>\n\n\n\n<p><\/p>\n\n\n\n<p><strong><em>PB Agora<\/em><\/strong><\/p>\n","protected":false},"excerpt":{"rendered":"<p><img loading=\"lazy\" decoding=\"async\" width=\"406\" height=\"552\" src=\"https:\/\/www.pbagora.com.br\/storage\/2026\/03\/cel-sergio-fonseca.jpeg\" class=\"attachment-large size-large wp-post-image\" alt=\"\" srcset=\"https:\/\/www.pbagora.com.br\/storage\/2026\/03\/cel-sergio-fonseca.jpeg 406w, https:\/\/www.pbagora.com.br\/storage\/2026\/03\/cel-sergio-fonseca-221x300.jpeg 221w, https:\/\/www.pbagora.com.br\/storage\/2026\/03\/cel-sergio-fonseca-110x150.jpeg 110w, https:\/\/www.pbagora.com.br\/storage\/2026\/03\/cel-sergio-fonseca-380x517.jpeg 380w, https:\/\/www.pbagora.com.br\/storage\/2026\/03\/cel-sergio-fonseca-80x109.jpeg 80w, https:\/\/www.pbagora.com.br\/storage\/2026\/03\/cel-sergio-fonseca-59x80.jpeg 59w\" sizes=\"auto, (max-width: 406px) 100vw, 406px\"><\/p>\n<p>Na manh\u00e3 deste s\u00e1bado (14), o comandante-geral da Pol\u00edcia Militar da Para\u00edba, S\u00e9rgio Fonseca, sofreu um acidente enquanto\u2026<\/p>\n","protected":false},"author":123457,"featured_media":0,"comment_status":"closed","ping_status":"closed","sticky":false,"template":"","format":"standard","meta":{"advgb_blocks_editor_width":"","advgb_blocks_columns_visual_guide":"","footnotes":""},"categories":[34],"tags":[10841,35,10839],"class_list":["post-65492","post","type-post","status-publish","format-standard","hentry","category-g1","tag-destaque-centro-02","tag-g1","tag-policial"],"author_meta":{"display_name":"Reda\u00e7\u00e3o","author_link":"https:\/\/sindaopcpb.org.br\/author\/redacao\/"},"featured_img":null,"coauthors":[],"tax_additional":{"categories":{"linked":["<a href=\"https:\/\/sindaopcpb.org.br\/g1\/\" class=\"advgb-post-tax-term\">G1<\/a>"],"unlinked":["<span class=\"advgb-post-tax-term\">G1<\/span>"]},"tags":{"linked":["<a href=\"https:\/\/sindaopcpb.org.br\/g1\/\" class=\"advgb-post-tax-term\">Destaque Centro 02<\/a>","<a href=\"https:\/\/sindaopcpb.org.br\/g1\/\" class=\"advgb-post-tax-term\">g1<\/a>","<a href=\"https:\/\/sindaopcpb.org.br\/g1\/\" class=\"advgb-post-tax-term\">Policial<\/a>"],"unlinked":["<span class=\"advgb-post-tax-term\">Destaque Centro 02<\/span>","<span class=\"advgb-post-tax-term\">g1<\/span>","<span class=\"advgb-post-tax-term\">Policial<\/span>"]}},"comment_count":"0","relative_dates":{"created":"Publicado 2 meses atr\u00e1s","modified":"Atualizado 2 meses atr\u00e1s"},"absolute_dates":{"created":"Publicado em 14 de mar\u00e7o de 2026","modified":"Atualizado em 14 de mar\u00e7o de 2026"},"absolute_dates_time":{"created":"Publicado em 14 de mar\u00e7o de 2026 12:40","modified":"Atualizado em 14 de mar\u00e7o de 2026 16:55"},"featured_img_caption":"","series_order":"","_links":{"self":[{"href":"https:\/\/sindaopcpb.org.br\/index.php\/wp-json\/wp\/v2\/posts\/65492","targetHints":{"allow":["GET"]}}],"collection":[{"href":"https:\/\/sindaopcpb.org.br\/index.php\/wp-json\/wp\/v2\/posts"}],"about":[{"href":"https:\/\/sindaopcpb.org.br\/index.php\/wp-json\/wp\/v2\/types\/post"}],"author":[{"embeddable":true,"href":"https:\/\/sindaopcpb.org.br\/index.php\/wp-json\/wp\/v2\/users\/123457"}],"replies":[{"embeddable":true,"href":"https:\/\/sindaopcpb.org.br\/index.php\/wp-json\/wp\/v2\/comments?post=65492"}],"version-history":[{"count":4,"href":"https:\/\/sindaopcpb.org.br\/index.php\/wp-json\/wp\/v2\/posts\/65492\/revisions"}],"predecessor-version":[{"id":65505,"href":"https:\/\/sindaopcpb.org.br\/index.php\/wp-json\/wp\/v2\/posts\/65492\/revisions\/65505"}],"wp:attachment":[{"href":"https:\/\/sindaopcpb.org.br\/index.php\/wp-json\/wp\/v2\/media?parent=65492"}],"wp:term":[{"taxonomy":"category","embeddable":true,"href":"https:\/\/sindaopcpb.org.br\/index.php\/wp-json\/wp\/v2\/categories?post=65492"},{"taxonomy":"post_tag","embeddable":true,"href":"https:\/\/sindaopcpb.org.br\/index.php\/wp-json\/wp\/v2\/tags?post=65492"}],"curies":[{"name":"wp","href":"https:\/\/api.w.org\/{rel}","templated":true}]}}