{"id":65486,"date":"2026-03-14T08:30:30","date_gmt":"2026-03-14T11:30:30","guid":{"rendered":"https:\/\/www.pbagora.com.br\/?p=942030"},"modified":"2026-03-14T12:45:30","modified_gmt":"2026-03-14T15:45:30","slug":"idosa-encontrada-carbonizada-dentro-de-mala-em-jp-foi-morta-pelo-companheiro-diz-policia","status":"publish","type":"post","link":"https:\/\/sindaopcpb.org.br\/index.php\/2026\/03\/14\/idosa-encontrada-carbonizada-dentro-de-mala-em-jp-foi-morta-pelo-companheiro-diz-policia\/","title":{"rendered":"Idosa encontrada carbonizada dentro de mala em JP foi morta pelo companheiro, diz pol\u00edcia"},"content":{"rendered":"<p><img width=\"658\" height=\"372\" src=\"https:\/\/www.pbagora.com.br\/storage\/2026\/03\/crime-mala-Manaira.png\" class=\"attachment-large size-large wp-post-image\" alt=\"\" style=\"margin-bottom: 20px;\" decoding=\"async\" srcset=\"https:\/\/www.pbagora.com.br\/storage\/2026\/03\/crime-mala-Manaira.png 658w, https:\/\/www.pbagora.com.br\/storage\/2026\/03\/crime-mala-Manaira-300x170.png 300w, https:\/\/www.pbagora.com.br\/storage\/2026\/03\/crime-mala-Manaira-150x85.png 150w, https:\/\/www.pbagora.com.br\/storage\/2026\/03\/crime-mala-Manaira-380x215.png 380w, https:\/\/www.pbagora.com.br\/storage\/2026\/03\/crime-mala-Manaira-80x46.png 80w, https:\/\/www.pbagora.com.br\/storage\/2026\/03\/crime-mala-Manaira-600x339.png 600w\" sizes=\"(max-width: 658px) 100vw, 658px\" \/><\/p>\n<p>A Pol\u00edcia Civil da Para\u00edba considera como elucidado o crime que vitimou a idosa de origem francesa, Chantal Etiennette, de 73 anos, cujo corpo foi encontrado carbonizado dentro de uma mala, no bairro de Mana\u00edra, em\u00a0Jo\u00e3o Pessoa. De acordo com delegado Thiago Cavalcanti, o companheiro da v\u00edtima cometeu o crime.<\/p>\n\n\n\n<p>Entenda:<br><a href=\"https:\/\/www.pbagora.com.br\/noticia\/policial\/policia-encontra-corpo-de-mulher-carbonizado-dentro-de-mala-no-bairro-de-manaira-em-joao-pessoa\/\" data-type=\"link\" data-id=\"https:\/\/www.pbagora.com.br\/noticia\/policial\/policia-encontra-corpo-de-mulher-carbonizado-dentro-de-mala-no-bairro-de-manaira-em-joao-pessoa\/\">Pol\u00edcia encontra corpo de mulher carbonizado dentro de mala no bairro de Mana\u00edra, em Jo\u00e3o Pessoa<\/a><\/p>\n\n\n\n<p>Com o aux\u00edlio de imagens de c\u00e2meras de monitoramento do pr\u00e9dio onde o casal morava e de resid\u00eancias localizadas na \u00e1rea onde o corpo foi encontrado, a Pol\u00edcia Civil conseguiu identificar Altamiro Rocha dos Santos, companheiro da v\u00edtima.<\/p>\n\n\n\n<p>As imagens mostram o acusado deixando o pr\u00e9dio carregando a mala com o corpo da idosa. Na sequ\u00eancia, ainda segundo a pol\u00edcia, Altamiro \u00e9 visto conversando com um morador de rua, que, logo em seguida, incendeia a mala na qual estava o corpo de Chantal.<\/p>\n\n\n\n<p>Antes mesmo que a pol\u00edcia chegasse at\u00e9 o agressor, ele foi encontrado morto cerca de 24h ap\u00f3s o crime. O corpo de Altamiro foi localizado decapitado e com as m\u00e3os amarradas \u00e0s margens da BR-230, no bairro Jo\u00e3o Agripino, em Jo\u00e3o Pessoa. A Pol\u00edcia Civil n\u00e3o decarta suspeita que a morte dele tenha rela\u00e7\u00e3o com a atua\u00e7\u00e3o de integrantes de uma fac\u00e7\u00e3o criminosa. Ningu\u00e9m foi preso pela morte de Altamiro.<\/p>\n\n\n\n<p>Com base nas informa\u00e7\u00f5es obtidas atrav\u00e9s das investiga\u00e7\u00f5es, a pol\u00edcia trata o caso como resolvido.<\/p>\n\n\n\n<p><\/p>\n\n\n\n<p><strong><em>PB Agora<\/em><\/strong> <\/p>\n","protected":false},"excerpt":{"rendered":"<p><img loading=\"lazy\" decoding=\"async\" width=\"658\" height=\"372\" src=\"https:\/\/www.pbagora.com.br\/storage\/2026\/03\/crime-mala-Manaira.png\" class=\"attachment-large size-large wp-post-image\" alt=\"\" srcset=\"https:\/\/www.pbagora.com.br\/storage\/2026\/03\/crime-mala-Manaira.png 658w, https:\/\/www.pbagora.com.br\/storage\/2026\/03\/crime-mala-Manaira-300x170.png 300w, https:\/\/www.pbagora.com.br\/storage\/2026\/03\/crime-mala-Manaira-150x85.png 150w, https:\/\/www.pbagora.com.br\/storage\/2026\/03\/crime-mala-Manaira-380x215.png 380w, https:\/\/www.pbagora.com.br\/storage\/2026\/03\/crime-mala-Manaira-80x46.png 80w, https:\/\/www.pbagora.com.br\/storage\/2026\/03\/crime-mala-Manaira-600x339.png 600w\" sizes=\"auto, (max-width: 658px) 100vw, 658px\"><\/p>\n<p>A Pol\u00edcia Civil da Para\u00edba considera como elucidado o crime que vitimou a idosa de origem francesa, Chantal\u2026<\/p>\n","protected":false},"author":123457,"featured_media":0,"comment_status":"closed","ping_status":"closed","sticky":false,"template":"","format":"standard","meta":{"advgb_blocks_editor_width":"","advgb_blocks_columns_visual_guide":"","footnotes":""},"categories":[34],"tags":[10845,35,10839],"class_list":["post-65486","post","type-post","status-publish","format-standard","hentry","category-g1","tag-destaque-centro-01","tag-g1","tag-policial"],"author_meta":{"display_name":"Reda\u00e7\u00e3o","author_link":"https:\/\/sindaopcpb.org.br\/author\/redacao\/"},"featured_img":null,"coauthors":[],"tax_additional":{"categories":{"linked":["<a href=\"https:\/\/sindaopcpb.org.br\/g1\/\" class=\"advgb-post-tax-term\">G1<\/a>"],"unlinked":["<span class=\"advgb-post-tax-term\">G1<\/span>"]},"tags":{"linked":["<a href=\"https:\/\/sindaopcpb.org.br\/g1\/\" class=\"advgb-post-tax-term\">Destaque Centro 01<\/a>","<a href=\"https:\/\/sindaopcpb.org.br\/g1\/\" class=\"advgb-post-tax-term\">g1<\/a>","<a href=\"https:\/\/sindaopcpb.org.br\/g1\/\" class=\"advgb-post-tax-term\">Policial<\/a>"],"unlinked":["<span class=\"advgb-post-tax-term\">Destaque Centro 01<\/span>","<span class=\"advgb-post-tax-term\">g1<\/span>","<span class=\"advgb-post-tax-term\">Policial<\/span>"]}},"comment_count":"0","relative_dates":{"created":"Publicado 2 meses atr\u00e1s","modified":"Atualizado 2 meses atr\u00e1s"},"absolute_dates":{"created":"Publicado em 14 de mar\u00e7o de 2026","modified":"Atualizado em 14 de mar\u00e7o de 2026"},"absolute_dates_time":{"created":"Publicado em 14 de mar\u00e7o de 2026 08:30","modified":"Atualizado em 14 de mar\u00e7o de 2026 12:45"},"featured_img_caption":"","series_order":"","_links":{"self":[{"href":"https:\/\/sindaopcpb.org.br\/index.php\/wp-json\/wp\/v2\/posts\/65486","targetHints":{"allow":["GET"]}}],"collection":[{"href":"https:\/\/sindaopcpb.org.br\/index.php\/wp-json\/wp\/v2\/posts"}],"about":[{"href":"https:\/\/sindaopcpb.org.br\/index.php\/wp-json\/wp\/v2\/types\/post"}],"author":[{"embeddable":true,"href":"https:\/\/sindaopcpb.org.br\/index.php\/wp-json\/wp\/v2\/users\/123457"}],"replies":[{"embeddable":true,"href":"https:\/\/sindaopcpb.org.br\/index.php\/wp-json\/wp\/v2\/comments?post=65486"}],"version-history":[{"count":4,"href":"https:\/\/sindaopcpb.org.br\/index.php\/wp-json\/wp\/v2\/posts\/65486\/revisions"}],"predecessor-version":[{"id":65500,"href":"https:\/\/sindaopcpb.org.br\/index.php\/wp-json\/wp\/v2\/posts\/65486\/revisions\/65500"}],"wp:attachment":[{"href":"https:\/\/sindaopcpb.org.br\/index.php\/wp-json\/wp\/v2\/media?parent=65486"}],"wp:term":[{"taxonomy":"category","embeddable":true,"href":"https:\/\/sindaopcpb.org.br\/index.php\/wp-json\/wp\/v2\/categories?post=65486"},{"taxonomy":"post_tag","embeddable":true,"href":"https:\/\/sindaopcpb.org.br\/index.php\/wp-json\/wp\/v2\/tags?post=65486"}],"curies":[{"name":"wp","href":"https:\/\/api.w.org\/{rel}","templated":true}]}}