{"id":65482,"date":"2026-03-13T18:05:09","date_gmt":"2026-03-13T21:05:09","guid":{"rendered":"https:\/\/www.pbagora.com.br\/?p=942002"},"modified":"2026-03-13T18:05:09","modified_gmt":"2026-03-13T21:05:09","slug":"durante-buscas-pelo-cabo-cesar-policia-encontra-ossada-humana-em-joao-pessoa","status":"publish","type":"post","link":"https:\/\/sindaopcpb.org.br\/index.php\/2026\/03\/13\/durante-buscas-pelo-cabo-cesar-policia-encontra-ossada-humana-em-joao-pessoa\/","title":{"rendered":"Durante buscas pelo cabo C\u00e9sar, pol\u00edcia encontra ossada humana em Jo\u00e3o Pessoa"},"content":{"rendered":"<p><img width=\"568\" height=\"326\" src=\"https:\/\/www.pbagora.com.br\/storage\/2026\/03\/cabo-cesar.png\" class=\"attachment-large size-large wp-post-image\" alt=\"\" style=\"margin-bottom: 20px;\" decoding=\"async\" srcset=\"https:\/\/www.pbagora.com.br\/storage\/2026\/03\/cabo-cesar.png 568w, https:\/\/www.pbagora.com.br\/storage\/2026\/03\/cabo-cesar-300x172.png 300w, https:\/\/www.pbagora.com.br\/storage\/2026\/03\/cabo-cesar-150x86.png 150w, https:\/\/www.pbagora.com.br\/storage\/2026\/03\/cabo-cesar-380x218.png 380w, https:\/\/www.pbagora.com.br\/storage\/2026\/03\/cabo-cesar-80x46.png 80w\" sizes=\"(max-width: 568px) 100vw, 568px\" \/><\/p>\n<p>Durante buscas pelo cabo C\u00e9sar, da Pol\u00edcia Militar, nesta sexta-feira (13), homens do Corpo de Bombeiros e da Pol\u00edcia Civil, com o aux\u00edlio de um c\u00e3o farejador, encontraram uma ossada humana em uma \u00e1rea de mata, no bairro de Gramame, Zona Sul de Jo\u00e3o Pessoa.<\/p>\n\n\n\n<p>O policial est\u00e1 desaparecido desde o in\u00edcio de fevereiro, ap\u00f3s sair para trabalhar e n\u00e3o mais voltar. De acordo com informa\u00e7\u00f5es da delegada Lu\u00edsa Correia repassadas \u00e0 imprensa, s\u00f3 ap\u00f3s a realiza\u00e7\u00e3o de exames ser\u00e1 poss\u00edvel identificar o corpo. Ainda segundo a pol\u00edcia, tr\u00eas pessoas est\u00e3o desaparecidas na Capital.<\/p>\n\n\n\n<p>Com base em per\u00edcia preliminar, as roupas encontradas no corpo n\u00e3o s\u00e3o compat\u00edveis com as que o cabo C\u00e9sar trajava no dia em que desapareceu. <\/p>\n\n\n\n<p><\/p>\n\n\n\n<p><strong><em>PB Agora<\/em><\/strong><\/p>\n","protected":false},"excerpt":{"rendered":"<p><img loading=\"lazy\" decoding=\"async\" width=\"568\" height=\"326\" src=\"https:\/\/www.pbagora.com.br\/storage\/2026\/03\/cabo-cesar.png\" class=\"attachment-large size-large wp-post-image\" alt=\"\" srcset=\"https:\/\/www.pbagora.com.br\/storage\/2026\/03\/cabo-cesar.png 568w, https:\/\/www.pbagora.com.br\/storage\/2026\/03\/cabo-cesar-300x172.png 300w, https:\/\/www.pbagora.com.br\/storage\/2026\/03\/cabo-cesar-150x86.png 150w, https:\/\/www.pbagora.com.br\/storage\/2026\/03\/cabo-cesar-380x218.png 380w, https:\/\/www.pbagora.com.br\/storage\/2026\/03\/cabo-cesar-80x46.png 80w\" sizes=\"auto, (max-width: 568px) 100vw, 568px\"><\/p>\n<p>Durante buscas pelo cabo C\u00e9sar, da Pol\u00edcia Militar, nesta sexta-feira (13), homens do Corpo de Bombeiros e da\u2026<\/p>\n","protected":false},"author":123457,"featured_media":0,"comment_status":"closed","ping_status":"closed","sticky":false,"template":"","format":"standard","meta":{"advgb_blocks_editor_width":"","advgb_blocks_columns_visual_guide":"","footnotes":""},"categories":[34],"tags":[10845,35,10839],"class_list":["post-65482","post","type-post","status-publish","format-standard","hentry","category-g1","tag-destaque-centro-01","tag-g1","tag-policial"],"author_meta":{"display_name":"Reda\u00e7\u00e3o","author_link":"https:\/\/sindaopcpb.org.br\/author\/redacao\/"},"featured_img":null,"coauthors":[],"tax_additional":{"categories":{"linked":["<a href=\"https:\/\/sindaopcpb.org.br\/g1\/\" class=\"advgb-post-tax-term\">G1<\/a>"],"unlinked":["<span class=\"advgb-post-tax-term\">G1<\/span>"]},"tags":{"linked":["<a href=\"https:\/\/sindaopcpb.org.br\/g1\/\" class=\"advgb-post-tax-term\">Destaque Centro 01<\/a>","<a href=\"https:\/\/sindaopcpb.org.br\/g1\/\" class=\"advgb-post-tax-term\">g1<\/a>","<a href=\"https:\/\/sindaopcpb.org.br\/g1\/\" class=\"advgb-post-tax-term\">Policial<\/a>"],"unlinked":["<span class=\"advgb-post-tax-term\">Destaque Centro 01<\/span>","<span class=\"advgb-post-tax-term\">g1<\/span>","<span class=\"advgb-post-tax-term\">Policial<\/span>"]}},"comment_count":"0","relative_dates":{"created":"Publicado 2 meses atr\u00e1s","modified":"Atualizado 2 meses atr\u00e1s"},"absolute_dates":{"created":"Publicado em 13 de mar\u00e7o de 2026","modified":"Atualizado em 13 de mar\u00e7o de 2026"},"absolute_dates_time":{"created":"Publicado em 13 de mar\u00e7o de 2026 18:05","modified":"Atualizado em 13 de mar\u00e7o de 2026 18:05"},"featured_img_caption":"","series_order":"","_links":{"self":[{"href":"https:\/\/sindaopcpb.org.br\/index.php\/wp-json\/wp\/v2\/posts\/65482","targetHints":{"allow":["GET"]}}],"collection":[{"href":"https:\/\/sindaopcpb.org.br\/index.php\/wp-json\/wp\/v2\/posts"}],"about":[{"href":"https:\/\/sindaopcpb.org.br\/index.php\/wp-json\/wp\/v2\/types\/post"}],"author":[{"embeddable":true,"href":"https:\/\/sindaopcpb.org.br\/index.php\/wp-json\/wp\/v2\/users\/123457"}],"replies":[{"embeddable":true,"href":"https:\/\/sindaopcpb.org.br\/index.php\/wp-json\/wp\/v2\/comments?post=65482"}],"version-history":[{"count":3,"href":"https:\/\/sindaopcpb.org.br\/index.php\/wp-json\/wp\/v2\/posts\/65482\/revisions"}],"predecessor-version":[{"id":65493,"href":"https:\/\/sindaopcpb.org.br\/index.php\/wp-json\/wp\/v2\/posts\/65482\/revisions\/65493"}],"wp:attachment":[{"href":"https:\/\/sindaopcpb.org.br\/index.php\/wp-json\/wp\/v2\/media?parent=65482"}],"wp:term":[{"taxonomy":"category","embeddable":true,"href":"https:\/\/sindaopcpb.org.br\/index.php\/wp-json\/wp\/v2\/categories?post=65482"},{"taxonomy":"post_tag","embeddable":true,"href":"https:\/\/sindaopcpb.org.br\/index.php\/wp-json\/wp\/v2\/tags?post=65482"}],"curies":[{"name":"wp","href":"https:\/\/api.w.org\/{rel}","templated":true}]}}