{"id":65480,"date":"2026-03-13T16:40:05","date_gmt":"2026-03-13T19:40:05","guid":{"rendered":"https:\/\/www.pbagora.com.br\/?p=941943"},"modified":"2026-03-13T16:40:05","modified_gmt":"2026-03-13T19:40:05","slug":"homem-e-condenado-a-mais-de-78-anos-de-prisao-por-matar-ex-companheira-sogra-e-sogro-na-paraiba","status":"publish","type":"post","link":"https:\/\/sindaopcpb.org.br\/index.php\/2026\/03\/13\/homem-e-condenado-a-mais-de-78-anos-de-prisao-por-matar-ex-companheira-sogra-e-sogro-na-paraiba\/","title":{"rendered":"Homem \u00e9 condenado a mais de 78 anos de pris\u00e3o por matar ex-companheira, sogra e sogro na Para\u00edba"},"content":{"rendered":"<p><img width=\"800\" height=\"533\" src=\"https:\/\/www.pbagora.com.br\/storage\/2026\/03\/image-94.png\" class=\"attachment-large size-large wp-post-image\" alt=\"\" style=\"margin-bottom: 20px;\" decoding=\"async\" srcset=\"https:\/\/www.pbagora.com.br\/storage\/2026\/03\/image-94.png 800w, https:\/\/www.pbagora.com.br\/storage\/2026\/03\/image-94-300x200.png 300w, https:\/\/www.pbagora.com.br\/storage\/2026\/03\/image-94-150x100.png 150w, https:\/\/www.pbagora.com.br\/storage\/2026\/03\/image-94-768x512.png 768w, https:\/\/www.pbagora.com.br\/storage\/2026\/03\/image-94-380x253.png 380w, https:\/\/www.pbagora.com.br\/storage\/2026\/03\/image-94-80x53.png 80w, https:\/\/www.pbagora.com.br\/storage\/2026\/03\/image-94-760x506.png 760w, https:\/\/www.pbagora.com.br\/storage\/2026\/03\/image-94-600x400.png 600w\" sizes=\"(max-width: 800px) 100vw, 800px\" \/><\/p>\n<p>O Tribunal do J\u00fari de Campina Grande condenou, nessa quinta-feira (12), Jos\u00e9 Geraldo de Oliveira a 78 anos, sete meses e 15 dias de reclus\u00e3o pelos assassinatos da ex-companheira, da sogra e do sogro. A decis\u00e3o foi tomada pelo Conselho de Senten\u00e7a e atendeu ao pedido do Minist\u00e9rio P\u00fablico da Para\u00edba (MPPB).<\/p>\n\n\n\n<p>Os crimes ocorreram em junho de 2022 no munic\u00edpio de S\u00e3o Bento, no Sert\u00e3o do estado. As v\u00edtimas foram Thalita Vieira da Silva, ex-companheira do acusado; a m\u00e3e dela, Rita Vieira Dantas; e o pai, Carlos Jaime Pedro da Silva. O triplo homic\u00eddio aconteceu na presen\u00e7a de duas crian\u00e7as, que tinham 11 e seis anos na \u00e9poca, uma delas filha do relacionamento entre Thalita e o r\u00e9u.<\/p>\n\n\n\n<p>O caso provocou grande repercuss\u00e3o social e, devido a amea\u00e7as relatadas por familiares das v\u00edtimas e pelas advogadas que atuaram na acusa\u00e7\u00e3o, o processo foi transferido para julgamento em Campina Grande.<\/p>\n\n\n\n<p>A sess\u00e3o do j\u00fari durou mais de 13 horas e contou com a atua\u00e7\u00e3o dos promotores Uirassu de Melo Medeiros e Luciara Lima Sime\u00e3o Moura, al\u00e9m da advogada Silvia Helena, que participou como assistente de acusa\u00e7\u00e3o representando a fam\u00edlia das v\u00edtimas. A defesa do r\u00e9u foi composta por oito advogados, alguns vindos dos estados do Cear\u00e1 e do Rio Grande do Sul.<\/p>\n\n\n\n<p>Segundo a den\u00fancia apresentada pelo Minist\u00e9rio P\u00fablico, Jos\u00e9 Geraldo assassinou primeiro a ex-companheira dentro da resid\u00eancia da fam\u00edlia. Em seguida, dirigiu-se a uma bodega pr\u00f3xima e matou a sogra. Logo depois, foi at\u00e9 a cal\u00e7ada da casa e efetuou disparos contra o sogro. Toda a a\u00e7\u00e3o foi registrada por c\u00e2meras de seguran\u00e7a.<\/p>\n\n\n\n<p>Durante o julgamento, os promotores destacaram a viol\u00eancia empregada no crime, marcado por v\u00e1rios disparos de arma de fogo e cometido em um ambiente familiar, que deveria ser um espa\u00e7o de prote\u00e7\u00e3o para as v\u00edtimas.<\/p>\n\n\n\n<p>De acordo com a acusa\u00e7\u00e3o, o crime foi motivado por ci\u00fames e pela inconformidade do r\u00e9u com o t\u00e9rmino do relacionamento com Thalita. Os representantes do Minist\u00e9rio P\u00fablico tamb\u00e9m ressaltaram o hist\u00f3rico criminal do acusado e seu comportamento violento, que j\u00e1 gerava temor entre moradores da comunidade onde vivia.<\/p>\n\n\n\n<p>Os jurados reconheceram as qualificadoras apresentadas na den\u00fancia, incluindo motivo f\u00fatil e recurso que dificultou a defesa das v\u00edtimas. Nos casos das mortes de Thalita e de sua m\u00e3e, foi reconhecido ainda que os assassinatos ocorreram em contexto de viol\u00eancia de g\u00eanero e dom\u00e9stica, caracterizando feminic\u00eddio.<\/p>\n\n\n\n<p>A pena foi fixada em 23 anos, um m\u00eas e 15 dias pelo homic\u00eddio do sogro e 27 anos e nove meses de pris\u00e3o por cada um dos feminic\u00eddios, somando 78 anos, sete meses e 15 dias de reclus\u00e3o, a serem cumpridos inicialmente em regime fechado.<\/p>\n\n\n\n<p>O juiz respons\u00e1vel pelo caso tamb\u00e9m negou ao r\u00e9u o direito de recorrer em liberdade e determinou sua perman\u00eancia no sistema prisional.<\/p>\n\n\n\n<p><strong><em>PB Agora<\/em><\/strong><\/p>\n","protected":false},"excerpt":{"rendered":"<p><img loading=\"lazy\" decoding=\"async\" width=\"800\" height=\"533\" src=\"https:\/\/www.pbagora.com.br\/storage\/2026\/03\/image-94.png\" class=\"attachment-large size-large wp-post-image\" alt=\"\" srcset=\"https:\/\/www.pbagora.com.br\/storage\/2026\/03\/image-94.png 800w, https:\/\/www.pbagora.com.br\/storage\/2026\/03\/image-94-300x200.png 300w, https:\/\/www.pbagora.com.br\/storage\/2026\/03\/image-94-150x100.png 150w, https:\/\/www.pbagora.com.br\/storage\/2026\/03\/image-94-768x512.png 768w, https:\/\/www.pbagora.com.br\/storage\/2026\/03\/image-94-380x253.png 380w, https:\/\/www.pbagora.com.br\/storage\/2026\/03\/image-94-80x53.png 80w, https:\/\/www.pbagora.com.br\/storage\/2026\/03\/image-94-760x506.png 760w, https:\/\/www.pbagora.com.br\/storage\/2026\/03\/image-94-600x400.png 600w\" sizes=\"auto, (max-width: 800px) 100vw, 800px\"><\/p>\n<p>O Tribunal do J\u00fari de Campina Grande condenou, nessa quinta-feira (12), Jos\u00e9 Geraldo de Oliveira a 78 anos,\u2026<\/p>\n","protected":false},"author":123457,"featured_media":0,"comment_status":"closed","ping_status":"closed","sticky":false,"template":"","format":"standard","meta":{"advgb_blocks_editor_width":"","advgb_blocks_columns_visual_guide":"","footnotes":""},"categories":[34],"tags":[10845,35,10839],"class_list":["post-65480","post","type-post","status-publish","format-standard","hentry","category-g1","tag-destaque-centro-01","tag-g1","tag-policial"],"author_meta":{"display_name":"Reda\u00e7\u00e3o","author_link":"https:\/\/sindaopcpb.org.br\/author\/redacao\/"},"featured_img":null,"coauthors":[],"tax_additional":{"categories":{"linked":["<a href=\"https:\/\/sindaopcpb.org.br\/g1\/\" class=\"advgb-post-tax-term\">G1<\/a>"],"unlinked":["<span class=\"advgb-post-tax-term\">G1<\/span>"]},"tags":{"linked":["<a href=\"https:\/\/sindaopcpb.org.br\/g1\/\" class=\"advgb-post-tax-term\">Destaque Centro 01<\/a>","<a href=\"https:\/\/sindaopcpb.org.br\/g1\/\" class=\"advgb-post-tax-term\">g1<\/a>","<a href=\"https:\/\/sindaopcpb.org.br\/g1\/\" class=\"advgb-post-tax-term\">Policial<\/a>"],"unlinked":["<span class=\"advgb-post-tax-term\">Destaque Centro 01<\/span>","<span class=\"advgb-post-tax-term\">g1<\/span>","<span class=\"advgb-post-tax-term\">Policial<\/span>"]}},"comment_count":"0","relative_dates":{"created":"Publicado 2 meses atr\u00e1s","modified":"Atualizado 2 meses atr\u00e1s"},"absolute_dates":{"created":"Publicado em 13 de mar\u00e7o de 2026","modified":"Atualizado em 13 de mar\u00e7o de 2026"},"absolute_dates_time":{"created":"Publicado em 13 de mar\u00e7o de 2026 16:40","modified":"Atualizado em 13 de mar\u00e7o de 2026 16:40"},"featured_img_caption":"","series_order":"","_links":{"self":[{"href":"https:\/\/sindaopcpb.org.br\/index.php\/wp-json\/wp\/v2\/posts\/65480","targetHints":{"allow":["GET"]}}],"collection":[{"href":"https:\/\/sindaopcpb.org.br\/index.php\/wp-json\/wp\/v2\/posts"}],"about":[{"href":"https:\/\/sindaopcpb.org.br\/index.php\/wp-json\/wp\/v2\/types\/post"}],"author":[{"embeddable":true,"href":"https:\/\/sindaopcpb.org.br\/index.php\/wp-json\/wp\/v2\/users\/123457"}],"replies":[{"embeddable":true,"href":"https:\/\/sindaopcpb.org.br\/index.php\/wp-json\/wp\/v2\/comments?post=65480"}],"version-history":[{"count":3,"href":"https:\/\/sindaopcpb.org.br\/index.php\/wp-json\/wp\/v2\/posts\/65480\/revisions"}],"predecessor-version":[{"id":65489,"href":"https:\/\/sindaopcpb.org.br\/index.php\/wp-json\/wp\/v2\/posts\/65480\/revisions\/65489"}],"wp:attachment":[{"href":"https:\/\/sindaopcpb.org.br\/index.php\/wp-json\/wp\/v2\/media?parent=65480"}],"wp:term":[{"taxonomy":"category","embeddable":true,"href":"https:\/\/sindaopcpb.org.br\/index.php\/wp-json\/wp\/v2\/categories?post=65480"},{"taxonomy":"post_tag","embeddable":true,"href":"https:\/\/sindaopcpb.org.br\/index.php\/wp-json\/wp\/v2\/tags?post=65480"}],"curies":[{"name":"wp","href":"https:\/\/api.w.org\/{rel}","templated":true}]}}