{"id":65475,"date":"2026-03-13T11:14:36","date_gmt":"2026-03-13T14:14:36","guid":{"rendered":"https:\/\/www.pbagora.com.br\/?p=941889"},"modified":"2026-03-13T11:14:36","modified_gmt":"2026-03-13T14:14:36","slug":"suspeito-de-trafico-que-intimidava-moradores-e-preso-pela-pm-em-bayeux","status":"publish","type":"post","link":"https:\/\/sindaopcpb.org.br\/index.php\/2026\/03\/13\/suspeito-de-trafico-que-intimidava-moradores-e-preso-pela-pm-em-bayeux\/","title":{"rendered":"Suspeito de tr\u00e1fico que intimidava moradores \u00e9 preso pela PM em Bayeux"},"content":{"rendered":"<p><img width=\"768\" height=\"1024\" src=\"https:\/\/www.pbagora.com.br\/storage\/2026\/03\/image-91-768x1024.png\" class=\"attachment-large size-large wp-post-image\" alt=\"\" style=\"margin-bottom: 20px;\" decoding=\"async\" loading=\"lazy\" srcset=\"https:\/\/www.pbagora.com.br\/storage\/2026\/03\/image-91-768x1024.png 768w, https:\/\/www.pbagora.com.br\/storage\/2026\/03\/image-91-225x300.png 225w, https:\/\/www.pbagora.com.br\/storage\/2026\/03\/image-91-113x150.png 113w, https:\/\/www.pbagora.com.br\/storage\/2026\/03\/image-91-380x507.png 380w, https:\/\/www.pbagora.com.br\/storage\/2026\/03\/image-91-800x1067.png 800w, https:\/\/www.pbagora.com.br\/storage\/2026\/03\/image-91-80x107.png 80w, https:\/\/www.pbagora.com.br\/storage\/2026\/03\/image-91-60x80.png 60w, https:\/\/www.pbagora.com.br\/storage\/2026\/03\/image-91-760x1013.png 760w, https:\/\/www.pbagora.com.br\/storage\/2026\/03\/image-91-450x600.png 450w, https:\/\/www.pbagora.com.br\/storage\/2026\/03\/image-91.png 960w\" sizes=\"auto, (max-width: 768px) 100vw, 768px\" \/><\/p>\n<p>Um homem suspeito de tr\u00e1fico de drogas foi preso na madrugada desta sexta-feira (13) no bairro Alto da Boa Vista, no munic\u00edpio de Bayeux, na Regi\u00e3o Metropolitana de Jo\u00e3o Pessoa.<\/p>\n\n\n\n<p>A pris\u00e3o foi realizada por equipes do 19\u00ba Batalh\u00e3o da Pol\u00edcia Militar da Para\u00edba durante uma opera\u00e7\u00e3o na \u00e1rea. Segundo a pol\u00edcia, o suspeito vinha intimidando moradores da comunidade, o que estava gerando clima de medo entre os residentes da regi\u00e3o.<\/p>\n\n\n\n<p>Durante a a\u00e7\u00e3o, os policiais apreenderam uma arma de fogo, muni\u00e7\u00f5es, por\u00e7\u00f5es de drogas e uma balan\u00e7a de precis\u00e3o, materiais que, de acordo com a corpora\u00e7\u00e3o, seriam utilizados na atividade de tr\u00e1fico.<\/p>\n\n\n\n<p>Conforme a Pol\u00edcia Militar da Para\u00edba, o homem possu\u00eda dois mandados de pris\u00e3o em aberto, relacionados aos crimes de homic\u00eddio e tr\u00e1fico de drogas.<\/p>\n\n\n\n<p>A captura ocorreu ap\u00f3s um trabalho estrat\u00e9gico de monitoramento realizado pelas equipes policiais, que conseguiram localizar o suspeito e efetuar a pris\u00e3o.<\/p>\n\n\n\n<p>O acusado foi encaminhado para a delegacia, onde foram adotadas as provid\u00eancias legais cab\u00edveis.<\/p>\n\n\n\n<p><strong><em>PB Agora<\/em><\/strong><\/p>\n","protected":false},"excerpt":{"rendered":"<p><img decoding=\"async\" width=\"768\" height=\"1024\" src=\"https:\/\/www.pbagora.com.br\/storage\/2026\/03\/image-91-768x1024.png\" class=\"attachment-large size-large wp-post-image\" alt=\"\" loading=\"lazy\" srcset=\"https:\/\/www.pbagora.com.br\/storage\/2026\/03\/image-91-768x1024.png 768w, https:\/\/www.pbagora.com.br\/storage\/2026\/03\/image-91-225x300.png 225w, https:\/\/www.pbagora.com.br\/storage\/2026\/03\/image-91-113x150.png 113w, https:\/\/www.pbagora.com.br\/storage\/2026\/03\/image-91-380x507.png 380w, https:\/\/www.pbagora.com.br\/storage\/2026\/03\/image-91-800x1067.png 800w, https:\/\/www.pbagora.com.br\/storage\/2026\/03\/image-91-80x107.png 80w, https:\/\/www.pbagora.com.br\/storage\/2026\/03\/image-91-60x80.png 60w, https:\/\/www.pbagora.com.br\/storage\/2026\/03\/image-91-760x1013.png 760w, https:\/\/www.pbagora.com.br\/storage\/2026\/03\/image-91-450x600.png 450w, https:\/\/www.pbagora.com.br\/storage\/2026\/03\/image-91.png 960w\" sizes=\"auto, (max-width: 768px) 100vw, 768px\"><\/p>\n<p>Um homem suspeito de tr\u00e1fico de drogas foi preso na madrugada desta sexta-feira (13) no bairro Alto da\u2026<\/p>\n","protected":false},"author":123457,"featured_media":0,"comment_status":"closed","ping_status":"closed","sticky":false,"template":"","format":"standard","meta":{"advgb_blocks_editor_width":"","advgb_blocks_columns_visual_guide":"","footnotes":""},"categories":[34],"tags":[35,10839,10842],"class_list":["post-65475","post","type-post","status-publish","format-standard","hentry","category-g1","tag-g1","tag-policial","tag-principal3"],"author_meta":{"display_name":"Reda\u00e7\u00e3o","author_link":"https:\/\/sindaopcpb.org.br\/author\/redacao\/"},"featured_img":null,"coauthors":[],"tax_additional":{"categories":{"linked":["<a href=\"https:\/\/sindaopcpb.org.br\/g1\/\" class=\"advgb-post-tax-term\">G1<\/a>"],"unlinked":["<span class=\"advgb-post-tax-term\">G1<\/span>"]},"tags":{"linked":["<a href=\"https:\/\/sindaopcpb.org.br\/g1\/\" class=\"advgb-post-tax-term\">g1<\/a>","<a href=\"https:\/\/sindaopcpb.org.br\/g1\/\" class=\"advgb-post-tax-term\">Policial<\/a>","<a href=\"https:\/\/sindaopcpb.org.br\/g1\/\" class=\"advgb-post-tax-term\">Principal3<\/a>"],"unlinked":["<span class=\"advgb-post-tax-term\">g1<\/span>","<span class=\"advgb-post-tax-term\">Policial<\/span>","<span class=\"advgb-post-tax-term\">Principal3<\/span>"]}},"comment_count":"0","relative_dates":{"created":"Publicado 2 meses atr\u00e1s","modified":"Atualizado 2 meses atr\u00e1s"},"absolute_dates":{"created":"Publicado em 13 de mar\u00e7o de 2026","modified":"Atualizado em 13 de mar\u00e7o de 2026"},"absolute_dates_time":{"created":"Publicado em 13 de mar\u00e7o de 2026 11:14","modified":"Atualizado em 13 de mar\u00e7o de 2026 11:14"},"featured_img_caption":"","series_order":"","_links":{"self":[{"href":"https:\/\/sindaopcpb.org.br\/index.php\/wp-json\/wp\/v2\/posts\/65475","targetHints":{"allow":["GET"]}}],"collection":[{"href":"https:\/\/sindaopcpb.org.br\/index.php\/wp-json\/wp\/v2\/posts"}],"about":[{"href":"https:\/\/sindaopcpb.org.br\/index.php\/wp-json\/wp\/v2\/types\/post"}],"author":[{"embeddable":true,"href":"https:\/\/sindaopcpb.org.br\/index.php\/wp-json\/wp\/v2\/users\/123457"}],"replies":[{"embeddable":true,"href":"https:\/\/sindaopcpb.org.br\/index.php\/wp-json\/wp\/v2\/comments?post=65475"}],"version-history":[{"count":1,"href":"https:\/\/sindaopcpb.org.br\/index.php\/wp-json\/wp\/v2\/posts\/65475\/revisions"}],"predecessor-version":[{"id":65476,"href":"https:\/\/sindaopcpb.org.br\/index.php\/wp-json\/wp\/v2\/posts\/65475\/revisions\/65476"}],"wp:attachment":[{"href":"https:\/\/sindaopcpb.org.br\/index.php\/wp-json\/wp\/v2\/media?parent=65475"}],"wp:term":[{"taxonomy":"category","embeddable":true,"href":"https:\/\/sindaopcpb.org.br\/index.php\/wp-json\/wp\/v2\/categories?post=65475"},{"taxonomy":"post_tag","embeddable":true,"href":"https:\/\/sindaopcpb.org.br\/index.php\/wp-json\/wp\/v2\/tags?post=65475"}],"curies":[{"name":"wp","href":"https:\/\/api.w.org\/{rel}","templated":true}]}}