{"id":65469,"date":"2026-03-13T09:49:46","date_gmt":"2026-03-13T12:49:46","guid":{"rendered":"https:\/\/www.pbagora.com.br\/?p=941893"},"modified":"2026-03-13T09:49:46","modified_gmt":"2026-03-13T12:49:46","slug":"bolsonaro-passa-mal-na-prisao-e-e-levado-a-hospital-em-brasilia-diz-flavio-bolsonaro","status":"publish","type":"post","link":"https:\/\/sindaopcpb.org.br\/index.php\/2026\/03\/13\/bolsonaro-passa-mal-na-prisao-e-e-levado-a-hospital-em-brasilia-diz-flavio-bolsonaro\/","title":{"rendered":"Bolsonaro passa mal na pris\u00e3o e \u00e9 levado a hospital em Bras\u00edlia, diz Fl\u00e1vio Bolsonaro"},"content":{"rendered":"<p><img width=\"1024\" height=\"683\" src=\"https:\/\/www.pbagora.com.br\/storage\/2025\/07\/4ce440db-7b84-460f-9d61-82d2b7d5b56f-1024x683.jpg\" class=\"attachment-large size-large wp-post-image\" alt=\"\" style=\"margin-bottom: 20px;\" decoding=\"async\" srcset=\"https:\/\/www.pbagora.com.br\/storage\/2025\/07\/4ce440db-7b84-460f-9d61-82d2b7d5b56f-1024x683.jpg 1024w, https:\/\/www.pbagora.com.br\/storage\/2025\/07\/4ce440db-7b84-460f-9d61-82d2b7d5b56f-300x200.jpg 300w, https:\/\/www.pbagora.com.br\/storage\/2025\/07\/4ce440db-7b84-460f-9d61-82d2b7d5b56f-150x100.jpg 150w, https:\/\/www.pbagora.com.br\/storage\/2025\/07\/4ce440db-7b84-460f-9d61-82d2b7d5b56f-768x512.jpg 768w, https:\/\/www.pbagora.com.br\/storage\/2025\/07\/4ce440db-7b84-460f-9d61-82d2b7d5b56f-1536x1024.jpg 1536w, https:\/\/www.pbagora.com.br\/storage\/2025\/07\/4ce440db-7b84-460f-9d61-82d2b7d5b56f-2048x1365.jpg 2048w, https:\/\/www.pbagora.com.br\/storage\/2025\/07\/4ce440db-7b84-460f-9d61-82d2b7d5b56f-380x253.jpg 380w, https:\/\/www.pbagora.com.br\/storage\/2025\/07\/4ce440db-7b84-460f-9d61-82d2b7d5b56f-800x533.jpg 800w, https:\/\/www.pbagora.com.br\/storage\/2025\/07\/4ce440db-7b84-460f-9d61-82d2b7d5b56f-1160x773.jpg 1160w, https:\/\/www.pbagora.com.br\/storage\/2025\/07\/4ce440db-7b84-460f-9d61-82d2b7d5b56f-80x53.jpg 80w, https:\/\/www.pbagora.com.br\/storage\/2025\/07\/4ce440db-7b84-460f-9d61-82d2b7d5b56f-3072x2048.jpg 3072w, https:\/\/www.pbagora.com.br\/storage\/2025\/07\/4ce440db-7b84-460f-9d61-82d2b7d5b56f-760x507.jpg 760w, https:\/\/www.pbagora.com.br\/storage\/2025\/07\/4ce440db-7b84-460f-9d61-82d2b7d5b56f-600x400.jpg 600w, https:\/\/www.pbagora.com.br\/storage\/2025\/07\/4ce440db-7b84-460f-9d61-82d2b7d5b56f-scaled.jpg 2560w\" sizes=\"(max-width: 1024px) 100vw, 1024px\" \/><\/p>\n<p>O ex-presidente Jair Bolsonaro foi levado a um hospital em Bras\u00edlia na manh\u00e3 desta sexta-feira (13) ap\u00f3s passar mal enquanto estava preso. A informa\u00e7\u00e3o foi divulgada pelo senador Fl\u00e1vio Bolsonaro, filho do ex-mandat\u00e1rio, por meio das redes sociais.<\/p>\n\n\n\n<p>Segundo o parlamentar, Bolsonaro teria acordado com calafrios e epis\u00f3dios de v\u00f4mito, o que motivou o encaminhamento para atendimento m\u00e9dico. Fl\u00e1vio afirmou que recebeu informa\u00e7\u00f5es preliminares sobre o quadro de sa\u00fade do pai e pediu ora\u00e7\u00f5es aos apoiadores, dizendo esperar que o problema \u201cn\u00e3o seja nada grave\u201d.<\/p>\n\n\n\n<p>De acordo com relatos divulgados pela imprensa, o ex-presidente foi transportado para um hospital da capital federal por volta da manh\u00e3, em uma ambul\u00e2ncia do Servi\u00e7o de Atendimento M\u00f3vel de Urg\u00eancia (Samu). No local, ele deve passar por exames para avaliar a causa do mal-estar.<\/p>\n\n\n\n<p>At\u00e9 o momento, n\u00e3o h\u00e1 confirma\u00e7\u00e3o oficial sobre diagn\u00f3stico ou gravidade do quadro. Tamb\u00e9m n\u00e3o foram divulgados detalhes sobre quanto tempo Bolsonaro permanecer\u00e1 em observa\u00e7\u00e3o m\u00e9dica.<\/p>\n\n\n\n<h3 id=\"historico-recente-de-problemas-de-saude\" class=\"wp-block-heading\">Hist\u00f3rico recente de problemas de sa\u00fade<\/h3>\n\n\n\n<p>Bolsonaro tem hist\u00f3rico de complica\u00e7\u00f5es m\u00e9dicas, especialmente relacionadas ao sistema digestivo, desde o atentado a faca sofrido durante a campanha presidencial de 2018. Nos \u00faltimos anos, ele passou por diversas cirurgias e procedimentos m\u00e9dicos.<\/p>\n\n\n\n<p>Desde novembro de 2025, o ex-presidente cumpre pena ap\u00f3s condena\u00e7\u00e3o relacionada \u00e0 tentativa de golpe de Estado ap\u00f3s as elei\u00e7\u00f5es de 2022. Ele permanece detido em Bras\u00edlia e j\u00e1 foi hospitalizado outras vezes desde ent\u00e3o para tratamento ou realiza\u00e7\u00e3o de exames.<\/p>\n\n\n\n<p>At\u00e9 a publica\u00e7\u00e3o das primeiras informa\u00e7\u00f5es, m\u00e9dicos ainda avaliavam o quadro cl\u00ednico do ex-presidente.<\/p>\n\n\n\n<p><a href=\"https:\/\/www.cartacapital.com.br\/politica\/jair-bolsonaro-passa-mal-na-prisao-e-e-levado-a-hospital-em-brasilia-diz-flavio\/\">As informa\u00e7\u00f5es s\u00e3o da Carta Capital <\/a><\/p>\n\n\n\n<p><\/p>\n","protected":false},"excerpt":{"rendered":"<p><img loading=\"lazy\" decoding=\"async\" width=\"1024\" height=\"683\" src=\"https:\/\/www.pbagora.com.br\/storage\/2025\/07\/4ce440db-7b84-460f-9d61-82d2b7d5b56f-1024x683.jpg\" class=\"attachment-large size-large wp-post-image\" alt=\"\" srcset=\"https:\/\/www.pbagora.com.br\/storage\/2025\/07\/4ce440db-7b84-460f-9d61-82d2b7d5b56f-1024x683.jpg 1024w, https:\/\/www.pbagora.com.br\/storage\/2025\/07\/4ce440db-7b84-460f-9d61-82d2b7d5b56f-300x200.jpg 300w, https:\/\/www.pbagora.com.br\/storage\/2025\/07\/4ce440db-7b84-460f-9d61-82d2b7d5b56f-150x100.jpg 150w, https:\/\/www.pbagora.com.br\/storage\/2025\/07\/4ce440db-7b84-460f-9d61-82d2b7d5b56f-768x512.jpg 768w, https:\/\/www.pbagora.com.br\/storage\/2025\/07\/4ce440db-7b84-460f-9d61-82d2b7d5b56f-1536x1024.jpg 1536w, https:\/\/www.pbagora.com.br\/storage\/2025\/07\/4ce440db-7b84-460f-9d61-82d2b7d5b56f-2048x1365.jpg 2048w, https:\/\/www.pbagora.com.br\/storage\/2025\/07\/4ce440db-7b84-460f-9d61-82d2b7d5b56f-380x253.jpg 380w, https:\/\/www.pbagora.com.br\/storage\/2025\/07\/4ce440db-7b84-460f-9d61-82d2b7d5b56f-800x533.jpg 800w, https:\/\/www.pbagora.com.br\/storage\/2025\/07\/4ce440db-7b84-460f-9d61-82d2b7d5b56f-1160x773.jpg 1160w, https:\/\/www.pbagora.com.br\/storage\/2025\/07\/4ce440db-7b84-460f-9d61-82d2b7d5b56f-80x53.jpg 80w, https:\/\/www.pbagora.com.br\/storage\/2025\/07\/4ce440db-7b84-460f-9d61-82d2b7d5b56f-3072x2048.jpg 3072w, https:\/\/www.pbagora.com.br\/storage\/2025\/07\/4ce440db-7b84-460f-9d61-82d2b7d5b56f-760x507.jpg 760w, https:\/\/www.pbagora.com.br\/storage\/2025\/07\/4ce440db-7b84-460f-9d61-82d2b7d5b56f-600x400.jpg 600w, https:\/\/www.pbagora.com.br\/storage\/2025\/07\/4ce440db-7b84-460f-9d61-82d2b7d5b56f-scaled.jpg 2560w\" sizes=\"auto, (max-width: 1024px) 100vw, 1024px\"><\/p>\n<p>O ex-presidente Jair Bolsonaro foi levado a um hospital em Bras\u00edlia na manh\u00e3 desta sexta-feira (13) ap\u00f3s passar\u2026<\/p>\n","protected":false},"author":123457,"featured_media":0,"comment_status":"closed","ping_status":"closed","sticky":false,"template":"","format":"standard","meta":{"advgb_blocks_editor_width":"","advgb_blocks_columns_visual_guide":"","footnotes":""},"categories":[34],"tags":[35,10839,10842],"class_list":["post-65469","post","type-post","status-publish","format-standard","hentry","category-g1","tag-g1","tag-policial","tag-principal3"],"author_meta":{"display_name":"Reda\u00e7\u00e3o","author_link":"https:\/\/sindaopcpb.org.br\/author\/redacao\/"},"featured_img":null,"coauthors":[],"tax_additional":{"categories":{"linked":["<a href=\"https:\/\/sindaopcpb.org.br\/g1\/\" class=\"advgb-post-tax-term\">G1<\/a>"],"unlinked":["<span class=\"advgb-post-tax-term\">G1<\/span>"]},"tags":{"linked":["<a href=\"https:\/\/sindaopcpb.org.br\/g1\/\" class=\"advgb-post-tax-term\">g1<\/a>","<a href=\"https:\/\/sindaopcpb.org.br\/g1\/\" class=\"advgb-post-tax-term\">Policial<\/a>","<a href=\"https:\/\/sindaopcpb.org.br\/g1\/\" class=\"advgb-post-tax-term\">Principal3<\/a>"],"unlinked":["<span class=\"advgb-post-tax-term\">g1<\/span>","<span class=\"advgb-post-tax-term\">Policial<\/span>","<span class=\"advgb-post-tax-term\">Principal3<\/span>"]}},"comment_count":"0","relative_dates":{"created":"Publicado 2 meses atr\u00e1s","modified":"Atualizado 2 meses atr\u00e1s"},"absolute_dates":{"created":"Publicado em 13 de mar\u00e7o de 2026","modified":"Atualizado em 13 de mar\u00e7o de 2026"},"absolute_dates_time":{"created":"Publicado em 13 de mar\u00e7o de 2026 09:49","modified":"Atualizado em 13 de mar\u00e7o de 2026 09:49"},"featured_img_caption":"","series_order":"","_links":{"self":[{"href":"https:\/\/sindaopcpb.org.br\/index.php\/wp-json\/wp\/v2\/posts\/65469","targetHints":{"allow":["GET"]}}],"collection":[{"href":"https:\/\/sindaopcpb.org.br\/index.php\/wp-json\/wp\/v2\/posts"}],"about":[{"href":"https:\/\/sindaopcpb.org.br\/index.php\/wp-json\/wp\/v2\/types\/post"}],"author":[{"embeddable":true,"href":"https:\/\/sindaopcpb.org.br\/index.php\/wp-json\/wp\/v2\/users\/123457"}],"replies":[{"embeddable":true,"href":"https:\/\/sindaopcpb.org.br\/index.php\/wp-json\/wp\/v2\/comments?post=65469"}],"version-history":[{"count":2,"href":"https:\/\/sindaopcpb.org.br\/index.php\/wp-json\/wp\/v2\/posts\/65469\/revisions"}],"predecessor-version":[{"id":65479,"href":"https:\/\/sindaopcpb.org.br\/index.php\/wp-json\/wp\/v2\/posts\/65469\/revisions\/65479"}],"wp:attachment":[{"href":"https:\/\/sindaopcpb.org.br\/index.php\/wp-json\/wp\/v2\/media?parent=65469"}],"wp:term":[{"taxonomy":"category","embeddable":true,"href":"https:\/\/sindaopcpb.org.br\/index.php\/wp-json\/wp\/v2\/categories?post=65469"},{"taxonomy":"post_tag","embeddable":true,"href":"https:\/\/sindaopcpb.org.br\/index.php\/wp-json\/wp\/v2\/tags?post=65469"}],"curies":[{"name":"wp","href":"https:\/\/api.w.org\/{rel}","templated":true}]}}