{"id":65458,"date":"2026-03-13T09:25:31","date_gmt":"2026-03-13T12:25:31","guid":{"rendered":"https:\/\/www.pbagora.com.br\/?p=941879"},"modified":"2026-03-13T11:25:31","modified_gmt":"2026-03-13T14:25:31","slug":"suspeito-de-participacao-em-chacina-com-cinco-mortos-em-itabaiana-e-preso","status":"publish","type":"post","link":"https:\/\/sindaopcpb.org.br\/index.php\/2026\/03\/13\/suspeito-de-participacao-em-chacina-com-cinco-mortos-em-itabaiana-e-preso\/","title":{"rendered":"Suspeito de participa\u00e7\u00e3o em chacina com cinco mortos em Itabaiana \u00e9 preso"},"content":{"rendered":"<p><img width=\"561\" height=\"449\" src=\"https:\/\/www.pbagora.com.br\/storage\/2026\/03\/image-90.png\" class=\"attachment-large size-large wp-post-image\" alt=\"\" style=\"margin-bottom: 20px;\" decoding=\"async\" srcset=\"https:\/\/www.pbagora.com.br\/storage\/2026\/03\/image-90.png 561w, https:\/\/www.pbagora.com.br\/storage\/2026\/03\/image-90-300x240.png 300w, https:\/\/www.pbagora.com.br\/storage\/2026\/03\/image-90-150x120.png 150w, https:\/\/www.pbagora.com.br\/storage\/2026\/03\/image-90-380x304.png 380w, https:\/\/www.pbagora.com.br\/storage\/2026\/03\/image-90-80x64.png 80w\" sizes=\"(max-width: 561px) 100vw, 561px\" \/><\/p>\n<p>Um homem de 23 anos suspeito de envolvimento na chacina registrada no dia 1\u00ba de mar\u00e7o na zona rural de Itabaiana foi preso nas primeiras horas da manh\u00e3 desta sexta-feira (13). O crime deixou cinco pessoas mortas dentro de uma resid\u00eancia.<\/p>\n\n\n\n<p>A pris\u00e3o foi realizada na pr\u00f3pria cidade de Itabaiana ap\u00f3s o cumprimento de um mandado judicial. De acordo com as for\u00e7as de seguran\u00e7a, o suspeito j\u00e1 possui hist\u00f3rico de condena\u00e7\u00e3o por tr\u00e1fico de drogas.<\/p>\n\n\n\n<p>A opera\u00e7\u00e3o contou com a atua\u00e7\u00e3o de equipes do Grupamento de A\u00e7\u00f5es T\u00e1ticas Especiais da Pol\u00edcia Militar da Para\u00edba (GATE) e do Grupamento Especial de Opera\u00e7\u00f5es no Sert\u00e3o e A\u00e7\u00f5es de Comandos (GEOSAC).<\/p>\n\n\n\n<p>A a\u00e7\u00e3o faz parte de um trabalho integrado de investiga\u00e7\u00e3o e intelig\u00eancia conduzido pela Pol\u00edcia Militar da Para\u00edba, por meio do Departamento de Intelig\u00eancia (DINTEL), em parceria com a For\u00e7a Integrada de Combate ao Crime Organizado (FICCO).<\/p>\n\n\n\n<p>A chacina ocorreu no dia 1\u00ba de mar\u00e7o em uma casa localizada na zona rural do munic\u00edpio e foi marcada por extrema viol\u00eancia e requintes de crueldade.<\/p>\n\n\n\n<p><strong><em>PB Agora<\/em><\/strong><\/p>\n","protected":false},"excerpt":{"rendered":"<p><img loading=\"lazy\" decoding=\"async\" width=\"561\" height=\"449\" src=\"https:\/\/www.pbagora.com.br\/storage\/2026\/03\/image-90.png\" class=\"attachment-large size-large wp-post-image\" alt=\"\" srcset=\"https:\/\/www.pbagora.com.br\/storage\/2026\/03\/image-90.png 561w, https:\/\/www.pbagora.com.br\/storage\/2026\/03\/image-90-300x240.png 300w, https:\/\/www.pbagora.com.br\/storage\/2026\/03\/image-90-150x120.png 150w, https:\/\/www.pbagora.com.br\/storage\/2026\/03\/image-90-380x304.png 380w, https:\/\/www.pbagora.com.br\/storage\/2026\/03\/image-90-80x64.png 80w\" sizes=\"auto, (max-width: 561px) 100vw, 561px\"><\/p>\n<p>Um homem de 23 anos suspeito de envolvimento na chacina registrada no dia 1\u00ba de mar\u00e7o na zona\u2026<\/p>\n","protected":false},"author":123457,"featured_media":0,"comment_status":"closed","ping_status":"closed","sticky":false,"template":"","format":"standard","meta":{"advgb_blocks_editor_width":"","advgb_blocks_columns_visual_guide":"","footnotes":""},"categories":[34],"tags":[35,10839,10848],"class_list":["post-65458","post","type-post","status-publish","format-standard","hentry","category-g1","tag-g1","tag-policial","tag-rodape-01"],"author_meta":{"display_name":"Reda\u00e7\u00e3o","author_link":"https:\/\/sindaopcpb.org.br\/author\/redacao\/"},"featured_img":null,"coauthors":[],"tax_additional":{"categories":{"linked":["<a href=\"https:\/\/sindaopcpb.org.br\/g1\/\" class=\"advgb-post-tax-term\">G1<\/a>"],"unlinked":["<span class=\"advgb-post-tax-term\">G1<\/span>"]},"tags":{"linked":["<a href=\"https:\/\/sindaopcpb.org.br\/g1\/\" class=\"advgb-post-tax-term\">g1<\/a>","<a href=\"https:\/\/sindaopcpb.org.br\/g1\/\" class=\"advgb-post-tax-term\">Policial<\/a>","<a href=\"https:\/\/sindaopcpb.org.br\/g1\/\" class=\"advgb-post-tax-term\">Rodape 01<\/a>"],"unlinked":["<span class=\"advgb-post-tax-term\">g1<\/span>","<span class=\"advgb-post-tax-term\">Policial<\/span>","<span class=\"advgb-post-tax-term\">Rodape 01<\/span>"]}},"comment_count":"0","relative_dates":{"created":"Publicado 2 meses atr\u00e1s","modified":"Atualizado 2 meses atr\u00e1s"},"absolute_dates":{"created":"Publicado em 13 de mar\u00e7o de 2026","modified":"Atualizado em 13 de mar\u00e7o de 2026"},"absolute_dates_time":{"created":"Publicado em 13 de mar\u00e7o de 2026 09:25","modified":"Atualizado em 13 de mar\u00e7o de 2026 11:25"},"featured_img_caption":"","series_order":"","_links":{"self":[{"href":"https:\/\/sindaopcpb.org.br\/index.php\/wp-json\/wp\/v2\/posts\/65458","targetHints":{"allow":["GET"]}}],"collection":[{"href":"https:\/\/sindaopcpb.org.br\/index.php\/wp-json\/wp\/v2\/posts"}],"about":[{"href":"https:\/\/sindaopcpb.org.br\/index.php\/wp-json\/wp\/v2\/types\/post"}],"author":[{"embeddable":true,"href":"https:\/\/sindaopcpb.org.br\/index.php\/wp-json\/wp\/v2\/users\/123457"}],"replies":[{"embeddable":true,"href":"https:\/\/sindaopcpb.org.br\/index.php\/wp-json\/wp\/v2\/comments?post=65458"}],"version-history":[{"count":4,"href":"https:\/\/sindaopcpb.org.br\/index.php\/wp-json\/wp\/v2\/posts\/65458\/revisions"}],"predecessor-version":[{"id":65485,"href":"https:\/\/sindaopcpb.org.br\/index.php\/wp-json\/wp\/v2\/posts\/65458\/revisions\/65485"}],"wp:attachment":[{"href":"https:\/\/sindaopcpb.org.br\/index.php\/wp-json\/wp\/v2\/media?parent=65458"}],"wp:term":[{"taxonomy":"category","embeddable":true,"href":"https:\/\/sindaopcpb.org.br\/index.php\/wp-json\/wp\/v2\/categories?post=65458"},{"taxonomy":"post_tag","embeddable":true,"href":"https:\/\/sindaopcpb.org.br\/index.php\/wp-json\/wp\/v2\/tags?post=65458"}],"curies":[{"name":"wp","href":"https:\/\/api.w.org\/{rel}","templated":true}]}}