{"id":65451,"date":"2026-03-12T17:25:39","date_gmt":"2026-03-12T20:25:39","guid":{"rendered":"https:\/\/www.pbagora.com.br\/?p=941790"},"modified":"2026-03-12T17:25:39","modified_gmt":"2026-03-12T20:25:39","slug":"jovem-de-23-anos-e-assassinado-a-tiros-em-praca-publica-na-regiao-metropolitana-de-joao-pessoa","status":"publish","type":"post","link":"https:\/\/sindaopcpb.org.br\/index.php\/2026\/03\/12\/jovem-de-23-anos-e-assassinado-a-tiros-em-praca-publica-na-regiao-metropolitana-de-joao-pessoa\/","title":{"rendered":"Jovem de 23 anos \u00e9 assassinado a tiros em pra\u00e7a p\u00fablica na Regi\u00e3o Metropolitana de Jo\u00e3o Pessoa"},"content":{"rendered":"<p><img width=\"800\" height=\"554\" src=\"https:\/\/www.pbagora.com.br\/storage\/2025\/04\/viatura-valentina.jpg\" class=\"attachment-large size-large wp-post-image\" alt=\"\" style=\"margin-bottom: 20px;\" decoding=\"async\" srcset=\"https:\/\/www.pbagora.com.br\/storage\/2025\/04\/viatura-valentina.jpg 800w, https:\/\/www.pbagora.com.br\/storage\/2025\/04\/viatura-valentina-300x208.jpg 300w, https:\/\/www.pbagora.com.br\/storage\/2025\/04\/viatura-valentina-150x104.jpg 150w, https:\/\/www.pbagora.com.br\/storage\/2025\/04\/viatura-valentina-768x532.jpg 768w, https:\/\/www.pbagora.com.br\/storage\/2025\/04\/viatura-valentina-380x263.jpg 380w, https:\/\/www.pbagora.com.br\/storage\/2025\/04\/viatura-valentina-80x55.jpg 80w, https:\/\/www.pbagora.com.br\/storage\/2025\/04\/viatura-valentina-760x526.jpg 760w, https:\/\/www.pbagora.com.br\/storage\/2025\/04\/viatura-valentina-600x416.jpg 600w\" sizes=\"(max-width: 800px) 100vw, 800px\" \/><\/p>\n<p>No final da manh\u00e3 desta quinta-feira (12), um jovem de 23 anos foi morto a tiros em uma pra\u00e7a p\u00fablica do bairro de V\u00e1rzea Nova, no munic\u00edpio de Santa Rita, na Grande Jo\u00e3o Pessoa.<\/p>\n\n\n\n<p>De acordo com informa\u00e7\u00f5es repassadas \u00e0 pol\u00edcia, dois homens em uma motocicleta se aproximaram da v\u00edtima e efetuaram os disparos. Cinco tiros atingiram o jovem.<\/p>\n\n\n\n<p>Em informa\u00e7\u00f5es repassadas \u00e0 imprensa, o delegado Bruno Germano afirmou que n\u00e3o h\u00e1 informa\u00e7\u00f5es se a v\u00edtima estava  acompanhada no momento do crime. A fam\u00edlia da v\u00edtima informou a pol\u00edcia que o jovem n\u00e3o tinha envolvimento com o crime. <\/p>\n\n\n\n<p>Ainda n\u00e3o h\u00e1 informa\u00e7\u00f5es a respeito da autoria, assim como, da motiva\u00e7\u00e3o do crime.<\/p>\n\n\n\n<p><\/p>\n\n\n\n<p><strong><em>PB Agora<\/em><\/strong><\/p>\n","protected":false},"excerpt":{"rendered":"<p><img loading=\"lazy\" decoding=\"async\" width=\"800\" height=\"554\" src=\"https:\/\/www.pbagora.com.br\/storage\/2025\/04\/viatura-valentina.jpg\" class=\"attachment-large size-large wp-post-image\" alt=\"\" srcset=\"https:\/\/www.pbagora.com.br\/storage\/2025\/04\/viatura-valentina.jpg 800w, https:\/\/www.pbagora.com.br\/storage\/2025\/04\/viatura-valentina-300x208.jpg 300w, https:\/\/www.pbagora.com.br\/storage\/2025\/04\/viatura-valentina-150x104.jpg 150w, https:\/\/www.pbagora.com.br\/storage\/2025\/04\/viatura-valentina-768x532.jpg 768w, https:\/\/www.pbagora.com.br\/storage\/2025\/04\/viatura-valentina-380x263.jpg 380w, https:\/\/www.pbagora.com.br\/storage\/2025\/04\/viatura-valentina-80x55.jpg 80w, https:\/\/www.pbagora.com.br\/storage\/2025\/04\/viatura-valentina-760x526.jpg 760w, https:\/\/www.pbagora.com.br\/storage\/2025\/04\/viatura-valentina-600x416.jpg 600w\" sizes=\"auto, (max-width: 800px) 100vw, 800px\"><\/p>\n<p>No final da manh\u00e3 desta quinta-feira (12), um jovem de 23 anos foi morto a tiros em uma\u2026<\/p>\n","protected":false},"author":123457,"featured_media":0,"comment_status":"closed","ping_status":"closed","sticky":false,"template":"","format":"standard","meta":{"advgb_blocks_editor_width":"","advgb_blocks_columns_visual_guide":"","footnotes":""},"categories":[34],"tags":[10845,35,10839],"class_list":["post-65451","post","type-post","status-publish","format-standard","hentry","category-g1","tag-destaque-centro-01","tag-g1","tag-policial"],"author_meta":{"display_name":"Reda\u00e7\u00e3o","author_link":"https:\/\/sindaopcpb.org.br\/author\/redacao\/"},"featured_img":null,"coauthors":[],"tax_additional":{"categories":{"linked":["<a href=\"https:\/\/sindaopcpb.org.br\/g1\/\" class=\"advgb-post-tax-term\">G1<\/a>"],"unlinked":["<span class=\"advgb-post-tax-term\">G1<\/span>"]},"tags":{"linked":["<a href=\"https:\/\/sindaopcpb.org.br\/g1\/\" class=\"advgb-post-tax-term\">Destaque Centro 01<\/a>","<a href=\"https:\/\/sindaopcpb.org.br\/g1\/\" class=\"advgb-post-tax-term\">g1<\/a>","<a href=\"https:\/\/sindaopcpb.org.br\/g1\/\" class=\"advgb-post-tax-term\">Policial<\/a>"],"unlinked":["<span class=\"advgb-post-tax-term\">Destaque Centro 01<\/span>","<span class=\"advgb-post-tax-term\">g1<\/span>","<span class=\"advgb-post-tax-term\">Policial<\/span>"]}},"comment_count":"0","relative_dates":{"created":"Publicado 2 meses atr\u00e1s","modified":"Atualizado 2 meses atr\u00e1s"},"absolute_dates":{"created":"Publicado em 12 de mar\u00e7o de 2026","modified":"Atualizado em 12 de mar\u00e7o de 2026"},"absolute_dates_time":{"created":"Publicado em 12 de mar\u00e7o de 2026 17:25","modified":"Atualizado em 12 de mar\u00e7o de 2026 17:25"},"featured_img_caption":"","series_order":"","_links":{"self":[{"href":"https:\/\/sindaopcpb.org.br\/index.php\/wp-json\/wp\/v2\/posts\/65451","targetHints":{"allow":["GET"]}}],"collection":[{"href":"https:\/\/sindaopcpb.org.br\/index.php\/wp-json\/wp\/v2\/posts"}],"about":[{"href":"https:\/\/sindaopcpb.org.br\/index.php\/wp-json\/wp\/v2\/types\/post"}],"author":[{"embeddable":true,"href":"https:\/\/sindaopcpb.org.br\/index.php\/wp-json\/wp\/v2\/users\/123457"}],"replies":[{"embeddable":true,"href":"https:\/\/sindaopcpb.org.br\/index.php\/wp-json\/wp\/v2\/comments?post=65451"}],"version-history":[{"count":3,"href":"https:\/\/sindaopcpb.org.br\/index.php\/wp-json\/wp\/v2\/posts\/65451\/revisions"}],"predecessor-version":[{"id":65467,"href":"https:\/\/sindaopcpb.org.br\/index.php\/wp-json\/wp\/v2\/posts\/65451\/revisions\/65467"}],"wp:attachment":[{"href":"https:\/\/sindaopcpb.org.br\/index.php\/wp-json\/wp\/v2\/media?parent=65451"}],"wp:term":[{"taxonomy":"category","embeddable":true,"href":"https:\/\/sindaopcpb.org.br\/index.php\/wp-json\/wp\/v2\/categories?post=65451"},{"taxonomy":"post_tag","embeddable":true,"href":"https:\/\/sindaopcpb.org.br\/index.php\/wp-json\/wp\/v2\/tags?post=65451"}],"curies":[{"name":"wp","href":"https:\/\/api.w.org\/{rel}","templated":true}]}}