{"id":65448,"date":"2026-03-12T15:47:39","date_gmt":"2026-03-12T18:47:39","guid":{"rendered":"https:\/\/www.pbagora.com.br\/?p=941765"},"modified":"2026-03-12T15:47:39","modified_gmt":"2026-03-12T18:47:39","slug":"operacao-barricada-zero-volta-a-remover-obstaculos-em-comunidades-de-joao-pessoa-e-prende-tres-suspeitos","status":"publish","type":"post","link":"https:\/\/sindaopcpb.org.br\/index.php\/2026\/03\/12\/operacao-barricada-zero-volta-a-remover-obstaculos-em-comunidades-de-joao-pessoa-e-prende-tres-suspeitos\/","title":{"rendered":"Opera\u00e7\u00e3o Barricada Zero volta a remover obst\u00e1culos em comunidades de Jo\u00e3o Pessoa e prende tr\u00eas suspeitos"},"content":{"rendered":"<p><img width=\"1024\" height=\"682\" src=\"https:\/\/www.pbagora.com.br\/storage\/2026\/03\/barricada-guarda-civil-de-joao-pessoa-3-1024x682.jpeg\" class=\"attachment-large size-large wp-post-image\" alt=\"\" style=\"margin-bottom: 20px;\" decoding=\"async\" loading=\"lazy\" srcset=\"https:\/\/www.pbagora.com.br\/storage\/2026\/03\/barricada-guarda-civil-de-joao-pessoa-3-1024x682.jpeg 1024w, https:\/\/www.pbagora.com.br\/storage\/2026\/03\/barricada-guarda-civil-de-joao-pessoa-3-300x200.jpeg 300w, https:\/\/www.pbagora.com.br\/storage\/2026\/03\/barricada-guarda-civil-de-joao-pessoa-3-150x100.jpeg 150w, https:\/\/www.pbagora.com.br\/storage\/2026\/03\/barricada-guarda-civil-de-joao-pessoa-3-768x512.jpeg 768w, https:\/\/www.pbagora.com.br\/storage\/2026\/03\/barricada-guarda-civil-de-joao-pessoa-3-380x253.jpeg 380w, https:\/\/www.pbagora.com.br\/storage\/2026\/03\/barricada-guarda-civil-de-joao-pessoa-3-800x533.jpeg 800w, https:\/\/www.pbagora.com.br\/storage\/2026\/03\/barricada-guarda-civil-de-joao-pessoa-3-1160x773.jpeg 1160w, https:\/\/www.pbagora.com.br\/storage\/2026\/03\/barricada-guarda-civil-de-joao-pessoa-3-80x53.jpeg 80w, https:\/\/www.pbagora.com.br\/storage\/2026\/03\/barricada-guarda-civil-de-joao-pessoa-3-760x506.jpeg 760w, https:\/\/www.pbagora.com.br\/storage\/2026\/03\/barricada-guarda-civil-de-joao-pessoa-3-600x400.jpeg 600w, https:\/\/www.pbagora.com.br\/storage\/2026\/03\/barricada-guarda-civil-de-joao-pessoa-3.jpeg 1280w\" sizes=\"auto, (max-width: 1024px) 100vw, 1024px\" \/><\/p>\n<p>A Guarda Civil Metropolitana de Jo\u00e3o Pessoa (GCM-JP) participou, nesta semana, da segunda fase da Opera\u00e7\u00e3o Barricada Zero, realizada nos bairros Altiplano e Cristo Redentor. A a\u00e7\u00e3o contou com o apoio do Grupo de Atua\u00e7\u00e3o Especial Contra o Crime Organizado (Gaeco) e teve como objetivo garantir o direito de ir e vir da popula\u00e7\u00e3o, al\u00e9m de restabelecer o funcionamento de servi\u00e7os essenciais nas comunidades.<\/p>\n\n\n<div class=\"wp-block-image\">\n<figure class=\"alignleft size-large is-resized\"><img  decoding=\"async\"  width=\"1024\"  height=\"682\"  src=\"https:\/\/www.pbagora.com.br\/storage\/2026\/03\/barricada-guarda-civil-de-joao-pessoa-1-1024x682.jpeg\"  alt=\"\"  class=\"wp-image-941766\"  style=\"aspect-ratio:1.5015180789401048;width:331px;height:auto\"  srcset=\"https:\/\/www.pbagora.com.br\/storage\/2026\/03\/barricada-guarda-civil-de-joao-pessoa-1-1024x682.jpeg 1024w, https:\/\/www.pbagora.com.br\/storage\/2026\/03\/barricada-guarda-civil-de-joao-pessoa-1-300x200.jpeg 300w, https:\/\/www.pbagora.com.br\/storage\/2026\/03\/barricada-guarda-civil-de-joao-pessoa-1-150x100.jpeg 150w, https:\/\/www.pbagora.com.br\/storage\/2026\/03\/barricada-guarda-civil-de-joao-pessoa-1-768x512.jpeg 768w, https:\/\/www.pbagora.com.br\/storage\/2026\/03\/barricada-guarda-civil-de-joao-pessoa-1-380x253.jpeg 380w, https:\/\/www.pbagora.com.br\/storage\/2026\/03\/barricada-guarda-civil-de-joao-pessoa-1-800x533.jpeg 800w, https:\/\/www.pbagora.com.br\/storage\/2026\/03\/barricada-guarda-civil-de-joao-pessoa-1-1160x773.jpeg 1160w, https:\/\/www.pbagora.com.br\/storage\/2026\/03\/barricada-guarda-civil-de-joao-pessoa-1-80x53.jpeg 80w, https:\/\/www.pbagora.com.br\/storage\/2026\/03\/barricada-guarda-civil-de-joao-pessoa-1-760x506.jpeg 760w, https:\/\/www.pbagora.com.br\/storage\/2026\/03\/barricada-guarda-civil-de-joao-pessoa-1-600x400.jpeg 600w, https:\/\/www.pbagora.com.br\/storage\/2026\/03\/barricada-guarda-civil-de-joao-pessoa-1.jpeg 1280w\"  sizes=\"(max-width: 1024px) 100vw, 1024px\" ><figcaption class=\"wp-element-caption\">Foto: Roberto Mendes \/ Secom-JP<\/figcaption><\/figure>\n<\/div>\n\n\n<p>Durante a opera\u00e7\u00e3o, as equipes atuaram na retirada de barricadas e outros obst\u00e1culos instalados ilegalmente em vias p\u00fablicas por grupos criminosos. As estruturas dificultavam o acesso de ambul\u00e2ncias, caminh\u00f5es de coleta de lixo e viaturas de seguran\u00e7a, prejudicando diretamente a rotina dos moradores.<\/p>\n\n\n\n<p>A a\u00e7\u00e3o resultou na pris\u00e3o em flagrante de tr\u00eas indiv\u00edduos, que foram encaminhados \u00e0 Central de Pol\u00edcia. Entre os detidos, um \u00e9 suspeito de tr\u00e1fico de entorpecentes e dois foram presos por furto de cabos de cobre. Um deles tamb\u00e9m possu\u00eda mandado de pris\u00e3o em aberto pelo crime de roubo, previsto no Artigo 157 do C\u00f3digo Penal.<\/p>\n\n\n<div class=\"wp-block-image\">\n<figure class=\"alignright size-large is-resized\"><img  decoding=\"async\"  width=\"1024\"  height=\"682\"  src=\"https:\/\/www.pbagora.com.br\/storage\/2026\/03\/barricada-guarda-civil-de-joao-pessoa-2-1024x682.jpeg\"  alt=\"\"  class=\"wp-image-941767\"  style=\"aspect-ratio:1.5015180789401048;width:378px;height:auto\"  srcset=\"https:\/\/www.pbagora.com.br\/storage\/2026\/03\/barricada-guarda-civil-de-joao-pessoa-2-1024x682.jpeg 1024w, https:\/\/www.pbagora.com.br\/storage\/2026\/03\/barricada-guarda-civil-de-joao-pessoa-2-300x200.jpeg 300w, https:\/\/www.pbagora.com.br\/storage\/2026\/03\/barricada-guarda-civil-de-joao-pessoa-2-150x100.jpeg 150w, https:\/\/www.pbagora.com.br\/storage\/2026\/03\/barricada-guarda-civil-de-joao-pessoa-2-768x512.jpeg 768w, https:\/\/www.pbagora.com.br\/storage\/2026\/03\/barricada-guarda-civil-de-joao-pessoa-2-380x253.jpeg 380w, https:\/\/www.pbagora.com.br\/storage\/2026\/03\/barricada-guarda-civil-de-joao-pessoa-2-800x533.jpeg 800w, https:\/\/www.pbagora.com.br\/storage\/2026\/03\/barricada-guarda-civil-de-joao-pessoa-2-1160x773.jpeg 1160w, https:\/\/www.pbagora.com.br\/storage\/2026\/03\/barricada-guarda-civil-de-joao-pessoa-2-80x53.jpeg 80w, https:\/\/www.pbagora.com.br\/storage\/2026\/03\/barricada-guarda-civil-de-joao-pessoa-2-760x506.jpeg 760w, https:\/\/www.pbagora.com.br\/storage\/2026\/03\/barricada-guarda-civil-de-joao-pessoa-2-600x400.jpeg 600w, https:\/\/www.pbagora.com.br\/storage\/2026\/03\/barricada-guarda-civil-de-joao-pessoa-2.jpeg 1280w\"  sizes=\"(max-width: 1024px) 100vw, 1024px\" ><figcaption class=\"wp-element-caption\">Foto: Roberto Mendes \/ Secom-JP<\/figcaption><\/figure>\n<\/div>\n\n\n<p>Durante a opera\u00e7\u00e3o, as equipes apreenderam drogas, uma balan\u00e7a de precis\u00e3o, um simulacro de pistola, grande quantidade de fios de cobre, al\u00e9m de chaves fus\u00edveis e ferramentas utilizadas para interromper o fornecimento de energia e facilitar furtos ou sabotagens na rede el\u00e9trica.<\/p>\n\n\n\n<p>O secret\u00e1rio de Seguran\u00e7a Urbana e Cidadania da Capital (Semusb), Jo\u00e3o Almeida, destacou a import\u00e2ncia da atua\u00e7\u00e3o integrada entre os \u00f3rg\u00e3os de seguran\u00e7a para garantir mais tranquilidade \u00e0 popula\u00e7\u00e3o.<br>\u00a0<br>\u201cEssa opera\u00e7\u00e3o mostra a for\u00e7a do trabalho conjunto entre as institui\u00e7\u00f5es. Nosso objetivo \u00e9 assegurar o direito de circula\u00e7\u00e3o da popula\u00e7\u00e3o e garantir que os servi\u00e7os p\u00fablicos cheguem \u00e0s comunidades sem qualquer tipo de impedimento\u201d, afirmou.<br>\u00a0<br>Com a desobstru\u00e7\u00e3o das vias, a Opera\u00e7\u00e3o Barricada Zero refor\u00e7a o compromisso das for\u00e7as de seguran\u00e7a em devolver a tranquilidade \u00e0s fam\u00edlias e assegurar o pleno funcionamento da infraestrutura urbana nos bairros da Capital.<\/p>\n\n\n\n<p><\/p>\n\n\n\n<p><strong><em>Secom-JP<\/em><\/strong><\/p>\n","protected":false},"excerpt":{"rendered":"<p><img loading=\"lazy\" decoding=\"async\" width=\"1024\" height=\"682\" src=\"https:\/\/www.pbagora.com.br\/storage\/2026\/03\/barricada-guarda-civil-de-joao-pessoa-3-1024x682.jpeg\" class=\"attachment-large size-large wp-post-image\" alt=\"\" srcset=\"https:\/\/www.pbagora.com.br\/storage\/2026\/03\/barricada-guarda-civil-de-joao-pessoa-3-1024x682.jpeg 1024w, https:\/\/www.pbagora.com.br\/storage\/2026\/03\/barricada-guarda-civil-de-joao-pessoa-3-300x200.jpeg 300w, https:\/\/www.pbagora.com.br\/storage\/2026\/03\/barricada-guarda-civil-de-joao-pessoa-3-150x100.jpeg 150w, https:\/\/www.pbagora.com.br\/storage\/2026\/03\/barricada-guarda-civil-de-joao-pessoa-3-768x512.jpeg 768w, https:\/\/www.pbagora.com.br\/storage\/2026\/03\/barricada-guarda-civil-de-joao-pessoa-3-380x253.jpeg 380w, https:\/\/www.pbagora.com.br\/storage\/2026\/03\/barricada-guarda-civil-de-joao-pessoa-3-800x533.jpeg 800w, https:\/\/www.pbagora.com.br\/storage\/2026\/03\/barricada-guarda-civil-de-joao-pessoa-3-1160x773.jpeg 1160w, https:\/\/www.pbagora.com.br\/storage\/2026\/03\/barricada-guarda-civil-de-joao-pessoa-3-80x53.jpeg 80w, https:\/\/www.pbagora.com.br\/storage\/2026\/03\/barricada-guarda-civil-de-joao-pessoa-3-760x506.jpeg 760w, https:\/\/www.pbagora.com.br\/storage\/2026\/03\/barricada-guarda-civil-de-joao-pessoa-3-600x400.jpeg 600w, https:\/\/www.pbagora.com.br\/storage\/2026\/03\/barricada-guarda-civil-de-joao-pessoa-3.jpeg 1280w\" sizes=\"auto, (max-width: 1024px) 100vw, 1024px\"><\/p>\n<p>A Guarda Civil Metropolitana de Jo\u00e3o Pessoa (GCM-JP) participou, nesta semana, da segunda fase da Opera\u00e7\u00e3o Barricada Zero,\u2026<\/p>\n","protected":false},"author":123457,"featured_media":0,"comment_status":"closed","ping_status":"closed","sticky":false,"template":"","format":"standard","meta":{"advgb_blocks_editor_width":"","advgb_blocks_columns_visual_guide":"","footnotes":""},"categories":[34],"tags":[10840,35,10839],"class_list":["post-65448","post","type-post","status-publish","format-standard","hentry","category-g1","tag-destaque-centro-03","tag-g1","tag-policial"],"author_meta":{"display_name":"Reda\u00e7\u00e3o","author_link":"https:\/\/sindaopcpb.org.br\/author\/redacao\/"},"featured_img":null,"coauthors":[],"tax_additional":{"categories":{"linked":["<a href=\"https:\/\/sindaopcpb.org.br\/g1\/\" class=\"advgb-post-tax-term\">G1<\/a>"],"unlinked":["<span class=\"advgb-post-tax-term\">G1<\/span>"]},"tags":{"linked":["<a href=\"https:\/\/sindaopcpb.org.br\/g1\/\" class=\"advgb-post-tax-term\">Destaque Centro 03<\/a>","<a href=\"https:\/\/sindaopcpb.org.br\/g1\/\" class=\"advgb-post-tax-term\">g1<\/a>","<a href=\"https:\/\/sindaopcpb.org.br\/g1\/\" class=\"advgb-post-tax-term\">Policial<\/a>"],"unlinked":["<span class=\"advgb-post-tax-term\">Destaque Centro 03<\/span>","<span class=\"advgb-post-tax-term\">g1<\/span>","<span class=\"advgb-post-tax-term\">Policial<\/span>"]}},"comment_count":"0","relative_dates":{"created":"Publicado 2 meses atr\u00e1s","modified":"Atualizado 2 meses atr\u00e1s"},"absolute_dates":{"created":"Publicado em 12 de mar\u00e7o de 2026","modified":"Atualizado em 12 de mar\u00e7o de 2026"},"absolute_dates_time":{"created":"Publicado em 12 de mar\u00e7o de 2026 15:47","modified":"Atualizado em 12 de mar\u00e7o de 2026 15:47"},"featured_img_caption":"","series_order":"","_links":{"self":[{"href":"https:\/\/sindaopcpb.org.br\/index.php\/wp-json\/wp\/v2\/posts\/65448","targetHints":{"allow":["GET"]}}],"collection":[{"href":"https:\/\/sindaopcpb.org.br\/index.php\/wp-json\/wp\/v2\/posts"}],"about":[{"href":"https:\/\/sindaopcpb.org.br\/index.php\/wp-json\/wp\/v2\/types\/post"}],"author":[{"embeddable":true,"href":"https:\/\/sindaopcpb.org.br\/index.php\/wp-json\/wp\/v2\/users\/123457"}],"replies":[{"embeddable":true,"href":"https:\/\/sindaopcpb.org.br\/index.php\/wp-json\/wp\/v2\/comments?post=65448"}],"version-history":[{"count":3,"href":"https:\/\/sindaopcpb.org.br\/index.php\/wp-json\/wp\/v2\/posts\/65448\/revisions"}],"predecessor-version":[{"id":65457,"href":"https:\/\/sindaopcpb.org.br\/index.php\/wp-json\/wp\/v2\/posts\/65448\/revisions\/65457"}],"wp:attachment":[{"href":"https:\/\/sindaopcpb.org.br\/index.php\/wp-json\/wp\/v2\/media?parent=65448"}],"wp:term":[{"taxonomy":"category","embeddable":true,"href":"https:\/\/sindaopcpb.org.br\/index.php\/wp-json\/wp\/v2\/categories?post=65448"},{"taxonomy":"post_tag","embeddable":true,"href":"https:\/\/sindaopcpb.org.br\/index.php\/wp-json\/wp\/v2\/tags?post=65448"}],"curies":[{"name":"wp","href":"https:\/\/api.w.org\/{rel}","templated":true}]}}