{"id":65427,"date":"2026-03-12T10:25:06","date_gmt":"2026-03-12T13:25:06","guid":{"rendered":"https:\/\/www.pbagora.com.br\/?p=941664"},"modified":"2026-03-12T12:10:06","modified_gmt":"2026-03-12T15:10:06","slug":"prefeito-de-jacarau-e-alvo-de-operacao-do-gaeco-em-investigacao-sobre-morte-do-vereador-peron-filho","status":"publish","type":"post","link":"https:\/\/sindaopcpb.org.br\/index.php\/2026\/03\/12\/prefeito-de-jacarau-e-alvo-de-operacao-do-gaeco-em-investigacao-sobre-morte-do-vereador-peron-filho\/","title":{"rendered":"Prefeito de Jacara\u00fa \u00e9 alvo de opera\u00e7\u00e3o do Gaeco em investiga\u00e7\u00e3o sobre morte do vereador Peron Filho"},"content":{"rendered":"<p><img width=\"679\" height=\"452\" src=\"https:\/\/www.pbagora.com.br\/storage\/2026\/03\/image-85.png\" class=\"attachment-large size-large wp-post-image\" alt=\"\" style=\"margin-bottom: 20px;\" decoding=\"async\" loading=\"lazy\" srcset=\"https:\/\/www.pbagora.com.br\/storage\/2026\/03\/image-85.png 679w, https:\/\/www.pbagora.com.br\/storage\/2026\/03\/image-85-300x200.png 300w, https:\/\/www.pbagora.com.br\/storage\/2026\/03\/image-85-150x100.png 150w, https:\/\/www.pbagora.com.br\/storage\/2026\/03\/image-85-380x253.png 380w, https:\/\/www.pbagora.com.br\/storage\/2026\/03\/image-85-80x53.png 80w, https:\/\/www.pbagora.com.br\/storage\/2026\/03\/image-85-600x399.png 600w\" sizes=\"auto, (max-width: 679px) 100vw, 679px\" \/><\/p>\n<p>O prefeito de Jacara\u00fa, M\u00e1rcio Aur\u00e9lio, foi alvo de mandado de busca e apreens\u00e3o cumprido nesta quinta-feira (12) por equipes do Grupo de Atua\u00e7\u00e3o Especial Contra o Crime Organizado (Gaeco), do Minist\u00e9rio P\u00fablico da Para\u00edba, com apoio da Pol\u00edcia Civil.<\/p>\n\n\n\n<p>A a\u00e7\u00e3o integra as investiga\u00e7\u00f5es sobre o assassinato do vereador Peron Filho, ocorrido em 15 de setembro do ano passado no munic\u00edpio.<\/p>\n\n\n\n<p>Em outubro de 2025, cinco pessoas foram presas suspeitas de envolvimento no crime. Entre os detidos estavam dois ent\u00e3o secret\u00e1rios da Prefeitura de Jacara\u00fa: Jeferson Carvalho da Silva, da Secretaria de Transportes e Mobilidade Urbana, e Ant\u00f4nio Fernandes Alves Bezerra, da Secretaria de Administra\u00e7\u00e3o. Ambos foram apontados nas investiga\u00e7\u00f5es como poss\u00edveis mandantes.<\/p>\n\n\n\n<p>Com a opera\u00e7\u00e3o desta quinta-feira, o Minist\u00e9rio P\u00fablico busca aprofundar a coleta de provas e esclarecer os fatos relacionados ao homic\u00eddio.<\/p>\n\n\n\n<p>Peron Filho foi encontrado morto na estrada da cidade de Pedro R\u00e9gis quando estava voltando para casa de moto e havia participado de uma partida de futebol em um distrito de Jacara\u00fa. A v\u00edtima foi atingida por tr\u00eas disparos nas costas e morreu ainda no local.<\/p>\n\n\n\n<p><strong><em>PB Agora<\/em><\/strong><\/p>\n","protected":false},"excerpt":{"rendered":"<p><img decoding=\"async\" width=\"679\" height=\"452\" src=\"https:\/\/www.pbagora.com.br\/storage\/2026\/03\/image-85.png\" class=\"attachment-large size-large wp-post-image\" alt=\"\" loading=\"lazy\" srcset=\"https:\/\/www.pbagora.com.br\/storage\/2026\/03\/image-85.png 679w, https:\/\/www.pbagora.com.br\/storage\/2026\/03\/image-85-300x200.png 300w, https:\/\/www.pbagora.com.br\/storage\/2026\/03\/image-85-150x100.png 150w, https:\/\/www.pbagora.com.br\/storage\/2026\/03\/image-85-380x253.png 380w, https:\/\/www.pbagora.com.br\/storage\/2026\/03\/image-85-80x53.png 80w, https:\/\/www.pbagora.com.br\/storage\/2026\/03\/image-85-600x399.png 600w\" sizes=\"auto, (max-width: 679px) 100vw, 679px\"><\/p>\n<p>O prefeito de Jacara\u00fa, M\u00e1rcio Aur\u00e9lio, foi alvo de mandado de busca e apreens\u00e3o cumprido nesta quinta-feira (12)\u2026<\/p>\n","protected":false},"author":123457,"featured_media":0,"comment_status":"closed","ping_status":"closed","sticky":false,"template":"","format":"standard","meta":{"advgb_blocks_editor_width":"","advgb_blocks_columns_visual_guide":"","footnotes":""},"categories":[34],"tags":[35,10839,10850],"class_list":["post-65427","post","type-post","status-publish","format-standard","hentry","category-g1","tag-g1","tag-policial","tag-voceviu"],"author_meta":{"display_name":"Reda\u00e7\u00e3o","author_link":"https:\/\/sindaopcpb.org.br\/author\/redacao\/"},"featured_img":null,"coauthors":[],"tax_additional":{"categories":{"linked":["<a href=\"https:\/\/sindaopcpb.org.br\/g1\/\" class=\"advgb-post-tax-term\">G1<\/a>"],"unlinked":["<span class=\"advgb-post-tax-term\">G1<\/span>"]},"tags":{"linked":["<a href=\"https:\/\/sindaopcpb.org.br\/g1\/\" class=\"advgb-post-tax-term\">g1<\/a>","<a href=\"https:\/\/sindaopcpb.org.br\/g1\/\" class=\"advgb-post-tax-term\">Policial<\/a>","<a href=\"https:\/\/sindaopcpb.org.br\/g1\/\" class=\"advgb-post-tax-term\">Voceviu?<\/a>"],"unlinked":["<span class=\"advgb-post-tax-term\">g1<\/span>","<span class=\"advgb-post-tax-term\">Policial<\/span>","<span class=\"advgb-post-tax-term\">Voceviu?<\/span>"]}},"comment_count":"0","relative_dates":{"created":"Publicado 2 meses atr\u00e1s","modified":"Atualizado 2 meses atr\u00e1s"},"absolute_dates":{"created":"Publicado em 12 de mar\u00e7o de 2026","modified":"Atualizado em 12 de mar\u00e7o de 2026"},"absolute_dates_time":{"created":"Publicado em 12 de mar\u00e7o de 2026 10:25","modified":"Atualizado em 12 de mar\u00e7o de 2026 12:10"},"featured_img_caption":"","series_order":"","_links":{"self":[{"href":"https:\/\/sindaopcpb.org.br\/index.php\/wp-json\/wp\/v2\/posts\/65427","targetHints":{"allow":["GET"]}}],"collection":[{"href":"https:\/\/sindaopcpb.org.br\/index.php\/wp-json\/wp\/v2\/posts"}],"about":[{"href":"https:\/\/sindaopcpb.org.br\/index.php\/wp-json\/wp\/v2\/types\/post"}],"author":[{"embeddable":true,"href":"https:\/\/sindaopcpb.org.br\/index.php\/wp-json\/wp\/v2\/users\/123457"}],"replies":[{"embeddable":true,"href":"https:\/\/sindaopcpb.org.br\/index.php\/wp-json\/wp\/v2\/comments?post=65427"}],"version-history":[{"count":2,"href":"https:\/\/sindaopcpb.org.br\/index.php\/wp-json\/wp\/v2\/posts\/65427\/revisions"}],"predecessor-version":[{"id":65438,"href":"https:\/\/sindaopcpb.org.br\/index.php\/wp-json\/wp\/v2\/posts\/65427\/revisions\/65438"}],"wp:attachment":[{"href":"https:\/\/sindaopcpb.org.br\/index.php\/wp-json\/wp\/v2\/media?parent=65427"}],"wp:term":[{"taxonomy":"category","embeddable":true,"href":"https:\/\/sindaopcpb.org.br\/index.php\/wp-json\/wp\/v2\/categories?post=65427"},{"taxonomy":"post_tag","embeddable":true,"href":"https:\/\/sindaopcpb.org.br\/index.php\/wp-json\/wp\/v2\/tags?post=65427"}],"curies":[{"name":"wp","href":"https:\/\/api.w.org\/{rel}","templated":true}]}}