{"id":65423,"date":"2026-03-12T11:00:01","date_gmt":"2026-03-12T14:00:01","guid":{"rendered":"https:\/\/www.pbagora.com.br\/?p=941679"},"modified":"2026-03-12T11:00:01","modified_gmt":"2026-03-12T14:00:01","slug":"pm-prende-homem-acusado-de-tentar-abusar-de-mulher-na-praia-em-joao-pessoa","status":"publish","type":"post","link":"https:\/\/sindaopcpb.org.br\/index.php\/2026\/03\/12\/pm-prende-homem-acusado-de-tentar-abusar-de-mulher-na-praia-em-joao-pessoa\/","title":{"rendered":"PM prende homem acusado de tentar abusar de mulher na praia, em Jo\u00e3o Pessoa"},"content":{"rendered":"<p><img width=\"800\" height=\"445\" src=\"https:\/\/www.pbagora.com.br\/storage\/2025\/10\/ilustrativa.jpeg\" class=\"attachment-large size-large wp-post-image\" alt=\"\" style=\"margin-bottom: 20px;\" decoding=\"async\" loading=\"lazy\" srcset=\"https:\/\/www.pbagora.com.br\/storage\/2025\/10\/ilustrativa.jpeg 800w, https:\/\/www.pbagora.com.br\/storage\/2025\/10\/ilustrativa-300x167.jpeg 300w, https:\/\/www.pbagora.com.br\/storage\/2025\/10\/ilustrativa-150x83.jpeg 150w, https:\/\/www.pbagora.com.br\/storage\/2025\/10\/ilustrativa-768x427.jpeg 768w, https:\/\/www.pbagora.com.br\/storage\/2025\/10\/ilustrativa-380x211.jpeg 380w, https:\/\/www.pbagora.com.br\/storage\/2025\/10\/ilustrativa-80x46.jpeg 80w, https:\/\/www.pbagora.com.br\/storage\/2025\/10\/ilustrativa-760x423.jpeg 760w, https:\/\/www.pbagora.com.br\/storage\/2025\/10\/ilustrativa-600x334.jpeg 600w\" sizes=\"auto, (max-width: 800px) 100vw, 800px\" \/><\/p>\n<p>Uma mulher sofreu uma tentativa de estupro na Praia de Tamba\u00fa, em Jo\u00e3o Pessoa, no in\u00edcio da noite dessa quarta-feira (11). De acordo com a Pol\u00edcia Militar, o suspeito tentou agarrar a v\u00edtima enquanto ela estava no mar. A mulher conseguiu escapar e correu em dire\u00e7\u00e3o \u00e0 orla para pedir ajuda.<\/p>\n\n\n\n<p>Em estado de choque e chorando, a v\u00edtima relatou aos policiais que um homem alto, moreno, vestindo camisa laranja e bermuda preta havia tentado segur\u00e1-la. Equipes da PM iniciaram buscas na regi\u00e3o e localizaram o suspeito ainda na beira-mar.<\/p>\n\n\n\n<p>Segundo o coronel Souza Neto, a rea\u00e7\u00e3o do homem durante a abordagem chamou aten\u00e7\u00e3o.<\/p>\n\n\n\n<p>\u201cAntes de dizermos a ele o motivo da pris\u00e3o, ele disse que n\u00e3o tinha estuprado ningu\u00e9m. N\u00e3o tocamos em nenhum ponto desse. Tivemos a certeza nesse momento que ele era o elemento que est\u00e1vamos \u00e0 procura\u201d, afirmou.<\/p>\n\n\n\n<p>O suspeito foi preso e encaminhado para a Central de Pol\u00edcia, onde ficar\u00e1 \u00e0 disposi\u00e7\u00e3o da Justi\u00e7a. Ele deve passar por audi\u00eancia de cust\u00f3dia nesta quinta-feira (12).<\/p>\n\n\n\n<p><strong><em>PB Agora<\/em><\/strong><\/p>\n","protected":false},"excerpt":{"rendered":"<p><img loading=\"lazy\" decoding=\"async\" width=\"800\" height=\"445\" src=\"https:\/\/www.pbagora.com.br\/storage\/2025\/10\/ilustrativa.jpeg\" class=\"attachment-large size-large wp-post-image\" alt=\"\" srcset=\"https:\/\/www.pbagora.com.br\/storage\/2025\/10\/ilustrativa.jpeg 800w, https:\/\/www.pbagora.com.br\/storage\/2025\/10\/ilustrativa-300x167.jpeg 300w, https:\/\/www.pbagora.com.br\/storage\/2025\/10\/ilustrativa-150x83.jpeg 150w, https:\/\/www.pbagora.com.br\/storage\/2025\/10\/ilustrativa-768x427.jpeg 768w, https:\/\/www.pbagora.com.br\/storage\/2025\/10\/ilustrativa-380x211.jpeg 380w, https:\/\/www.pbagora.com.br\/storage\/2025\/10\/ilustrativa-80x46.jpeg 80w, https:\/\/www.pbagora.com.br\/storage\/2025\/10\/ilustrativa-760x423.jpeg 760w, https:\/\/www.pbagora.com.br\/storage\/2025\/10\/ilustrativa-600x334.jpeg 600w\" sizes=\"auto, (max-width: 800px) 100vw, 800px\"><\/p>\n<p>Uma mulher sofreu uma tentativa de estupro na Praia de Tamba\u00fa, em Jo\u00e3o Pessoa, no in\u00edcio da noite\u2026<\/p>\n","protected":false},"author":123457,"featured_media":0,"comment_status":"closed","ping_status":"closed","sticky":false,"template":"","format":"standard","meta":{"advgb_blocks_editor_width":"","advgb_blocks_columns_visual_guide":"","footnotes":""},"categories":[34],"tags":[10841,35,10839],"class_list":["post-65423","post","type-post","status-publish","format-standard","hentry","category-g1","tag-destaque-centro-02","tag-g1","tag-policial"],"author_meta":{"display_name":"Reda\u00e7\u00e3o","author_link":"https:\/\/sindaopcpb.org.br\/author\/redacao\/"},"featured_img":null,"coauthors":[],"tax_additional":{"categories":{"linked":["<a href=\"https:\/\/sindaopcpb.org.br\/g1\/\" class=\"advgb-post-tax-term\">G1<\/a>"],"unlinked":["<span class=\"advgb-post-tax-term\">G1<\/span>"]},"tags":{"linked":["<a href=\"https:\/\/sindaopcpb.org.br\/g1\/\" class=\"advgb-post-tax-term\">Destaque Centro 02<\/a>","<a href=\"https:\/\/sindaopcpb.org.br\/g1\/\" class=\"advgb-post-tax-term\">g1<\/a>","<a href=\"https:\/\/sindaopcpb.org.br\/g1\/\" class=\"advgb-post-tax-term\">Policial<\/a>"],"unlinked":["<span class=\"advgb-post-tax-term\">Destaque Centro 02<\/span>","<span class=\"advgb-post-tax-term\">g1<\/span>","<span class=\"advgb-post-tax-term\">Policial<\/span>"]}},"comment_count":"0","relative_dates":{"created":"Publicado 2 meses atr\u00e1s","modified":"Atualizado 2 meses atr\u00e1s"},"absolute_dates":{"created":"Publicado em 12 de mar\u00e7o de 2026","modified":"Atualizado em 12 de mar\u00e7o de 2026"},"absolute_dates_time":{"created":"Publicado em 12 de mar\u00e7o de 2026 11:00","modified":"Atualizado em 12 de mar\u00e7o de 2026 11:00"},"featured_img_caption":"","series_order":"","_links":{"self":[{"href":"https:\/\/sindaopcpb.org.br\/index.php\/wp-json\/wp\/v2\/posts\/65423","targetHints":{"allow":["GET"]}}],"collection":[{"href":"https:\/\/sindaopcpb.org.br\/index.php\/wp-json\/wp\/v2\/posts"}],"about":[{"href":"https:\/\/sindaopcpb.org.br\/index.php\/wp-json\/wp\/v2\/types\/post"}],"author":[{"embeddable":true,"href":"https:\/\/sindaopcpb.org.br\/index.php\/wp-json\/wp\/v2\/users\/123457"}],"replies":[{"embeddable":true,"href":"https:\/\/sindaopcpb.org.br\/index.php\/wp-json\/wp\/v2\/comments?post=65423"}],"version-history":[{"count":1,"href":"https:\/\/sindaopcpb.org.br\/index.php\/wp-json\/wp\/v2\/posts\/65423\/revisions"}],"predecessor-version":[{"id":65424,"href":"https:\/\/sindaopcpb.org.br\/index.php\/wp-json\/wp\/v2\/posts\/65423\/revisions\/65424"}],"wp:attachment":[{"href":"https:\/\/sindaopcpb.org.br\/index.php\/wp-json\/wp\/v2\/media?parent=65423"}],"wp:term":[{"taxonomy":"category","embeddable":true,"href":"https:\/\/sindaopcpb.org.br\/index.php\/wp-json\/wp\/v2\/categories?post=65423"},{"taxonomy":"post_tag","embeddable":true,"href":"https:\/\/sindaopcpb.org.br\/index.php\/wp-json\/wp\/v2\/tags?post=65423"}],"curies":[{"name":"wp","href":"https:\/\/api.w.org\/{rel}","templated":true}]}}