{"id":65408,"date":"2026-03-12T06:19:31","date_gmt":"2026-03-12T09:19:31","guid":{"rendered":"https:\/\/www.pbagora.com.br\/?p=941608"},"modified":"2026-03-12T11:00:31","modified_gmt":"2026-03-12T14:00:31","slug":"policia-encontra-corpo-de-homem-decapitado-as-margens-da-br-230-no-bairro-sao-jose-em-jp","status":"publish","type":"post","link":"https:\/\/sindaopcpb.org.br\/index.php\/2026\/03\/12\/policia-encontra-corpo-de-homem-decapitado-as-margens-da-br-230-no-bairro-sao-jose-em-jp\/","title":{"rendered":"Pol\u00edcia encontra corpo de homem decapitado \u00e1s margens da BR-230 no bairro S\u00e3o Jos\u00e9, em JP"},"content":{"rendered":"<p><img width=\"768\" height=\"511\" src=\"https:\/\/www.pbagora.com.br\/storage\/2025\/10\/ipc-pb.jpeg\" class=\"attachment-large size-large wp-post-image\" alt=\"\" style=\"margin-bottom: 20px;\" decoding=\"async\" srcset=\"https:\/\/www.pbagora.com.br\/storage\/2025\/10\/ipc-pb.jpeg 768w, https:\/\/www.pbagora.com.br\/storage\/2025\/10\/ipc-pb-300x200.jpeg 300w, https:\/\/www.pbagora.com.br\/storage\/2025\/10\/ipc-pb-150x100.jpeg 150w, https:\/\/www.pbagora.com.br\/storage\/2025\/10\/ipc-pb-380x253.jpeg 380w, https:\/\/www.pbagora.com.br\/storage\/2025\/10\/ipc-pb-80x53.jpeg 80w, https:\/\/www.pbagora.com.br\/storage\/2025\/10\/ipc-pb-760x506.jpeg 760w, https:\/\/www.pbagora.com.br\/storage\/2025\/10\/ipc-pb-600x399.jpeg 600w\" sizes=\"(max-width: 768px) 100vw, 768px\" \/><\/p>\n<p><\/p>\n\n\n\n<p>A pol\u00edcia encontrou na manh\u00e3 de hoje (12), o corpo de um homem sem a cabe\u00e7a no bairro S\u00e3o Jos\u00e9, em Jo\u00e3o Pessoa.<\/p>\n\n\n\n<p>Segundo os dados iniciais da pol\u00edcia, o corpo \u00e9 do sexo masculino. A Pol\u00edcia Militar foi acionada isolou a \u00e1rea para o trabalho da per\u00edcia. At\u00e9 o momento, n\u00e3o h\u00e1 informa\u00e7\u00f5es sobre suspeitos ou a motiva\u00e7\u00e3o do crime. O caso ser\u00e1 investigado pelas autoridades respons\u00e1veis.<\/p>\n\n\n\n<p>Este \u00e9 o segundo caso de viol\u00eancia grave registrado na capital paraibana em 24 horas. Ontem (11), o corpo de uma mulher foi encontrado carbonizado dentro de uma mala no bairro de Mana\u00edra. Segundo as primeiras informa\u00e7\u00f5es da pol\u00edcia, a mala foi incendiada durante a madrugada, e apenas depois moradores perceberam que havia um corpo no interior.<\/p>\n\n\n\n<p>A sequ\u00eancia de ocorr\u00eancias acende um alerta para a escalada de crimes violentos na cidade, e ambos os casos seguem sob investiga\u00e7\u00e3o das autoridades.<\/p>\n\n\n\n<p>Reda\u00e7\u00e3o<\/p>\n","protected":false},"excerpt":{"rendered":"<p><img loading=\"lazy\" decoding=\"async\" width=\"768\" height=\"511\" src=\"https:\/\/www.pbagora.com.br\/storage\/2025\/10\/ipc-pb.jpeg\" class=\"attachment-large size-large wp-post-image\" alt=\"\" srcset=\"https:\/\/www.pbagora.com.br\/storage\/2025\/10\/ipc-pb.jpeg 768w, https:\/\/www.pbagora.com.br\/storage\/2025\/10\/ipc-pb-300x200.jpeg 300w, https:\/\/www.pbagora.com.br\/storage\/2025\/10\/ipc-pb-150x100.jpeg 150w, https:\/\/www.pbagora.com.br\/storage\/2025\/10\/ipc-pb-380x253.jpeg 380w, https:\/\/www.pbagora.com.br\/storage\/2025\/10\/ipc-pb-80x53.jpeg 80w, https:\/\/www.pbagora.com.br\/storage\/2025\/10\/ipc-pb-760x506.jpeg 760w, https:\/\/www.pbagora.com.br\/storage\/2025\/10\/ipc-pb-600x399.jpeg 600w\" sizes=\"auto, (max-width: 768px) 100vw, 768px\"><\/p>\n<p>A pol\u00edcia encontrou na manh\u00e3 de hoje (12), o corpo de um homem sem a cabe\u00e7a no bairro\u2026<\/p>\n","protected":false},"author":123457,"featured_media":0,"comment_status":"closed","ping_status":"closed","sticky":false,"template":"","format":"standard","meta":{"advgb_blocks_editor_width":"","advgb_blocks_columns_visual_guide":"","footnotes":""},"categories":[34],"tags":[35,10839,10846],"class_list":["post-65408","post","type-post","status-publish","format-standard","hentry","category-g1","tag-g1","tag-policial","tag-rodape-02"],"author_meta":{"display_name":"Reda\u00e7\u00e3o","author_link":"https:\/\/sindaopcpb.org.br\/author\/redacao\/"},"featured_img":null,"coauthors":[],"tax_additional":{"categories":{"linked":["<a href=\"https:\/\/sindaopcpb.org.br\/g1\/\" class=\"advgb-post-tax-term\">G1<\/a>"],"unlinked":["<span class=\"advgb-post-tax-term\">G1<\/span>"]},"tags":{"linked":["<a href=\"https:\/\/sindaopcpb.org.br\/g1\/\" class=\"advgb-post-tax-term\">g1<\/a>","<a href=\"https:\/\/sindaopcpb.org.br\/g1\/\" class=\"advgb-post-tax-term\">Policial<\/a>","<a href=\"https:\/\/sindaopcpb.org.br\/g1\/\" class=\"advgb-post-tax-term\">Rodape 02<\/a>"],"unlinked":["<span class=\"advgb-post-tax-term\">g1<\/span>","<span class=\"advgb-post-tax-term\">Policial<\/span>","<span class=\"advgb-post-tax-term\">Rodape 02<\/span>"]}},"comment_count":"0","relative_dates":{"created":"Publicado 2 meses atr\u00e1s","modified":"Atualizado 2 meses atr\u00e1s"},"absolute_dates":{"created":"Publicado em 12 de mar\u00e7o de 2026","modified":"Atualizado em 12 de mar\u00e7o de 2026"},"absolute_dates_time":{"created":"Publicado em 12 de mar\u00e7o de 2026 06:19","modified":"Atualizado em 12 de mar\u00e7o de 2026 11:00"},"featured_img_caption":"","series_order":"","_links":{"self":[{"href":"https:\/\/sindaopcpb.org.br\/index.php\/wp-json\/wp\/v2\/posts\/65408","targetHints":{"allow":["GET"]}}],"collection":[{"href":"https:\/\/sindaopcpb.org.br\/index.php\/wp-json\/wp\/v2\/posts"}],"about":[{"href":"https:\/\/sindaopcpb.org.br\/index.php\/wp-json\/wp\/v2\/types\/post"}],"author":[{"embeddable":true,"href":"https:\/\/sindaopcpb.org.br\/index.php\/wp-json\/wp\/v2\/users\/123457"}],"replies":[{"embeddable":true,"href":"https:\/\/sindaopcpb.org.br\/index.php\/wp-json\/wp\/v2\/comments?post=65408"}],"version-history":[{"count":3,"href":"https:\/\/sindaopcpb.org.br\/index.php\/wp-json\/wp\/v2\/posts\/65408\/revisions"}],"predecessor-version":[{"id":65422,"href":"https:\/\/sindaopcpb.org.br\/index.php\/wp-json\/wp\/v2\/posts\/65408\/revisions\/65422"}],"wp:attachment":[{"href":"https:\/\/sindaopcpb.org.br\/index.php\/wp-json\/wp\/v2\/media?parent=65408"}],"wp:term":[{"taxonomy":"category","embeddable":true,"href":"https:\/\/sindaopcpb.org.br\/index.php\/wp-json\/wp\/v2\/categories?post=65408"},{"taxonomy":"post_tag","embeddable":true,"href":"https:\/\/sindaopcpb.org.br\/index.php\/wp-json\/wp\/v2\/tags?post=65408"}],"curies":[{"name":"wp","href":"https:\/\/api.w.org\/{rel}","templated":true}]}}