{"id":65393,"date":"2026-03-11T12:17:37","date_gmt":"2026-03-11T15:17:37","guid":{"rendered":"https:\/\/www.pbagora.com.br\/?p=941515"},"modified":"2026-03-11T12:17:37","modified_gmt":"2026-03-11T15:17:37","slug":"diretora-de-creche-de-itabaiana-presa-por-chefiar-nucleo-financeiro-de-faccao-lavava-dinheiro-em-loja-de-roupas-2","status":"publish","type":"post","link":"https:\/\/sindaopcpb.org.br\/index.php\/2026\/03\/11\/diretora-de-creche-de-itabaiana-presa-por-chefiar-nucleo-financeiro-de-faccao-lavava-dinheiro-em-loja-de-roupas-2\/","title":{"rendered":"Diretora de creche de Itabaiana presa por chefiar n\u00facleo financeiro de fac\u00e7\u00e3o, lavava dinheiro em loja de roupas"},"content":{"rendered":"<p><img width=\"920\" height=\"716\" src=\"https:\/\/www.pbagora.com.br\/storage\/2026\/03\/image-80.png\" class=\"attachment-large size-large wp-post-image\" alt=\"\" style=\"margin-bottom: 20px;\" decoding=\"async\" srcset=\"https:\/\/www.pbagora.com.br\/storage\/2026\/03\/image-80.png 920w, https:\/\/www.pbagora.com.br\/storage\/2026\/03\/image-80-300x233.png 300w, https:\/\/www.pbagora.com.br\/storage\/2026\/03\/image-80-150x117.png 150w, https:\/\/www.pbagora.com.br\/storage\/2026\/03\/image-80-768x598.png 768w, https:\/\/www.pbagora.com.br\/storage\/2026\/03\/image-80-380x296.png 380w, https:\/\/www.pbagora.com.br\/storage\/2026\/03\/image-80-800x623.png 800w, https:\/\/www.pbagora.com.br\/storage\/2026\/03\/image-80-80x62.png 80w, https:\/\/www.pbagora.com.br\/storage\/2026\/03\/image-80-760x591.png 760w, https:\/\/www.pbagora.com.br\/storage\/2026\/03\/image-80-600x467.png 600w\" sizes=\"(max-width: 920px) 100vw, 920px\" \/><\/p>\n<p>A Pol\u00edcia Civil confirmou a pris\u00e3o da diretora de uma creche em Itabaiana, no Agreste da Para\u00edba, acusada de chefiar o n\u00facleo financeiro de uma fac\u00e7\u00e3o criminosa. A mulher foi detida na noite da \u00faltima segunda-feira (09), em Ipojuca (PE), durante cumprimento de mandado expedido pela 1\u00aa Vara Mista de Itabaiana.<\/p>\n\n\n\n<p>De acordo com as informa\u00e7\u00f5es policiais ela lavava dinheiro da organiza\u00e7\u00e3o criminosa em uma loja de roupas na cidade e tamb\u00e9m atuava na log\u00edstica da fac\u00e7\u00e3o.<\/p>\n\n\n\n<p>Em uma opera\u00e7\u00e3o a pol\u00edcia encontrou registros dela recebendo e armazenando drogas para distribui\u00e7\u00e3o em Itabaiana.<\/p>\n\n\n\n<p>As investiga\u00e7\u00f5es apontam ainda que a diretora \u00e9 irm\u00e3 da chefe da fac\u00e7\u00e3o, atualmente foragida e chegou a disputar o cargo de vereadora nas \u00faltimas elei\u00e7\u00f5es municipais.<\/p>\n\n\n\n<p>A pris\u00e3o tempor\u00e1ria tem prazo inicial de 30 dias e permitir\u00e1 o avan\u00e7o das investiga\u00e7\u00f5es. A Pol\u00edcia Civil tamb\u00e9m apura se outras empresas da cidade foram usadas para lavagem de dinheiro.<\/p>\n\n\n\n<p>A mulher presa foi encaminhada \u00e0 delegacia de Ipojuca para os procedimentos legais. <\/p>\n\n\n\n<p><strong><em>PB Agora<\/em><\/strong><\/p>\n","protected":false},"excerpt":{"rendered":"<p><img loading=\"lazy\" decoding=\"async\" width=\"920\" height=\"716\" src=\"https:\/\/www.pbagora.com.br\/storage\/2026\/03\/image-80.png\" class=\"attachment-large size-large wp-post-image\" alt=\"\" srcset=\"https:\/\/www.pbagora.com.br\/storage\/2026\/03\/image-80.png 920w, https:\/\/www.pbagora.com.br\/storage\/2026\/03\/image-80-300x233.png 300w, https:\/\/www.pbagora.com.br\/storage\/2026\/03\/image-80-150x117.png 150w, https:\/\/www.pbagora.com.br\/storage\/2026\/03\/image-80-768x598.png 768w, https:\/\/www.pbagora.com.br\/storage\/2026\/03\/image-80-380x296.png 380w, https:\/\/www.pbagora.com.br\/storage\/2026\/03\/image-80-800x623.png 800w, https:\/\/www.pbagora.com.br\/storage\/2026\/03\/image-80-80x62.png 80w, https:\/\/www.pbagora.com.br\/storage\/2026\/03\/image-80-760x591.png 760w, https:\/\/www.pbagora.com.br\/storage\/2026\/03\/image-80-600x467.png 600w\" sizes=\"auto, (max-width: 920px) 100vw, 920px\"><\/p>\n<p>A Pol\u00edcia Civil confirmou a pris\u00e3o da diretora de uma creche em Itabaiana, no Agreste da Para\u00edba, acusada\u2026<\/p>\n","protected":false},"author":123457,"featured_media":0,"comment_status":"closed","ping_status":"closed","sticky":false,"template":"","format":"standard","meta":{"advgb_blocks_editor_width":"","advgb_blocks_columns_visual_guide":"","footnotes":""},"categories":[34],"tags":[10845,35,10839],"class_list":["post-65393","post","type-post","status-publish","format-standard","hentry","category-g1","tag-destaque-centro-01","tag-g1","tag-policial"],"author_meta":{"display_name":"Reda\u00e7\u00e3o","author_link":"https:\/\/sindaopcpb.org.br\/author\/redacao\/"},"featured_img":null,"coauthors":[],"tax_additional":{"categories":{"linked":["<a href=\"https:\/\/sindaopcpb.org.br\/g1\/\" class=\"advgb-post-tax-term\">G1<\/a>"],"unlinked":["<span class=\"advgb-post-tax-term\">G1<\/span>"]},"tags":{"linked":["<a href=\"https:\/\/sindaopcpb.org.br\/g1\/\" class=\"advgb-post-tax-term\">Destaque Centro 01<\/a>","<a href=\"https:\/\/sindaopcpb.org.br\/g1\/\" class=\"advgb-post-tax-term\">g1<\/a>","<a href=\"https:\/\/sindaopcpb.org.br\/g1\/\" class=\"advgb-post-tax-term\">Policial<\/a>"],"unlinked":["<span class=\"advgb-post-tax-term\">Destaque Centro 01<\/span>","<span class=\"advgb-post-tax-term\">g1<\/span>","<span class=\"advgb-post-tax-term\">Policial<\/span>"]}},"comment_count":"0","relative_dates":{"created":"Publicado 2 meses atr\u00e1s","modified":"Atualizado 2 meses atr\u00e1s"},"absolute_dates":{"created":"Publicado em 11 de mar\u00e7o de 2026","modified":"Atualizado em 11 de mar\u00e7o de 2026"},"absolute_dates_time":{"created":"Publicado em 11 de mar\u00e7o de 2026 12:17","modified":"Atualizado em 11 de mar\u00e7o de 2026 12:17"},"featured_img_caption":"","series_order":"","_links":{"self":[{"href":"https:\/\/sindaopcpb.org.br\/index.php\/wp-json\/wp\/v2\/posts\/65393","targetHints":{"allow":["GET"]}}],"collection":[{"href":"https:\/\/sindaopcpb.org.br\/index.php\/wp-json\/wp\/v2\/posts"}],"about":[{"href":"https:\/\/sindaopcpb.org.br\/index.php\/wp-json\/wp\/v2\/types\/post"}],"author":[{"embeddable":true,"href":"https:\/\/sindaopcpb.org.br\/index.php\/wp-json\/wp\/v2\/users\/123457"}],"replies":[{"embeddable":true,"href":"https:\/\/sindaopcpb.org.br\/index.php\/wp-json\/wp\/v2\/comments?post=65393"}],"version-history":[{"count":3,"href":"https:\/\/sindaopcpb.org.br\/index.php\/wp-json\/wp\/v2\/posts\/65393\/revisions"}],"predecessor-version":[{"id":65406,"href":"https:\/\/sindaopcpb.org.br\/index.php\/wp-json\/wp\/v2\/posts\/65393\/revisions\/65406"}],"wp:attachment":[{"href":"https:\/\/sindaopcpb.org.br\/index.php\/wp-json\/wp\/v2\/media?parent=65393"}],"wp:term":[{"taxonomy":"category","embeddable":true,"href":"https:\/\/sindaopcpb.org.br\/index.php\/wp-json\/wp\/v2\/categories?post=65393"},{"taxonomy":"post_tag","embeddable":true,"href":"https:\/\/sindaopcpb.org.br\/index.php\/wp-json\/wp\/v2\/tags?post=65393"}],"curies":[{"name":"wp","href":"https:\/\/api.w.org\/{rel}","templated":true}]}}