{"id":65386,"date":"2026-03-11T11:05:49","date_gmt":"2026-03-11T14:05:49","guid":{"rendered":"https:\/\/www.pbagora.com.br\/?p=941483"},"modified":"2026-03-11T11:05:49","modified_gmt":"2026-03-11T14:05:49","slug":"prf-flagra-transporte-irregular-de-passageiros-em-compartimento-de-carga-na-br-230","status":"publish","type":"post","link":"https:\/\/sindaopcpb.org.br\/index.php\/2026\/03\/11\/prf-flagra-transporte-irregular-de-passageiros-em-compartimento-de-carga-na-br-230\/","title":{"rendered":"PRF flagra transporte irregular de passageiros em compartimento de carga na BR-230"},"content":{"rendered":"<p><img width=\"555\" height=\"499\" src=\"https:\/\/www.pbagora.com.br\/storage\/2026\/03\/image-76.png\" class=\"attachment-large size-large wp-post-image\" alt=\"\" style=\"margin-bottom: 20px;\" decoding=\"async\" srcset=\"https:\/\/www.pbagora.com.br\/storage\/2026\/03\/image-76.png 555w, https:\/\/www.pbagora.com.br\/storage\/2026\/03\/image-76-300x270.png 300w, https:\/\/www.pbagora.com.br\/storage\/2026\/03\/image-76-150x135.png 150w, https:\/\/www.pbagora.com.br\/storage\/2026\/03\/image-76-380x342.png 380w, https:\/\/www.pbagora.com.br\/storage\/2026\/03\/image-76-80x72.png 80w\" sizes=\"(max-width: 555px) 100vw, 555px\" \/><\/p>\n<p>As c\u00e2meras da Pol\u00edcia Rodovi\u00e1ria Federal (PRF) flagraram, na manh\u00e3 desta quarta-feira (11), situa\u00e7\u00f5es de grave imprud\u00eancia na BR-230, em Jo\u00e3o Pessoa. As imagens mostram passageiros sendo transportados em compartimentos de carga, pr\u00e1tica proibida pelo C\u00f3digo de Tr\u00e2nsito Brasileiro (CTB) porque coloca vidas em risco.<\/p>\n\n\n\n<p>O monitoramento foi poss\u00edvel gra\u00e7as ao Acordo de Coopera\u00e7\u00e3o T\u00e9cnica firmado entre a PRF e a Superintend\u00eancia Executiva de Mobilidade Urbana de Jo\u00e3o Pessoa (Semob), que integra sistemas de fiscaliza\u00e7\u00e3o em tempo real. Com dispositivos posicionados em pontos estrat\u00e9gicos das rodovias federais, a tecnologia tem se mostrado uma aliada na identifica\u00e7\u00e3o de condutores que insistem em comportamentos perigosos.<\/p>\n\n\n\n<p>De acordo com a PRF, o transporte de pessoas deve ocorrer apenas em ve\u00edculos adequados, como autom\u00f3veis, motocicletas, \u00f4nibus ou micro-\u00f4nibus, ou nas cabines de caminh\u00f5es, sempre com uso correto de cinto de seguran\u00e7a e dispositivos de prote\u00e7\u00e3o.<\/p>\n\n\n\n<p>Transportar passageiros em compartimento de carga \u00e9 considerado infra\u00e7\u00e3o grav\u00edssima pelo CTB (Art. 230, II), sujeita a multa de R$ 293,47 e acr\u00e9scimo de 7 pontos na Carteira Nacional de Habilita\u00e7\u00e3o (CNH).<\/p>\n\n\n\n<p><strong><em>PB Agora<\/em><\/strong><\/p>\n","protected":false},"excerpt":{"rendered":"<p><img loading=\"lazy\" decoding=\"async\" width=\"555\" height=\"499\" src=\"https:\/\/www.pbagora.com.br\/storage\/2026\/03\/image-76.png\" class=\"attachment-large size-large wp-post-image\" alt=\"\" srcset=\"https:\/\/www.pbagora.com.br\/storage\/2026\/03\/image-76.png 555w, https:\/\/www.pbagora.com.br\/storage\/2026\/03\/image-76-300x270.png 300w, https:\/\/www.pbagora.com.br\/storage\/2026\/03\/image-76-150x135.png 150w, https:\/\/www.pbagora.com.br\/storage\/2026\/03\/image-76-380x342.png 380w, https:\/\/www.pbagora.com.br\/storage\/2026\/03\/image-76-80x72.png 80w\" sizes=\"auto, (max-width: 555px) 100vw, 555px\"><\/p>\n<p>As c\u00e2meras da Pol\u00edcia Rodovi\u00e1ria Federal (PRF) flagraram, na manh\u00e3 desta quarta-feira (11), situa\u00e7\u00f5es de grave imprud\u00eancia na\u2026<\/p>\n","protected":false},"author":123457,"featured_media":0,"comment_status":"closed","ping_status":"closed","sticky":false,"template":"","format":"standard","meta":{"advgb_blocks_editor_width":"","advgb_blocks_columns_visual_guide":"","footnotes":""},"categories":[34],"tags":[35,10839,10842],"class_list":["post-65386","post","type-post","status-publish","format-standard","hentry","category-g1","tag-g1","tag-policial","tag-principal3"],"author_meta":{"display_name":"Reda\u00e7\u00e3o","author_link":"https:\/\/sindaopcpb.org.br\/author\/redacao\/"},"featured_img":null,"coauthors":[],"tax_additional":{"categories":{"linked":["<a href=\"https:\/\/sindaopcpb.org.br\/g1\/\" class=\"advgb-post-tax-term\">G1<\/a>"],"unlinked":["<span class=\"advgb-post-tax-term\">G1<\/span>"]},"tags":{"linked":["<a href=\"https:\/\/sindaopcpb.org.br\/g1\/\" class=\"advgb-post-tax-term\">g1<\/a>","<a href=\"https:\/\/sindaopcpb.org.br\/g1\/\" class=\"advgb-post-tax-term\">Policial<\/a>","<a href=\"https:\/\/sindaopcpb.org.br\/g1\/\" class=\"advgb-post-tax-term\">Principal3<\/a>"],"unlinked":["<span class=\"advgb-post-tax-term\">g1<\/span>","<span class=\"advgb-post-tax-term\">Policial<\/span>","<span class=\"advgb-post-tax-term\">Principal3<\/span>"]}},"comment_count":"0","relative_dates":{"created":"Publicado 2 meses atr\u00e1s","modified":"Atualizado 2 meses atr\u00e1s"},"absolute_dates":{"created":"Publicado em 11 de mar\u00e7o de 2026","modified":"Atualizado em 11 de mar\u00e7o de 2026"},"absolute_dates_time":{"created":"Publicado em 11 de mar\u00e7o de 2026 11:05","modified":"Atualizado em 11 de mar\u00e7o de 2026 11:05"},"featured_img_caption":"","series_order":"","_links":{"self":[{"href":"https:\/\/sindaopcpb.org.br\/index.php\/wp-json\/wp\/v2\/posts\/65386","targetHints":{"allow":["GET"]}}],"collection":[{"href":"https:\/\/sindaopcpb.org.br\/index.php\/wp-json\/wp\/v2\/posts"}],"about":[{"href":"https:\/\/sindaopcpb.org.br\/index.php\/wp-json\/wp\/v2\/types\/post"}],"author":[{"embeddable":true,"href":"https:\/\/sindaopcpb.org.br\/index.php\/wp-json\/wp\/v2\/users\/123457"}],"replies":[{"embeddable":true,"href":"https:\/\/sindaopcpb.org.br\/index.php\/wp-json\/wp\/v2\/comments?post=65386"}],"version-history":[{"count":1,"href":"https:\/\/sindaopcpb.org.br\/index.php\/wp-json\/wp\/v2\/posts\/65386\/revisions"}],"predecessor-version":[{"id":65389,"href":"https:\/\/sindaopcpb.org.br\/index.php\/wp-json\/wp\/v2\/posts\/65386\/revisions\/65389"}],"wp:attachment":[{"href":"https:\/\/sindaopcpb.org.br\/index.php\/wp-json\/wp\/v2\/media?parent=65386"}],"wp:term":[{"taxonomy":"category","embeddable":true,"href":"https:\/\/sindaopcpb.org.br\/index.php\/wp-json\/wp\/v2\/categories?post=65386"},{"taxonomy":"post_tag","embeddable":true,"href":"https:\/\/sindaopcpb.org.br\/index.php\/wp-json\/wp\/v2\/tags?post=65386"}],"curies":[{"name":"wp","href":"https:\/\/api.w.org\/{rel}","templated":true}]}}