{"id":65380,"date":"2026-03-11T09:30:07","date_gmt":"2026-03-11T12:30:07","guid":{"rendered":"https:\/\/www.pbagora.com.br\/?p=941473"},"modified":"2026-03-11T09:30:07","modified_gmt":"2026-03-11T12:30:07","slug":"tjpb-nega-habeas-corpus-para-influenciador-hytalo-santos-e-marido-investigados-por-exploracao-infantil","status":"publish","type":"post","link":"https:\/\/sindaopcpb.org.br\/index.php\/2026\/03\/11\/tjpb-nega-habeas-corpus-para-influenciador-hytalo-santos-e-marido-investigados-por-exploracao-infantil\/","title":{"rendered":"TJPB nega habeas corpus para influenciador Hytalo Santos e marido investigados por explora\u00e7\u00e3o infantil"},"content":{"rendered":"<p><img width=\"971\" height=\"450\" src=\"https:\/\/www.pbagora.com.br\/storage\/2025\/08\/imagens_Hytalo-Prisao.avif\" class=\"attachment-large size-large wp-post-image\" alt=\"\" style=\"margin-bottom: 20px;\" decoding=\"async\" srcset=\"https:\/\/www.pbagora.com.br\/storage\/2025\/08\/imagens_Hytalo-Prisao.avif 971w, https:\/\/www.pbagora.com.br\/storage\/2025\/08\/imagens_Hytalo-Prisao-300x139.avif 300w, https:\/\/www.pbagora.com.br\/storage\/2025\/08\/imagens_Hytalo-Prisao-150x70.avif 150w, https:\/\/www.pbagora.com.br\/storage\/2025\/08\/imagens_Hytalo-Prisao-768x356.avif 768w, https:\/\/www.pbagora.com.br\/storage\/2025\/08\/imagens_Hytalo-Prisao-380x176.avif 380w, https:\/\/www.pbagora.com.br\/storage\/2025\/08\/imagens_Hytalo-Prisao-800x371.avif 800w, https:\/\/www.pbagora.com.br\/storage\/2025\/08\/imagens_Hytalo-Prisao-80x37.avif 80w, https:\/\/www.pbagora.com.br\/storage\/2025\/08\/imagens_Hytalo-Prisao-760x352.avif 760w, https:\/\/www.pbagora.com.br\/storage\/2025\/08\/imagens_Hytalo-Prisao-600x278.avif 600w\" sizes=\"(max-width: 971px) 100vw, 971px\" \/><\/p>\n<p>O Tribunal de Justi\u00e7a da Para\u00edba (TJPB) negou, nesta quarta-feira (11), um habeas corpus com pedido de liminar impetrado pela defesa do influenciador Hytalo Santos e de seu marido, Israel Nat\u00e3 Vicente, investigados por crimes relacionados \u00e0 explora\u00e7\u00e3o infantil. A decis\u00e3o foi tomada pelo desembargador Jo\u00e3o Benedito da Silva.<\/p>\n\n\n\n<p>Na a\u00e7\u00e3o, os advogados alegaram nulidade de atos processuais, apontando supostas irregularidades no caso. Entre os argumentos, a defesa questionou a declara\u00e7\u00e3o de suspei\u00e7\u00e3o feita por um magistrado, sem detalhar em qual momento teria surgido o motivo, o que, segundo os advogados, impediria a defini\u00e7\u00e3o sobre a validade dos atos processuais. Outro ponto levantado foi a alega\u00e7\u00e3o de que algumas jurisprud\u00eancias citadas em decis\u00e3o anterior teriam sido \u201ccriadas por intelig\u00eancia artificial\u201d, o que, na vis\u00e3o da defesa, demonstraria falta de cuidado na an\u00e1lise do processo.<\/p>\n\n\n\n<p>O relator, no entanto, destacou que a legisla\u00e7\u00e3o permite que um juiz se declare suspeito por motivo de foro \u00edntimo, sem necessidade de justificar publicamente as raz\u00f5es. Ele tamb\u00e9m ressaltou precedentes do Superior Tribunal de Justi\u00e7a (STJ), segundo os quais a suspei\u00e7\u00e3o declarada posteriormente n\u00e3o anula automaticamente os atos praticados antes dessa declara\u00e7\u00e3o.<\/p>\n\n\n\n<p>Sobre a cita\u00e7\u00e3o equivocada de julgados inexistentes, possivelmente gerados por intelig\u00eancia artificial, o desembargador afirmou que, ainda que se reconhe\u00e7a o erro, isso n\u00e3o seria suficiente para suspender a a\u00e7\u00e3o penal. Segundo ele, os trechos citados tinham apenas a fun\u00e7\u00e3o de refor\u00e7ar o entendimento do magistrado, sem comprometer a decis\u00e3o, que estaria baseada em elementos concretos, como o risco de reitera\u00e7\u00e3o delitiva e amea\u00e7a \u00e0 instru\u00e7\u00e3o processual.<\/p>\n\n\n\n<p>Com isso, o pedido liminar foi negado e a a\u00e7\u00e3o penal contra Hytalo Santos e Israel Nat\u00e3 Vicente seguir\u00e1 em curso na 2\u00aa Vara Mista de Bayeux.<\/p>\n\n\n\n<p><em><strong>PB Agora<\/strong><\/em><\/p>\n","protected":false},"excerpt":{"rendered":"<p><img loading=\"lazy\" decoding=\"async\" width=\"971\" height=\"450\" src=\"https:\/\/www.pbagora.com.br\/storage\/2025\/08\/imagens_Hytalo-Prisao.avif\" class=\"attachment-large size-large wp-post-image\" alt=\"\" srcset=\"https:\/\/www.pbagora.com.br\/storage\/2025\/08\/imagens_Hytalo-Prisao.avif 971w, https:\/\/www.pbagora.com.br\/storage\/2025\/08\/imagens_Hytalo-Prisao-300x139.avif 300w, https:\/\/www.pbagora.com.br\/storage\/2025\/08\/imagens_Hytalo-Prisao-150x70.avif 150w, https:\/\/www.pbagora.com.br\/storage\/2025\/08\/imagens_Hytalo-Prisao-768x356.avif 768w, https:\/\/www.pbagora.com.br\/storage\/2025\/08\/imagens_Hytalo-Prisao-380x176.avif 380w, https:\/\/www.pbagora.com.br\/storage\/2025\/08\/imagens_Hytalo-Prisao-800x371.avif 800w, https:\/\/www.pbagora.com.br\/storage\/2025\/08\/imagens_Hytalo-Prisao-80x37.avif 80w, https:\/\/www.pbagora.com.br\/storage\/2025\/08\/imagens_Hytalo-Prisao-760x352.avif 760w, https:\/\/www.pbagora.com.br\/storage\/2025\/08\/imagens_Hytalo-Prisao-600x278.avif 600w\" sizes=\"auto, (max-width: 971px) 100vw, 971px\"><\/p>\n<p>O Tribunal de Justi\u00e7a da Para\u00edba (TJPB) negou, nesta quarta-feira (11), um habeas corpus com pedido de liminar\u2026<\/p>\n","protected":false},"author":123457,"featured_media":0,"comment_status":"closed","ping_status":"closed","sticky":false,"template":"","format":"standard","meta":{"advgb_blocks_editor_width":"","advgb_blocks_columns_visual_guide":"","footnotes":""},"categories":[34],"tags":[10841,35,10839],"class_list":["post-65380","post","type-post","status-publish","format-standard","hentry","category-g1","tag-destaque-centro-02","tag-g1","tag-policial"],"author_meta":{"display_name":"Reda\u00e7\u00e3o","author_link":"https:\/\/sindaopcpb.org.br\/author\/redacao\/"},"featured_img":null,"coauthors":[],"tax_additional":{"categories":{"linked":["<a href=\"https:\/\/sindaopcpb.org.br\/g1\/\" class=\"advgb-post-tax-term\">G1<\/a>"],"unlinked":["<span class=\"advgb-post-tax-term\">G1<\/span>"]},"tags":{"linked":["<a href=\"https:\/\/sindaopcpb.org.br\/g1\/\" class=\"advgb-post-tax-term\">Destaque Centro 02<\/a>","<a href=\"https:\/\/sindaopcpb.org.br\/g1\/\" class=\"advgb-post-tax-term\">g1<\/a>","<a href=\"https:\/\/sindaopcpb.org.br\/g1\/\" class=\"advgb-post-tax-term\">Policial<\/a>"],"unlinked":["<span class=\"advgb-post-tax-term\">Destaque Centro 02<\/span>","<span class=\"advgb-post-tax-term\">g1<\/span>","<span class=\"advgb-post-tax-term\">Policial<\/span>"]}},"comment_count":"0","relative_dates":{"created":"Publicado 2 meses atr\u00e1s","modified":"Atualizado 2 meses atr\u00e1s"},"absolute_dates":{"created":"Publicado em 11 de mar\u00e7o de 2026","modified":"Atualizado em 11 de mar\u00e7o de 2026"},"absolute_dates_time":{"created":"Publicado em 11 de mar\u00e7o de 2026 09:30","modified":"Atualizado em 11 de mar\u00e7o de 2026 09:30"},"featured_img_caption":"","series_order":"","_links":{"self":[{"href":"https:\/\/sindaopcpb.org.br\/index.php\/wp-json\/wp\/v2\/posts\/65380","targetHints":{"allow":["GET"]}}],"collection":[{"href":"https:\/\/sindaopcpb.org.br\/index.php\/wp-json\/wp\/v2\/posts"}],"about":[{"href":"https:\/\/sindaopcpb.org.br\/index.php\/wp-json\/wp\/v2\/types\/post"}],"author":[{"embeddable":true,"href":"https:\/\/sindaopcpb.org.br\/index.php\/wp-json\/wp\/v2\/users\/123457"}],"replies":[{"embeddable":true,"href":"https:\/\/sindaopcpb.org.br\/index.php\/wp-json\/wp\/v2\/comments?post=65380"}],"version-history":[{"count":2,"href":"https:\/\/sindaopcpb.org.br\/index.php\/wp-json\/wp\/v2\/posts\/65380\/revisions"}],"predecessor-version":[{"id":65390,"href":"https:\/\/sindaopcpb.org.br\/index.php\/wp-json\/wp\/v2\/posts\/65380\/revisions\/65390"}],"wp:attachment":[{"href":"https:\/\/sindaopcpb.org.br\/index.php\/wp-json\/wp\/v2\/media?parent=65380"}],"wp:term":[{"taxonomy":"category","embeddable":true,"href":"https:\/\/sindaopcpb.org.br\/index.php\/wp-json\/wp\/v2\/categories?post=65380"},{"taxonomy":"post_tag","embeddable":true,"href":"https:\/\/sindaopcpb.org.br\/index.php\/wp-json\/wp\/v2\/tags?post=65380"}],"curies":[{"name":"wp","href":"https:\/\/api.w.org\/{rel}","templated":true}]}}