{"id":65376,"date":"2026-03-11T08:22:29","date_gmt":"2026-03-11T11:22:29","guid":{"rendered":"https:\/\/www.pbagora.com.br\/?p=941461"},"modified":"2026-03-11T09:22:29","modified_gmt":"2026-03-11T12:22:29","slug":"carga-de-cosmeticos-furtada-na-bahia-e-avaliada-em-aproximadamente-r-206-mil-e-recuperada-em-patos","status":"publish","type":"post","link":"https:\/\/sindaopcpb.org.br\/index.php\/2026\/03\/11\/carga-de-cosmeticos-furtada-na-bahia-e-avaliada-em-aproximadamente-r-206-mil-e-recuperada-em-patos\/","title":{"rendered":"Carga de cosm\u00e9ticos furtada na Bahia e avaliada em aproximadamente R$ 206 mil \u00e9 recuperada em Patos"},"content":{"rendered":"<p><img width=\"562\" height=\"650\" src=\"https:\/\/www.pbagora.com.br\/storage\/2026\/03\/image-74.png\" class=\"attachment-large size-large wp-post-image\" alt=\"\" style=\"margin-bottom: 20px;\" decoding=\"async\" loading=\"lazy\" srcset=\"https:\/\/www.pbagora.com.br\/storage\/2026\/03\/image-74.png 562w, https:\/\/www.pbagora.com.br\/storage\/2026\/03\/image-74-259x300.png 259w, https:\/\/www.pbagora.com.br\/storage\/2026\/03\/image-74-130x150.png 130w, https:\/\/www.pbagora.com.br\/storage\/2026\/03\/image-74-380x440.png 380w, https:\/\/www.pbagora.com.br\/storage\/2026\/03\/image-74-80x93.png 80w, https:\/\/www.pbagora.com.br\/storage\/2026\/03\/image-74-69x80.png 69w, https:\/\/www.pbagora.com.br\/storage\/2026\/03\/image-74-519x600.png 519w\" sizes=\"auto, (max-width: 562px) 100vw, 562px\" \/><\/p>\n<p>Uma opera\u00e7\u00e3o do Batalh\u00e3o de Policiamento de Choque (BPChoque) resultou na recupera\u00e7\u00e3o de uma carga de cosm\u00e9ticos avaliada em aproximadamente R$ 206 mil, que havia sido furtada na Bahia. A a\u00e7\u00e3o aconteceu em Patos, no Sert\u00e3o da Para\u00edba e terminou com a pris\u00e3o em flagrante de dois homens.<\/p>\n\n\n\n<p>De acordo com informa\u00e7\u00f5es da pol\u00edcia, os agentes receberam den\u00fancias sobre o armazenamento irregular da mercadoria em uma resid\u00eancia localizada no bairro Jardim Queiroz. No local, foram encontrados diversos produtos, e ap\u00f3s a confer\u00eancia dos n\u00fameros de lote e das notas fiscais, foi confirmada a origem il\u00edcita da carga.<\/p>\n\n\n\n<p>Toda a mercadoria foi apreendida e encaminhada para a Delegacia de Roubos e Furtos, onde os procedimentos legais foram lavrados. Os dois suspeitos detidos permanecem \u00e0 disposi\u00e7\u00e3o da Justi\u00e7a.<\/p>\n\n\n\n<p><strong><em>PB Agora<\/em><\/strong><\/p>\n","protected":false},"excerpt":{"rendered":"<p><img decoding=\"async\" width=\"562\" height=\"650\" src=\"https:\/\/www.pbagora.com.br\/storage\/2026\/03\/image-74.png\" class=\"attachment-large size-large wp-post-image\" alt=\"\" loading=\"lazy\" srcset=\"https:\/\/www.pbagora.com.br\/storage\/2026\/03\/image-74.png 562w, https:\/\/www.pbagora.com.br\/storage\/2026\/03\/image-74-259x300.png 259w, https:\/\/www.pbagora.com.br\/storage\/2026\/03\/image-74-130x150.png 130w, https:\/\/www.pbagora.com.br\/storage\/2026\/03\/image-74-380x440.png 380w, https:\/\/www.pbagora.com.br\/storage\/2026\/03\/image-74-80x93.png 80w, https:\/\/www.pbagora.com.br\/storage\/2026\/03\/image-74-69x80.png 69w, https:\/\/www.pbagora.com.br\/storage\/2026\/03\/image-74-519x600.png 519w\" sizes=\"auto, (max-width: 562px) 100vw, 562px\"><\/p>\n<p>Uma opera\u00e7\u00e3o do Batalh\u00e3o de Policiamento de Choque (BPChoque) resultou na recupera\u00e7\u00e3o de uma carga de cosm\u00e9ticos avaliada\u2026<\/p>\n","protected":false},"author":123457,"featured_media":0,"comment_status":"closed","ping_status":"closed","sticky":false,"template":"","format":"standard","meta":{"advgb_blocks_editor_width":"","advgb_blocks_columns_visual_guide":"","footnotes":""},"categories":[34],"tags":[10840,35,10839],"class_list":["post-65376","post","type-post","status-publish","format-standard","hentry","category-g1","tag-destaque-centro-03","tag-g1","tag-policial"],"author_meta":{"display_name":"Reda\u00e7\u00e3o","author_link":"https:\/\/sindaopcpb.org.br\/author\/redacao\/"},"featured_img":null,"coauthors":[],"tax_additional":{"categories":{"linked":["<a href=\"https:\/\/sindaopcpb.org.br\/g1\/\" class=\"advgb-post-tax-term\">G1<\/a>"],"unlinked":["<span class=\"advgb-post-tax-term\">G1<\/span>"]},"tags":{"linked":["<a href=\"https:\/\/sindaopcpb.org.br\/g1\/\" class=\"advgb-post-tax-term\">Destaque Centro 03<\/a>","<a href=\"https:\/\/sindaopcpb.org.br\/g1\/\" class=\"advgb-post-tax-term\">g1<\/a>","<a href=\"https:\/\/sindaopcpb.org.br\/g1\/\" class=\"advgb-post-tax-term\">Policial<\/a>"],"unlinked":["<span class=\"advgb-post-tax-term\">Destaque Centro 03<\/span>","<span class=\"advgb-post-tax-term\">g1<\/span>","<span class=\"advgb-post-tax-term\">Policial<\/span>"]}},"comment_count":"0","relative_dates":{"created":"Publicado 2 meses atr\u00e1s","modified":"Atualizado 2 meses atr\u00e1s"},"absolute_dates":{"created":"Publicado em 11 de mar\u00e7o de 2026","modified":"Atualizado em 11 de mar\u00e7o de 2026"},"absolute_dates_time":{"created":"Publicado em 11 de mar\u00e7o de 2026 08:22","modified":"Atualizado em 11 de mar\u00e7o de 2026 09:22"},"featured_img_caption":"","series_order":"","_links":{"self":[{"href":"https:\/\/sindaopcpb.org.br\/index.php\/wp-json\/wp\/v2\/posts\/65376","targetHints":{"allow":["GET"]}}],"collection":[{"href":"https:\/\/sindaopcpb.org.br\/index.php\/wp-json\/wp\/v2\/posts"}],"about":[{"href":"https:\/\/sindaopcpb.org.br\/index.php\/wp-json\/wp\/v2\/types\/post"}],"author":[{"embeddable":true,"href":"https:\/\/sindaopcpb.org.br\/index.php\/wp-json\/wp\/v2\/users\/123457"}],"replies":[{"embeddable":true,"href":"https:\/\/sindaopcpb.org.br\/index.php\/wp-json\/wp\/v2\/comments?post=65376"}],"version-history":[{"count":2,"href":"https:\/\/sindaopcpb.org.br\/index.php\/wp-json\/wp\/v2\/posts\/65376\/revisions"}],"predecessor-version":[{"id":65385,"href":"https:\/\/sindaopcpb.org.br\/index.php\/wp-json\/wp\/v2\/posts\/65376\/revisions\/65385"}],"wp:attachment":[{"href":"https:\/\/sindaopcpb.org.br\/index.php\/wp-json\/wp\/v2\/media?parent=65376"}],"wp:term":[{"taxonomy":"category","embeddable":true,"href":"https:\/\/sindaopcpb.org.br\/index.php\/wp-json\/wp\/v2\/categories?post=65376"},{"taxonomy":"post_tag","embeddable":true,"href":"https:\/\/sindaopcpb.org.br\/index.php\/wp-json\/wp\/v2\/tags?post=65376"}],"curies":[{"name":"wp","href":"https:\/\/api.w.org\/{rel}","templated":true}]}}