{"id":65371,"date":"2026-03-10T06:06:48","date_gmt":"2026-03-10T09:06:48","guid":{"rendered":"https:\/\/www.pbagora.com.br\/?p=941237"},"modified":"2026-03-10T06:06:48","modified_gmt":"2026-03-10T09:06:48","slug":"paraiba-registra-media-de-uma-mulher-desaparecida-por-dia-em-2025","status":"publish","type":"post","link":"https:\/\/sindaopcpb.org.br\/index.php\/2026\/03\/10\/paraiba-registra-media-de-uma-mulher-desaparecida-por-dia-em-2025\/","title":{"rendered":"Para\u00edba registra m\u00e9dia de uma mulher desaparecida por dia em 2025"},"content":{"rendered":"<p><img width=\"984\" height=\"554\" src=\"https:\/\/www.pbagora.com.br\/storage\/2026\/03\/MULHER.avif\" class=\"attachment-large size-large wp-post-image\" alt=\"\" style=\"margin-bottom: 20px;\" decoding=\"async\" loading=\"lazy\" srcset=\"https:\/\/www.pbagora.com.br\/storage\/2026\/03\/MULHER.avif 984w, https:\/\/www.pbagora.com.br\/storage\/2026\/03\/MULHER-300x169.avif 300w, https:\/\/www.pbagora.com.br\/storage\/2026\/03\/MULHER-150x84.avif 150w, https:\/\/www.pbagora.com.br\/storage\/2026\/03\/MULHER-768x432.avif 768w, https:\/\/www.pbagora.com.br\/storage\/2026\/03\/MULHER-380x214.avif 380w, https:\/\/www.pbagora.com.br\/storage\/2026\/03\/MULHER-800x450.avif 800w, https:\/\/www.pbagora.com.br\/storage\/2026\/03\/MULHER-80x46.avif 80w, https:\/\/www.pbagora.com.br\/storage\/2026\/03\/MULHER-760x428.avif 760w, https:\/\/www.pbagora.com.br\/storage\/2026\/03\/MULHER-600x338.avif 600w\" sizes=\"auto, (max-width: 984px) 100vw, 984px\" \/><\/p>\n<p><\/p>\n\n\n\n<p>Na semana em que \u00e9 celebrado o Dia Internacional da Mulher, os n\u00fameros s\u00e3o preocupantes. Assustadores. A Para\u00edba registrou 278 casos de mulheres desaparecidas em 2025, o que representa a m\u00e9dia de um registro por dia no estado.<\/p>\n\n\n\n<p>Os dados do Minist\u00e9rio da Justi\u00e7a e Seguran\u00e7a P\u00fablica, representam aumento de 12% em rela\u00e7\u00e3o a 2024. Trata-se do maior volume registrado desde 2019, in\u00edcio da s\u00e9rie hist\u00f3rica considerada neste levantamento.<\/p>\n\n\n\n<p>Nos \u00faltimos sete anos, os registros cresceram de forma quase cont\u00ednua. Em 2019, foram 161 casos. Em 2020, o n\u00famero caiu para 136, mas voltou a subir em 2021 (172) e manteve trajet\u00f3ria de alta em 2022 (180), 2023 (240) e 2024 (248), at\u00e9 chegar aos 278 registros em 2025.<\/p>\n\n\n\n<p>Em termos proporcionais, a Para\u00edba registrou taxa de 13,03 mulheres desaparecidas a cada 100 mil habitantes neste ano.<\/p>\n\n\n\n<p>No recorte regional, o Nordeste registrou 4.659 casos de mulheres desaparecidas em 2025, o que equivale a uma m\u00e9dia de 13 desaparecimentos por dia. A Para\u00edba aparece como o sexto estado nordestino com mais registros, atr\u00e1s da Bahia com&nbsp; 1.352 casos; Pernambuco com 908 casos, Cear\u00e1, com 723; Maranh\u00e3o que registrou 422 casos e Sergipe com&nbsp; 291 casos. A Para\u00edba registrou 278 casos.<\/p>\n\n\n\n<p>Em todo o pa\u00eds, 30.050 mulheres foram registradas como desaparecidas em 2025, segundo os dados consolidados. Isso representa uma m\u00e9dia de 82 casos por dia no Brasil.<\/p>\n\n\n\n<p><em><strong>PB Agora<\/strong><\/em><\/p>\n","protected":false},"excerpt":{"rendered":"<p><img decoding=\"async\" width=\"984\" height=\"554\" src=\"https:\/\/www.pbagora.com.br\/storage\/2026\/03\/MULHER.avif\" class=\"attachment-large size-large wp-post-image\" alt=\"\" loading=\"lazy\" srcset=\"https:\/\/www.pbagora.com.br\/storage\/2026\/03\/MULHER.avif 984w, https:\/\/www.pbagora.com.br\/storage\/2026\/03\/MULHER-300x169.avif 300w, https:\/\/www.pbagora.com.br\/storage\/2026\/03\/MULHER-150x84.avif 150w, https:\/\/www.pbagora.com.br\/storage\/2026\/03\/MULHER-768x432.avif 768w, https:\/\/www.pbagora.com.br\/storage\/2026\/03\/MULHER-380x214.avif 380w, https:\/\/www.pbagora.com.br\/storage\/2026\/03\/MULHER-800x450.avif 800w, https:\/\/www.pbagora.com.br\/storage\/2026\/03\/MULHER-80x46.avif 80w, https:\/\/www.pbagora.com.br\/storage\/2026\/03\/MULHER-760x428.avif 760w, https:\/\/www.pbagora.com.br\/storage\/2026\/03\/MULHER-600x338.avif 600w\" sizes=\"auto, (max-width: 984px) 100vw, 984px\"><\/p>\n<p>Na semana em que \u00e9 celebrado o Dia Internacional da Mulher, os n\u00fameros s\u00e3o preocupantes. Assustadores. A Para\u00edba\u2026<\/p>\n","protected":false},"author":123457,"featured_media":0,"comment_status":"closed","ping_status":"closed","sticky":false,"template":"","format":"standard","meta":{"advgb_blocks_editor_width":"","advgb_blocks_columns_visual_guide":"","footnotes":""},"categories":[34],"tags":[35,10839,10850],"class_list":["post-65371","post","type-post","status-publish","format-standard","hentry","category-g1","tag-g1","tag-policial","tag-voceviu"],"author_meta":{"display_name":"Reda\u00e7\u00e3o","author_link":"https:\/\/sindaopcpb.org.br\/author\/redacao\/"},"featured_img":null,"coauthors":[],"tax_additional":{"categories":{"linked":["<a href=\"https:\/\/sindaopcpb.org.br\/g1\/\" class=\"advgb-post-tax-term\">G1<\/a>"],"unlinked":["<span class=\"advgb-post-tax-term\">G1<\/span>"]},"tags":{"linked":["<a href=\"https:\/\/sindaopcpb.org.br\/g1\/\" class=\"advgb-post-tax-term\">g1<\/a>","<a href=\"https:\/\/sindaopcpb.org.br\/g1\/\" class=\"advgb-post-tax-term\">Policial<\/a>","<a href=\"https:\/\/sindaopcpb.org.br\/g1\/\" class=\"advgb-post-tax-term\">Voceviu?<\/a>"],"unlinked":["<span class=\"advgb-post-tax-term\">g1<\/span>","<span class=\"advgb-post-tax-term\">Policial<\/span>","<span class=\"advgb-post-tax-term\">Voceviu?<\/span>"]}},"comment_count":"0","relative_dates":{"created":"Publicado 2 meses atr\u00e1s","modified":"Atualizado 2 meses atr\u00e1s"},"absolute_dates":{"created":"Publicado em 10 de mar\u00e7o de 2026","modified":"Atualizado em 10 de mar\u00e7o de 2026"},"absolute_dates_time":{"created":"Publicado em 10 de mar\u00e7o de 2026 06:06","modified":"Atualizado em 10 de mar\u00e7o de 2026 06:06"},"featured_img_caption":"","series_order":"","_links":{"self":[{"href":"https:\/\/sindaopcpb.org.br\/index.php\/wp-json\/wp\/v2\/posts\/65371","targetHints":{"allow":["GET"]}}],"collection":[{"href":"https:\/\/sindaopcpb.org.br\/index.php\/wp-json\/wp\/v2\/posts"}],"about":[{"href":"https:\/\/sindaopcpb.org.br\/index.php\/wp-json\/wp\/v2\/types\/post"}],"author":[{"embeddable":true,"href":"https:\/\/sindaopcpb.org.br\/index.php\/wp-json\/wp\/v2\/users\/123457"}],"replies":[{"embeddable":true,"href":"https:\/\/sindaopcpb.org.br\/index.php\/wp-json\/wp\/v2\/comments?post=65371"}],"version-history":[{"count":1,"href":"https:\/\/sindaopcpb.org.br\/index.php\/wp-json\/wp\/v2\/posts\/65371\/revisions"}],"predecessor-version":[{"id":65372,"href":"https:\/\/sindaopcpb.org.br\/index.php\/wp-json\/wp\/v2\/posts\/65371\/revisions\/65372"}],"wp:attachment":[{"href":"https:\/\/sindaopcpb.org.br\/index.php\/wp-json\/wp\/v2\/media?parent=65371"}],"wp:term":[{"taxonomy":"category","embeddable":true,"href":"https:\/\/sindaopcpb.org.br\/index.php\/wp-json\/wp\/v2\/categories?post=65371"},{"taxonomy":"post_tag","embeddable":true,"href":"https:\/\/sindaopcpb.org.br\/index.php\/wp-json\/wp\/v2\/tags?post=65371"}],"curies":[{"name":"wp","href":"https:\/\/api.w.org\/{rel}","templated":true}]}}