{"id":65365,"date":"2026-03-10T12:20:49","date_gmt":"2026-03-10T15:20:49","guid":{"rendered":"https:\/\/www.pbagora.com.br\/?p=941317"},"modified":"2026-03-10T14:15:49","modified_gmt":"2026-03-10T17:15:49","slug":"dupla-e-presa-suspeita-de-assassinato-de-cantora-em-cabedelo","status":"publish","type":"post","link":"https:\/\/sindaopcpb.org.br\/index.php\/2026\/03\/10\/dupla-e-presa-suspeita-de-assassinato-de-cantora-em-cabedelo\/","title":{"rendered":"Dupla \u00e9 presa suspeita de assassinato de cantora em Cabedelo"},"content":{"rendered":"<p><img width=\"800\" height=\"500\" src=\"https:\/\/www.pbagora.com.br\/storage\/2026\/02\/PC.avif\" class=\"attachment-large size-large wp-post-image\" alt=\"\" style=\"margin-bottom: 20px;\" decoding=\"async\" srcset=\"https:\/\/www.pbagora.com.br\/storage\/2026\/02\/PC.avif 800w, https:\/\/www.pbagora.com.br\/storage\/2026\/02\/PC-300x188.avif 300w, https:\/\/www.pbagora.com.br\/storage\/2026\/02\/PC-150x94.avif 150w, https:\/\/www.pbagora.com.br\/storage\/2026\/02\/PC-768x480.avif 768w, https:\/\/www.pbagora.com.br\/storage\/2026\/02\/PC-380x238.avif 380w, https:\/\/www.pbagora.com.br\/storage\/2026\/02\/PC-80x50.avif 80w, https:\/\/www.pbagora.com.br\/storage\/2026\/02\/PC-760x475.avif 760w, https:\/\/www.pbagora.com.br\/storage\/2026\/02\/PC-600x375.avif 600w\" sizes=\"(max-width: 800px) 100vw, 800px\" \/><\/p>\n<p>A Pol\u00edcia Civil da Para\u00edba prendeu, na manh\u00e3 desta ter\u00e7a-feira (10), dois homens investigados pelo assassinato da cantora Adrine, ocorrido em 29 de agosto de 2025, na BR-230, nas proximidades da Semob de Cabedelo, Regi\u00e3o Metropolitana de Jo\u00e3o Pessoa.<\/p>\n\n\n\n<p>Na ocasi\u00e3o, a v\u00edtima seguia de bicicleta para o trabalho quando foi interceptada e executada a tiros por criminosos que estavam em uma motocicleta. O caso gerou grande repercuss\u00e3o e mobilizou o N\u00facleo de Homic\u00eddios de Cabedelo em uma investiga\u00e7\u00e3o que durou meses.<\/p>\n\n\n\n<p>De acordo com a Pol\u00edcia Civil, os suspeitos foram identificados ap\u00f3s an\u00e1lise de imagens, oitivas de testemunhas e trabalho de intelig\u00eancia. Eles foram localizados e presos no bairro Recanto do Po\u00e7o, em Cabedelo.<\/p>\n\n\n\n<p>As investiga\u00e7\u00f5es continuam com o objetivo de esclarecer completamente as circunst\u00e2ncias do crime.<\/p>\n\n\n\n<p><strong><em>PB Agora<\/em><\/strong><\/p>\n","protected":false},"excerpt":{"rendered":"<p><img loading=\"lazy\" decoding=\"async\" width=\"800\" height=\"500\" src=\"https:\/\/www.pbagora.com.br\/storage\/2026\/02\/PC.avif\" class=\"attachment-large size-large wp-post-image\" alt=\"\" srcset=\"https:\/\/www.pbagora.com.br\/storage\/2026\/02\/PC.avif 800w, https:\/\/www.pbagora.com.br\/storage\/2026\/02\/PC-300x188.avif 300w, https:\/\/www.pbagora.com.br\/storage\/2026\/02\/PC-150x94.avif 150w, https:\/\/www.pbagora.com.br\/storage\/2026\/02\/PC-768x480.avif 768w, https:\/\/www.pbagora.com.br\/storage\/2026\/02\/PC-380x238.avif 380w, https:\/\/www.pbagora.com.br\/storage\/2026\/02\/PC-80x50.avif 80w, https:\/\/www.pbagora.com.br\/storage\/2026\/02\/PC-760x475.avif 760w, https:\/\/www.pbagora.com.br\/storage\/2026\/02\/PC-600x375.avif 600w\" sizes=\"auto, (max-width: 800px) 100vw, 800px\"><\/p>\n<p>A Pol\u00edcia Civil da Para\u00edba prendeu, na manh\u00e3 desta ter\u00e7a-feira (10), dois homens investigados pelo assassinato da cantora\u2026<\/p>\n","protected":false},"author":123457,"featured_media":0,"comment_status":"closed","ping_status":"closed","sticky":false,"template":"","format":"standard","meta":{"advgb_blocks_editor_width":"","advgb_blocks_columns_visual_guide":"","footnotes":""},"categories":[34],"tags":[35,10839,10846],"class_list":["post-65365","post","type-post","status-publish","format-standard","hentry","category-g1","tag-g1","tag-policial","tag-rodape-02"],"author_meta":{"display_name":"Reda\u00e7\u00e3o","author_link":"https:\/\/sindaopcpb.org.br\/author\/redacao\/"},"featured_img":null,"coauthors":[],"tax_additional":{"categories":{"linked":["<a href=\"https:\/\/sindaopcpb.org.br\/g1\/\" class=\"advgb-post-tax-term\">G1<\/a>"],"unlinked":["<span class=\"advgb-post-tax-term\">G1<\/span>"]},"tags":{"linked":["<a href=\"https:\/\/sindaopcpb.org.br\/g1\/\" class=\"advgb-post-tax-term\">g1<\/a>","<a href=\"https:\/\/sindaopcpb.org.br\/g1\/\" class=\"advgb-post-tax-term\">Policial<\/a>","<a href=\"https:\/\/sindaopcpb.org.br\/g1\/\" class=\"advgb-post-tax-term\">Rodape 02<\/a>"],"unlinked":["<span class=\"advgb-post-tax-term\">g1<\/span>","<span class=\"advgb-post-tax-term\">Policial<\/span>","<span class=\"advgb-post-tax-term\">Rodape 02<\/span>"]}},"comment_count":"0","relative_dates":{"created":"Publicado 2 meses atr\u00e1s","modified":"Atualizado 2 meses atr\u00e1s"},"absolute_dates":{"created":"Publicado em 10 de mar\u00e7o de 2026","modified":"Atualizado em 10 de mar\u00e7o de 2026"},"absolute_dates_time":{"created":"Publicado em 10 de mar\u00e7o de 2026 12:20","modified":"Atualizado em 10 de mar\u00e7o de 2026 14:15"},"featured_img_caption":"","series_order":"","_links":{"self":[{"href":"https:\/\/sindaopcpb.org.br\/index.php\/wp-json\/wp\/v2\/posts\/65365","targetHints":{"allow":["GET"]}}],"collection":[{"href":"https:\/\/sindaopcpb.org.br\/index.php\/wp-json\/wp\/v2\/posts"}],"about":[{"href":"https:\/\/sindaopcpb.org.br\/index.php\/wp-json\/wp\/v2\/types\/post"}],"author":[{"embeddable":true,"href":"https:\/\/sindaopcpb.org.br\/index.php\/wp-json\/wp\/v2\/users\/123457"}],"replies":[{"embeddable":true,"href":"https:\/\/sindaopcpb.org.br\/index.php\/wp-json\/wp\/v2\/comments?post=65365"}],"version-history":[{"count":3,"href":"https:\/\/sindaopcpb.org.br\/index.php\/wp-json\/wp\/v2\/posts\/65365\/revisions"}],"predecessor-version":[{"id":65379,"href":"https:\/\/sindaopcpb.org.br\/index.php\/wp-json\/wp\/v2\/posts\/65365\/revisions\/65379"}],"wp:attachment":[{"href":"https:\/\/sindaopcpb.org.br\/index.php\/wp-json\/wp\/v2\/media?parent=65365"}],"wp:term":[{"taxonomy":"category","embeddable":true,"href":"https:\/\/sindaopcpb.org.br\/index.php\/wp-json\/wp\/v2\/categories?post=65365"},{"taxonomy":"post_tag","embeddable":true,"href":"https:\/\/sindaopcpb.org.br\/index.php\/wp-json\/wp\/v2\/tags?post=65365"}],"curies":[{"name":"wp","href":"https:\/\/api.w.org\/{rel}","templated":true}]}}