{"id":65357,"date":"2026-03-10T09:43:47","date_gmt":"2026-03-10T12:43:47","guid":{"rendered":"https:\/\/www.pbagora.com.br\/?p=941282"},"modified":"2026-03-10T12:00:47","modified_gmt":"2026-03-10T15:00:47","slug":"em-menos-de-12h-prf-pb-apreende-veiculo-furtado-e-cargas-de-mercadorias-sem-nota-na-br-230","status":"publish","type":"post","link":"https:\/\/sindaopcpb.org.br\/index.php\/2026\/03\/10\/em-menos-de-12h-prf-pb-apreende-veiculo-furtado-e-cargas-de-mercadorias-sem-nota-na-br-230\/","title":{"rendered":"Em menos de 12h, PRF-PB apreende ve\u00edculo furtado e cargas de mercadorias sem nota na BR-230"},"content":{"rendered":"<p><img width=\"1024\" height=\"472\" src=\"https:\/\/www.pbagora.com.br\/storage\/2026\/03\/WhatsApp-Image-2026-03-10-at-09.38.09-1024x472.jpeg\" class=\"attachment-large size-large wp-post-image\" alt=\"\" style=\"margin-bottom: 20px;\" decoding=\"async\" loading=\"lazy\" srcset=\"https:\/\/www.pbagora.com.br\/storage\/2026\/03\/WhatsApp-Image-2026-03-10-at-09.38.09-1024x472.jpeg 1024w, https:\/\/www.pbagora.com.br\/storage\/2026\/03\/WhatsApp-Image-2026-03-10-at-09.38.09-300x138.jpeg 300w, https:\/\/www.pbagora.com.br\/storage\/2026\/03\/WhatsApp-Image-2026-03-10-at-09.38.09-150x69.jpeg 150w, https:\/\/www.pbagora.com.br\/storage\/2026\/03\/WhatsApp-Image-2026-03-10-at-09.38.09-768x354.jpeg 768w, https:\/\/www.pbagora.com.br\/storage\/2026\/03\/WhatsApp-Image-2026-03-10-at-09.38.09-380x175.jpeg 380w, https:\/\/www.pbagora.com.br\/storage\/2026\/03\/WhatsApp-Image-2026-03-10-at-09.38.09-800x368.jpeg 800w, https:\/\/www.pbagora.com.br\/storage\/2026\/03\/WhatsApp-Image-2026-03-10-at-09.38.09-1160x534.jpeg 1160w, https:\/\/www.pbagora.com.br\/storage\/2026\/03\/WhatsApp-Image-2026-03-10-at-09.38.09-80x37.jpeg 80w, https:\/\/www.pbagora.com.br\/storage\/2026\/03\/WhatsApp-Image-2026-03-10-at-09.38.09-760x350.jpeg 760w, https:\/\/www.pbagora.com.br\/storage\/2026\/03\/WhatsApp-Image-2026-03-10-at-09.38.09-600x276.jpeg 600w, https:\/\/www.pbagora.com.br\/storage\/2026\/03\/WhatsApp-Image-2026-03-10-at-09.38.09.jpeg 1320w\" sizes=\"auto, (max-width: 1024px) 100vw, 1024px\" \/><\/p>\n<p>Nessa segunda-feira (09), a Pol\u00edcia Rodovi\u00e1ria Federal (PRF) realizou uma s\u00e9rie de interven\u00e7\u00f5es na BR-230, no agreste da Para\u00edba, que resultaram na recupera\u00e7\u00e3o de um ve\u00edculo furtado em 2021 na capital paraibana e na apreens\u00e3o de mercadorias sem documenta\u00e7\u00e3o fiscal.<\/p>\n\n\n\n<p>Em Soledade, agreste paraibano, no km 215 da BR-230, por volta das 10h, durante uma a\u00e7\u00e3o conjunta entre o Grupo de Patrulhamento T\u00e1tico da PRF e For\u00e7a T\u00e1tica da Pol\u00edcia Militar, foi abordado um ve\u00edculo modelo Fiat Argo que circulava sem a placa dianteira. Ao realizar a inspe\u00e7\u00e3o, a equipe constatou que a placa traseira era artesanal e que os demais elementos de identifica\u00e7\u00e3o estavam fora dos padr\u00f5es de f\u00e1brica. A investiga\u00e7\u00e3o detalhada permitiu identificar que o ve\u00edculo original possu\u00eda registro de furto ocorrido em Jo\u00e3o Pessoa no ano de 2021. Diante dos fatos, o condutor, um homem de 47 anos, foi detido e encaminhado, juntamente com o autom\u00f3vel, \u00e0 Delegacia de Pol\u00edcia Civil de Juazeirinho para os procedimentos legais cab\u00edveis pelo crime de adultera\u00e7\u00e3o de sinal identificador de ve\u00edculo automotor.<\/p>\n\n\n\n<p>Tamb\u00e9m no agreste paraibano, desta vez em Massaranduba,no km 143 da BR-230, \u00e0s 20h40, durante uma fiscaliza\u00e7\u00e3o de rotina realizada pela PRF, foi abordado um ve\u00edculo modelo Renault Oroch conduzido por um homem de 20 anos. No decorrer da inspe\u00e7\u00e3o t\u00e9cnica no compartimento de carga, a equipe localizou 258 unidades de cosm\u00e9ticos diversos sendo transportadas sem qualquer tipo de documenta\u00e7\u00e3o fiscal que comprovasse a regularidade da mercadoria. Diante da irregularidade, que configura crime contra a ordem tribut\u00e1ria, a carga foi devidamente apreendida e as provid\u00eancias legais foram tomadas com o encaminhamento de todo o material ao Fisco Estadual da Para\u00edba para os procedimentos de autua\u00e7\u00e3o e regulariza\u00e7\u00e3o.<\/p>\n\n\n\n<p>No mesmo local da ocorr\u00eancia anterior, em Massaranduba, no km 143 da BR-230, \u00e0s 21h01, foi abordado um ve\u00edculo modelo Renault Kwid ocupado por dois homens, de 30 e 42 anos. Ao realizar a inspe\u00e7\u00e3o no interior do autom\u00f3vel, a equipe policial localizou um carregamento composto por 24 latas de tinta e 20 latas de esmalte sint\u00e9tico de tamanhos variados, todas desacompanhadas de qualquer documenta\u00e7\u00e3o fiscal que comprovasse a regularidade do transporte. Diante da constata\u00e7\u00e3o do crime contra a ordem tribut\u00e1ria, a mercadoria foi devidamente apreendida e entregue ao Agente do Fisco Estadual da Para\u00edba para a ado\u00e7\u00e3o das provid\u00eancias legais cab\u00edveis.<\/p>\n\n\n\n<p><strong><em>PB Agora<\/em><\/strong><\/p>\n","protected":false},"excerpt":{"rendered":"<p><img decoding=\"async\" width=\"1024\" height=\"472\" src=\"https:\/\/www.pbagora.com.br\/storage\/2026\/03\/WhatsApp-Image-2026-03-10-at-09.38.09-1024x472.jpeg\" class=\"attachment-large size-large wp-post-image\" alt=\"\" loading=\"lazy\" srcset=\"https:\/\/www.pbagora.com.br\/storage\/2026\/03\/WhatsApp-Image-2026-03-10-at-09.38.09-1024x472.jpeg 1024w, https:\/\/www.pbagora.com.br\/storage\/2026\/03\/WhatsApp-Image-2026-03-10-at-09.38.09-300x138.jpeg 300w, https:\/\/www.pbagora.com.br\/storage\/2026\/03\/WhatsApp-Image-2026-03-10-at-09.38.09-150x69.jpeg 150w, https:\/\/www.pbagora.com.br\/storage\/2026\/03\/WhatsApp-Image-2026-03-10-at-09.38.09-768x354.jpeg 768w, https:\/\/www.pbagora.com.br\/storage\/2026\/03\/WhatsApp-Image-2026-03-10-at-09.38.09-380x175.jpeg 380w, https:\/\/www.pbagora.com.br\/storage\/2026\/03\/WhatsApp-Image-2026-03-10-at-09.38.09-800x368.jpeg 800w, https:\/\/www.pbagora.com.br\/storage\/2026\/03\/WhatsApp-Image-2026-03-10-at-09.38.09-1160x534.jpeg 1160w, https:\/\/www.pbagora.com.br\/storage\/2026\/03\/WhatsApp-Image-2026-03-10-at-09.38.09-80x37.jpeg 80w, https:\/\/www.pbagora.com.br\/storage\/2026\/03\/WhatsApp-Image-2026-03-10-at-09.38.09-760x350.jpeg 760w, https:\/\/www.pbagora.com.br\/storage\/2026\/03\/WhatsApp-Image-2026-03-10-at-09.38.09-600x276.jpeg 600w, https:\/\/www.pbagora.com.br\/storage\/2026\/03\/WhatsApp-Image-2026-03-10-at-09.38.09.jpeg 1320w\" sizes=\"auto, (max-width: 1024px) 100vw, 1024px\"><\/p>\n<p>Nessa segunda-feira (09), a Pol\u00edcia Rodovi\u00e1ria Federal (PRF) realizou uma s\u00e9rie de interven\u00e7\u00f5es na BR-230, no agreste da\u2026<\/p>\n","protected":false},"author":123457,"featured_media":0,"comment_status":"closed","ping_status":"closed","sticky":false,"template":"","format":"standard","meta":{"advgb_blocks_editor_width":"","advgb_blocks_columns_visual_guide":"","footnotes":""},"categories":[34],"tags":[35,10839,10846],"class_list":["post-65357","post","type-post","status-publish","format-standard","hentry","category-g1","tag-g1","tag-policial","tag-rodape-02"],"author_meta":{"display_name":"Reda\u00e7\u00e3o","author_link":"https:\/\/sindaopcpb.org.br\/author\/redacao\/"},"featured_img":null,"coauthors":[],"tax_additional":{"categories":{"linked":["<a href=\"https:\/\/sindaopcpb.org.br\/g1\/\" class=\"advgb-post-tax-term\">G1<\/a>"],"unlinked":["<span class=\"advgb-post-tax-term\">G1<\/span>"]},"tags":{"linked":["<a href=\"https:\/\/sindaopcpb.org.br\/g1\/\" class=\"advgb-post-tax-term\">g1<\/a>","<a href=\"https:\/\/sindaopcpb.org.br\/g1\/\" class=\"advgb-post-tax-term\">Policial<\/a>","<a href=\"https:\/\/sindaopcpb.org.br\/g1\/\" class=\"advgb-post-tax-term\">Rodape 02<\/a>"],"unlinked":["<span class=\"advgb-post-tax-term\">g1<\/span>","<span class=\"advgb-post-tax-term\">Policial<\/span>","<span class=\"advgb-post-tax-term\">Rodape 02<\/span>"]}},"comment_count":"0","relative_dates":{"created":"Publicado 2 meses atr\u00e1s","modified":"Atualizado 2 meses atr\u00e1s"},"absolute_dates":{"created":"Publicado em 10 de mar\u00e7o de 2026","modified":"Atualizado em 10 de mar\u00e7o de 2026"},"absolute_dates_time":{"created":"Publicado em 10 de mar\u00e7o de 2026 09:43","modified":"Atualizado em 10 de mar\u00e7o de 2026 12:00"},"featured_img_caption":"","series_order":"","_links":{"self":[{"href":"https:\/\/sindaopcpb.org.br\/index.php\/wp-json\/wp\/v2\/posts\/65357","targetHints":{"allow":["GET"]}}],"collection":[{"href":"https:\/\/sindaopcpb.org.br\/index.php\/wp-json\/wp\/v2\/posts"}],"about":[{"href":"https:\/\/sindaopcpb.org.br\/index.php\/wp-json\/wp\/v2\/types\/post"}],"author":[{"embeddable":true,"href":"https:\/\/sindaopcpb.org.br\/index.php\/wp-json\/wp\/v2\/users\/123457"}],"replies":[{"embeddable":true,"href":"https:\/\/sindaopcpb.org.br\/index.php\/wp-json\/wp\/v2\/comments?post=65357"}],"version-history":[{"count":3,"href":"https:\/\/sindaopcpb.org.br\/index.php\/wp-json\/wp\/v2\/posts\/65357\/revisions"}],"predecessor-version":[{"id":65367,"href":"https:\/\/sindaopcpb.org.br\/index.php\/wp-json\/wp\/v2\/posts\/65357\/revisions\/65367"}],"wp:attachment":[{"href":"https:\/\/sindaopcpb.org.br\/index.php\/wp-json\/wp\/v2\/media?parent=65357"}],"wp:term":[{"taxonomy":"category","embeddable":true,"href":"https:\/\/sindaopcpb.org.br\/index.php\/wp-json\/wp\/v2\/categories?post=65357"},{"taxonomy":"post_tag","embeddable":true,"href":"https:\/\/sindaopcpb.org.br\/index.php\/wp-json\/wp\/v2\/tags?post=65357"}],"curies":[{"name":"wp","href":"https:\/\/api.w.org\/{rel}","templated":true}]}}