{"id":65304,"date":"2026-03-08T13:02:49","date_gmt":"2026-03-08T16:02:49","guid":{"rendered":"https:\/\/www.pbagora.com.br\/?p=940988"},"modified":"2026-03-08T13:02:49","modified_gmt":"2026-03-08T16:02:49","slug":"jacare-e-capturado-na-praia-de-camboinha-em-cabedelo","status":"publish","type":"post","link":"https:\/\/sindaopcpb.org.br\/index.php\/2026\/03\/08\/jacare-e-capturado-na-praia-de-camboinha-em-cabedelo\/","title":{"rendered":"Jacar\u00e9 \u00e9 capturado na Praia de Camboinha, em Cabedelo"},"content":{"rendered":"<p><img width=\"282\" height=\"247\" src=\"https:\/\/www.pbagora.com.br\/storage\/2026\/03\/Captura-de-tela-2026-03-08-130100.png\" class=\"attachment-large size-large wp-post-image\" alt=\"\" style=\"margin-bottom: 20px;\" decoding=\"async\" srcset=\"https:\/\/www.pbagora.com.br\/storage\/2026\/03\/Captura-de-tela-2026-03-08-130100.png 282w, https:\/\/www.pbagora.com.br\/storage\/2026\/03\/Captura-de-tela-2026-03-08-130100-150x131.png 150w, https:\/\/www.pbagora.com.br\/storage\/2026\/03\/Captura-de-tela-2026-03-08-130100-80x70.png 80w\" sizes=\"(max-width: 282px) 100vw, 282px\" \/><\/p>\n<p>Um jacar\u00e9 foi capturado na manh\u00e3 deste domingo (8) na Marina do Alem\u00e3o, localizada na Praia de Camboinha, no munic\u00edpio de Cabedelo, na Regi\u00e3o Metropolitana de Jo\u00e3o Pessoa.<\/p>\n\n\n\n<p>A a\u00e7\u00e3o foi realizada por equipes da Pol\u00edcia Ambiental e do Corpo de Bombeiros e chamou a aten\u00e7\u00e3o de moradores e frequentadores da \u00e1rea, que registraram o momento da captura.<\/p>\n\n\n\n<p>Segundo informa\u00e7\u00f5es das autoridades, as equipes permanecem na regi\u00e3o realizando buscas por outros dois jacar\u00e9s que tamb\u00e9m teriam sido avistados pr\u00f3ximos \u00e0 faixa de areia da praia.<\/p>\n\n\n\n<p>Diante da situa\u00e7\u00e3o, navegadores e banhistas s\u00e3o orientados a redobrar a aten\u00e7\u00e3o ao circular pelo local, principalmente nas \u00e1reas pr\u00f3ximas \u00e0 margem.<\/p>\n\n\n\n<p><strong><em>Reda\u00e7\u00e3o<\/em><\/strong><\/p>\n","protected":false},"excerpt":{"rendered":"<p><img loading=\"lazy\" decoding=\"async\" width=\"282\" height=\"247\" src=\"https:\/\/www.pbagora.com.br\/storage\/2026\/03\/Captura-de-tela-2026-03-08-130100.png\" class=\"attachment-large size-large wp-post-image\" alt=\"\" srcset=\"https:\/\/www.pbagora.com.br\/storage\/2026\/03\/Captura-de-tela-2026-03-08-130100.png 282w, https:\/\/www.pbagora.com.br\/storage\/2026\/03\/Captura-de-tela-2026-03-08-130100-150x131.png 150w, https:\/\/www.pbagora.com.br\/storage\/2026\/03\/Captura-de-tela-2026-03-08-130100-80x70.png 80w\" sizes=\"auto, (max-width: 282px) 100vw, 282px\"><\/p>\n<p>Um jacar\u00e9 foi capturado na manh\u00e3 deste domingo (8) na Marina do Alem\u00e3o, localizada na Praia de Camboinha,\u2026<\/p>\n","protected":false},"author":123457,"featured_media":0,"comment_status":"closed","ping_status":"closed","sticky":false,"template":"","format":"standard","meta":{"advgb_blocks_editor_width":"","advgb_blocks_columns_visual_guide":"","footnotes":""},"categories":[34],"tags":[35,10839,10842],"class_list":["post-65304","post","type-post","status-publish","format-standard","hentry","category-g1","tag-g1","tag-policial","tag-principal3"],"author_meta":{"display_name":"Reda\u00e7\u00e3o","author_link":"https:\/\/sindaopcpb.org.br\/author\/redacao\/"},"featured_img":null,"coauthors":[],"tax_additional":{"categories":{"linked":["<a href=\"https:\/\/sindaopcpb.org.br\/g1\/\" class=\"advgb-post-tax-term\">G1<\/a>"],"unlinked":["<span class=\"advgb-post-tax-term\">G1<\/span>"]},"tags":{"linked":["<a href=\"https:\/\/sindaopcpb.org.br\/g1\/\" class=\"advgb-post-tax-term\">g1<\/a>","<a href=\"https:\/\/sindaopcpb.org.br\/g1\/\" class=\"advgb-post-tax-term\">Policial<\/a>","<a href=\"https:\/\/sindaopcpb.org.br\/g1\/\" class=\"advgb-post-tax-term\">Principal3<\/a>"],"unlinked":["<span class=\"advgb-post-tax-term\">g1<\/span>","<span class=\"advgb-post-tax-term\">Policial<\/span>","<span class=\"advgb-post-tax-term\">Principal3<\/span>"]}},"comment_count":"0","relative_dates":{"created":"Publicado 2 meses atr\u00e1s","modified":"Atualizado 2 meses atr\u00e1s"},"absolute_dates":{"created":"Publicado em 8 de mar\u00e7o de 2026","modified":"Atualizado em 8 de mar\u00e7o de 2026"},"absolute_dates_time":{"created":"Publicado em 8 de mar\u00e7o de 2026 13:02","modified":"Atualizado em 8 de mar\u00e7o de 2026 13:02"},"featured_img_caption":"","series_order":"","_links":{"self":[{"href":"https:\/\/sindaopcpb.org.br\/index.php\/wp-json\/wp\/v2\/posts\/65304","targetHints":{"allow":["GET"]}}],"collection":[{"href":"https:\/\/sindaopcpb.org.br\/index.php\/wp-json\/wp\/v2\/posts"}],"about":[{"href":"https:\/\/sindaopcpb.org.br\/index.php\/wp-json\/wp\/v2\/types\/post"}],"author":[{"embeddable":true,"href":"https:\/\/sindaopcpb.org.br\/index.php\/wp-json\/wp\/v2\/users\/123457"}],"replies":[{"embeddable":true,"href":"https:\/\/sindaopcpb.org.br\/index.php\/wp-json\/wp\/v2\/comments?post=65304"}],"version-history":[{"count":3,"href":"https:\/\/sindaopcpb.org.br\/index.php\/wp-json\/wp\/v2\/posts\/65304\/revisions"}],"predecessor-version":[{"id":65316,"href":"https:\/\/sindaopcpb.org.br\/index.php\/wp-json\/wp\/v2\/posts\/65304\/revisions\/65316"}],"wp:attachment":[{"href":"https:\/\/sindaopcpb.org.br\/index.php\/wp-json\/wp\/v2\/media?parent=65304"}],"wp:term":[{"taxonomy":"category","embeddable":true,"href":"https:\/\/sindaopcpb.org.br\/index.php\/wp-json\/wp\/v2\/categories?post=65304"},{"taxonomy":"post_tag","embeddable":true,"href":"https:\/\/sindaopcpb.org.br\/index.php\/wp-json\/wp\/v2\/tags?post=65304"}],"curies":[{"name":"wp","href":"https:\/\/api.w.org\/{rel}","templated":true}]}}