{"id":64222,"date":"2026-01-28T10:11:12","date_gmt":"2026-01-28T13:11:12","guid":{"rendered":"https:\/\/www.pbagora.com.br\/?p=935387"},"modified":"2026-01-28T11:49:12","modified_gmt":"2026-01-28T14:49:12","slug":"presidio-confirma-que-nenhum-parente-de-joao-lima-se-cadastrou-para-visita-apos-mais-de-24h-de-prisao","status":"publish","type":"post","link":"https:\/\/sindaopcpb.org.br\/index.php\/2026\/01\/28\/presidio-confirma-que-nenhum-parente-de-joao-lima-se-cadastrou-para-visita-apos-mais-de-24h-de-prisao\/","title":{"rendered":"Pres\u00eddio confirma que nenhum parente de Jo\u00e3o Lima se cadastrou para visita ap\u00f3s mais de 24h de pris\u00e3o"},"content":{"rendered":"<p><img width=\"673\" height=\"431\" src=\"https:\/\/www.pbagora.com.br\/storage\/2026\/01\/image-164.png\" class=\"attachment-large size-large wp-post-image\" alt=\"\" style=\"margin-bottom: 20px;\" decoding=\"async\" srcset=\"https:\/\/www.pbagora.com.br\/storage\/2026\/01\/image-164.png 673w, https:\/\/www.pbagora.com.br\/storage\/2026\/01\/image-164-300x192.png 300w, https:\/\/www.pbagora.com.br\/storage\/2026\/01\/image-164-150x96.png 150w, https:\/\/www.pbagora.com.br\/storage\/2026\/01\/image-164-380x243.png 380w, https:\/\/www.pbagora.com.br\/storage\/2026\/01\/image-164-80x50.png 80w, https:\/\/www.pbagora.com.br\/storage\/2026\/01\/image-164-600x384.png 600w\" sizes=\"(max-width: 673px) 100vw, 673px\" \/><\/p>\n<p>Mais de um dia depois da pris\u00e3o do cantor Jo\u00e3o Lima, acusado de agredir a esposa, a m\u00e9dica Raphaella Brilhante, nenhum familiar do artista procurou a Penitenci\u00e1ria Desembargador Fl\u00f3scolo da N\u00f3brega, o R\u00f3ger, em Jo\u00e3o Pessoa, para se cadastrar como visitante. A informa\u00e7\u00e3o foi confirmada pela dire\u00e7\u00e3o da unidade.<\/p>\n\n\n\n<p>Ao ser encaminhado para a Casa de Deten\u00e7\u00e3o, o cantor passou pelos protocolos obrigat\u00f3rios da institui\u00e7\u00e3o. Entre eles, a troca das roupas pessoais por uniforme padr\u00e3o composto por blusa, short e sand\u00e1lias brancas e a avalia\u00e7\u00e3o no chamado \u201cCorredor de Sa\u00fade\u201d, etapa destinada a novos internos.<\/p>\n\n\n\n<p>A pris\u00e3o preventiva foi determinada ap\u00f3s den\u00fancia de viol\u00eancia dom\u00e9stica. O caso ganhou repercuss\u00e3o porque Jo\u00e3o Lima foi flagrado em v\u00eddeo agredindo a esposa, com quem se casou h\u00e1 poucos meses.<\/p>\n\n\n\n<p>Filho do suplente de deputado e cantor Cicinho Lima, o artista tamb\u00e9m carrega o peso do legado familiar: \u00e9 neto do compositor Pinto do Acordeon, considerado um dos maiores nomes do forr\u00f3 brasileiro.<\/p>\n\n\n\n<p>A ex-esposa e v\u00edtima das agress\u00f5es \u00e9 m\u00e9dica e influencer com milhares de seguidores nas redes sociais.<\/p>\n\n\n\n<p><strong><em>PB Agora<\/em><\/strong><\/p>\n","protected":false},"excerpt":{"rendered":"<p><img loading=\"lazy\" decoding=\"async\" width=\"673\" height=\"431\" src=\"https:\/\/www.pbagora.com.br\/storage\/2026\/01\/image-164.png\" class=\"attachment-large size-large wp-post-image\" alt=\"\" srcset=\"https:\/\/www.pbagora.com.br\/storage\/2026\/01\/image-164.png 673w, https:\/\/www.pbagora.com.br\/storage\/2026\/01\/image-164-300x192.png 300w, https:\/\/www.pbagora.com.br\/storage\/2026\/01\/image-164-150x96.png 150w, https:\/\/www.pbagora.com.br\/storage\/2026\/01\/image-164-380x243.png 380w, https:\/\/www.pbagora.com.br\/storage\/2026\/01\/image-164-80x50.png 80w, https:\/\/www.pbagora.com.br\/storage\/2026\/01\/image-164-600x384.png 600w\" sizes=\"auto, (max-width: 673px) 100vw, 673px\"><\/p>\n<p>Mais de um dia depois da pris\u00e3o do cantor Jo\u00e3o Lima, acusado de agredir a esposa, a m\u00e9dica\u2026<\/p>\n","protected":false},"author":123457,"featured_media":0,"comment_status":"closed","ping_status":"closed","sticky":false,"template":"","format":"standard","meta":{"advgb_blocks_editor_width":"","advgb_blocks_columns_visual_guide":"","footnotes":""},"categories":[34],"tags":[35,10839,10850],"class_list":["post-64222","post","type-post","status-publish","format-standard","hentry","category-g1","tag-g1","tag-policial","tag-voceviu"],"author_meta":{"display_name":"Reda\u00e7\u00e3o","author_link":"https:\/\/sindaopcpb.org.br\/author\/redacao\/"},"featured_img":null,"coauthors":[],"tax_additional":{"categories":{"linked":["<a href=\"https:\/\/sindaopcpb.org.br\/g1\/\" class=\"advgb-post-tax-term\">G1<\/a>"],"unlinked":["<span class=\"advgb-post-tax-term\">G1<\/span>"]},"tags":{"linked":["<a href=\"https:\/\/sindaopcpb.org.br\/g1\/\" class=\"advgb-post-tax-term\">g1<\/a>","<a href=\"https:\/\/sindaopcpb.org.br\/g1\/\" class=\"advgb-post-tax-term\">Policial<\/a>","<a href=\"https:\/\/sindaopcpb.org.br\/g1\/\" class=\"advgb-post-tax-term\">Voceviu?<\/a>"],"unlinked":["<span class=\"advgb-post-tax-term\">g1<\/span>","<span class=\"advgb-post-tax-term\">Policial<\/span>","<span class=\"advgb-post-tax-term\">Voceviu?<\/span>"]}},"comment_count":"0","relative_dates":{"created":"Publicado 3 meses atr\u00e1s","modified":"Atualizado 3 meses atr\u00e1s"},"absolute_dates":{"created":"Publicado em 28 de janeiro de 2026","modified":"Atualizado em 28 de janeiro de 2026"},"absolute_dates_time":{"created":"Publicado em 28 de janeiro de 2026 10:11","modified":"Atualizado em 28 de janeiro de 2026 11:49"},"featured_img_caption":"","series_order":"","_links":{"self":[{"href":"https:\/\/sindaopcpb.org.br\/index.php\/wp-json\/wp\/v2\/posts\/64222","targetHints":{"allow":["GET"]}}],"collection":[{"href":"https:\/\/sindaopcpb.org.br\/index.php\/wp-json\/wp\/v2\/posts"}],"about":[{"href":"https:\/\/sindaopcpb.org.br\/index.php\/wp-json\/wp\/v2\/types\/post"}],"author":[{"embeddable":true,"href":"https:\/\/sindaopcpb.org.br\/index.php\/wp-json\/wp\/v2\/users\/123457"}],"replies":[{"embeddable":true,"href":"https:\/\/sindaopcpb.org.br\/index.php\/wp-json\/wp\/v2\/comments?post=64222"}],"version-history":[{"count":4,"href":"https:\/\/sindaopcpb.org.br\/index.php\/wp-json\/wp\/v2\/posts\/64222\/revisions"}],"predecessor-version":[{"id":64242,"href":"https:\/\/sindaopcpb.org.br\/index.php\/wp-json\/wp\/v2\/posts\/64222\/revisions\/64242"}],"wp:attachment":[{"href":"https:\/\/sindaopcpb.org.br\/index.php\/wp-json\/wp\/v2\/media?parent=64222"}],"wp:term":[{"taxonomy":"category","embeddable":true,"href":"https:\/\/sindaopcpb.org.br\/index.php\/wp-json\/wp\/v2\/categories?post=64222"},{"taxonomy":"post_tag","embeddable":true,"href":"https:\/\/sindaopcpb.org.br\/index.php\/wp-json\/wp\/v2\/tags?post=64222"}],"curies":[{"name":"wp","href":"https:\/\/api.w.org\/{rel}","templated":true}]}}