{"id":64180,"date":"2026-01-26T16:43:43","date_gmt":"2026-01-26T19:43:43","guid":{"rendered":"https:\/\/www.pbagora.com.br\/?p=935176"},"modified":"2026-01-26T19:50:43","modified_gmt":"2026-01-26T22:50:43","slug":"apos-passar-por-audiencia-de-custodia-cantor-joao-lima-e-encaminhado-ao-presidio-do-roger","status":"publish","type":"post","link":"https:\/\/sindaopcpb.org.br\/index.php\/2026\/01\/26\/apos-passar-por-audiencia-de-custodia-cantor-joao-lima-e-encaminhado-ao-presidio-do-roger\/","title":{"rendered":"Ap\u00f3s passar por audi\u00eancia de cust\u00f3dia, cantor Jo\u00e3o Lima \u00e9 encaminhado ao Pres\u00eddio do R\u00f3ger"},"content":{"rendered":"<p><img width=\"984\" height=\"703\" src=\"https:\/\/www.pbagora.com.br\/storage\/2026\/01\/image-143.png\" class=\"attachment-large size-large wp-post-image\" alt=\"\" style=\"margin-bottom: 20px;\" decoding=\"async\" srcset=\"https:\/\/www.pbagora.com.br\/storage\/2026\/01\/image-143.png 984w, https:\/\/www.pbagora.com.br\/storage\/2026\/01\/image-143-300x214.png 300w, https:\/\/www.pbagora.com.br\/storage\/2026\/01\/image-143-150x107.png 150w, https:\/\/www.pbagora.com.br\/storage\/2026\/01\/image-143-768x549.png 768w, https:\/\/www.pbagora.com.br\/storage\/2026\/01\/image-143-380x271.png 380w, https:\/\/www.pbagora.com.br\/storage\/2026\/01\/image-143-800x572.png 800w, https:\/\/www.pbagora.com.br\/storage\/2026\/01\/image-143-80x58.png 80w, https:\/\/www.pbagora.com.br\/storage\/2026\/01\/image-143-760x543.png 760w, https:\/\/www.pbagora.com.br\/storage\/2026\/01\/image-143-600x429.png 600w\" sizes=\"(max-width: 984px) 100vw, 984px\" \/><\/p>\n<p>Denunciado pela esposa por viol\u00eancia dom\u00e9stica, o cantor Jo\u00e3o Lima passou por audi\u00eancia de cust\u00f3dia e teve a pris\u00e3o mantida. Na tarde desta segunda-feira (26), ele foi encaminhado \u00e0 carceragem do Pres\u00eddio do R\u00f3ger, na Capital. Jo\u00e3o de Lima \u00e9 acusado de agredir a esposa, a m\u00e9dica e influenciadora, Raphaela Brilhante.<\/p>\n\n\n\n<p>Leia tamb\u00e9m:<br><a href=\"https:\/\/www.pbagora.com.br\/noticia\/policial\/cantor-joao-lima-se-apresenta-a-policia-e-e-preso-por-violencia-domestica-contra-ex-esposa\/\" data-type=\"link\" data-id=\"https:\/\/www.pbagora.com.br\/noticia\/policial\/cantor-joao-lima-se-apresenta-a-policia-e-e-preso-por-violencia-domestica-contra-ex-esposa\/\">Cantor Jo\u00e3o Lima se apresenta \u00e0 pol\u00edcia e \u00e9 preso por viol\u00eancia dom\u00e9stica contra ex-esposa<\/a><\/p>\n\n\n\n<p>Ao deixar a delegacia, o suspeito afirmou que esteva disposto a colaborar com a Justi\u00e7a. &#8220;Em respeito a tudo que aconteceu, eu estou aqui. Perd\u00e3o a todo mundo\u201d, disse o cantor.<\/p>\n\n\n\n<p>O cantor j\u00e1 come\u00e7ou a cumprir pris\u00e3o tempor\u00e1ria na Penitenci\u00e1ria do R\u00f3ger.<\/p>\n\n\n\n<p><\/p>\n\n\n\n<p><strong><em>PB Agora<\/em><\/strong><\/p>\n","protected":false},"excerpt":{"rendered":"<p><img loading=\"lazy\" decoding=\"async\" width=\"984\" height=\"703\" src=\"https:\/\/www.pbagora.com.br\/storage\/2026\/01\/image-143.png\" class=\"attachment-large size-large wp-post-image\" alt=\"\" srcset=\"https:\/\/www.pbagora.com.br\/storage\/2026\/01\/image-143.png 984w, https:\/\/www.pbagora.com.br\/storage\/2026\/01\/image-143-300x214.png 300w, https:\/\/www.pbagora.com.br\/storage\/2026\/01\/image-143-150x107.png 150w, https:\/\/www.pbagora.com.br\/storage\/2026\/01\/image-143-768x549.png 768w, https:\/\/www.pbagora.com.br\/storage\/2026\/01\/image-143-380x271.png 380w, https:\/\/www.pbagora.com.br\/storage\/2026\/01\/image-143-800x572.png 800w, https:\/\/www.pbagora.com.br\/storage\/2026\/01\/image-143-80x58.png 80w, https:\/\/www.pbagora.com.br\/storage\/2026\/01\/image-143-760x543.png 760w, https:\/\/www.pbagora.com.br\/storage\/2026\/01\/image-143-600x429.png 600w\" sizes=\"auto, (max-width: 984px) 100vw, 984px\"><\/p>\n<p>Denunciado pela esposa por viol\u00eancia dom\u00e9stica, o cantor Jo\u00e3o Lima passou por audi\u00eancia de cust\u00f3dia e teve a\u2026<\/p>\n","protected":false},"author":123457,"featured_media":0,"comment_status":"closed","ping_status":"closed","sticky":false,"template":"","format":"standard","meta":{"advgb_blocks_editor_width":"","advgb_blocks_columns_visual_guide":"","footnotes":""},"categories":[34],"tags":[35,10839,10842],"class_list":["post-64180","post","type-post","status-publish","format-standard","hentry","category-g1","tag-g1","tag-policial","tag-principal3"],"author_meta":{"display_name":"Reda\u00e7\u00e3o","author_link":"https:\/\/sindaopcpb.org.br\/author\/redacao\/"},"featured_img":null,"coauthors":[],"tax_additional":{"categories":{"linked":["<a href=\"https:\/\/sindaopcpb.org.br\/g1\/\" class=\"advgb-post-tax-term\">G1<\/a>"],"unlinked":["<span class=\"advgb-post-tax-term\">G1<\/span>"]},"tags":{"linked":["<a href=\"https:\/\/sindaopcpb.org.br\/g1\/\" class=\"advgb-post-tax-term\">g1<\/a>","<a href=\"https:\/\/sindaopcpb.org.br\/g1\/\" class=\"advgb-post-tax-term\">Policial<\/a>","<a href=\"https:\/\/sindaopcpb.org.br\/g1\/\" class=\"advgb-post-tax-term\">Principal3<\/a>"],"unlinked":["<span class=\"advgb-post-tax-term\">g1<\/span>","<span class=\"advgb-post-tax-term\">Policial<\/span>","<span class=\"advgb-post-tax-term\">Principal3<\/span>"]}},"comment_count":"0","relative_dates":{"created":"Publicado 3 meses atr\u00e1s","modified":"Atualizado 3 meses atr\u00e1s"},"absolute_dates":{"created":"Publicado em 26 de janeiro de 2026","modified":"Atualizado em 26 de janeiro de 2026"},"absolute_dates_time":{"created":"Publicado em 26 de janeiro de 2026 16:43","modified":"Atualizado em 26 de janeiro de 2026 19:50"},"featured_img_caption":"","series_order":"","_links":{"self":[{"href":"https:\/\/sindaopcpb.org.br\/index.php\/wp-json\/wp\/v2\/posts\/64180","targetHints":{"allow":["GET"]}}],"collection":[{"href":"https:\/\/sindaopcpb.org.br\/index.php\/wp-json\/wp\/v2\/posts"}],"about":[{"href":"https:\/\/sindaopcpb.org.br\/index.php\/wp-json\/wp\/v2\/types\/post"}],"author":[{"embeddable":true,"href":"https:\/\/sindaopcpb.org.br\/index.php\/wp-json\/wp\/v2\/users\/123457"}],"replies":[{"embeddable":true,"href":"https:\/\/sindaopcpb.org.br\/index.php\/wp-json\/wp\/v2\/comments?post=64180"}],"version-history":[{"count":4,"href":"https:\/\/sindaopcpb.org.br\/index.php\/wp-json\/wp\/v2\/posts\/64180\/revisions"}],"predecessor-version":[{"id":64196,"href":"https:\/\/sindaopcpb.org.br\/index.php\/wp-json\/wp\/v2\/posts\/64180\/revisions\/64196"}],"wp:attachment":[{"href":"https:\/\/sindaopcpb.org.br\/index.php\/wp-json\/wp\/v2\/media?parent=64180"}],"wp:term":[{"taxonomy":"category","embeddable":true,"href":"https:\/\/sindaopcpb.org.br\/index.php\/wp-json\/wp\/v2\/categories?post=64180"},{"taxonomy":"post_tag","embeddable":true,"href":"https:\/\/sindaopcpb.org.br\/index.php\/wp-json\/wp\/v2\/tags?post=64180"}],"curies":[{"name":"wp","href":"https:\/\/api.w.org\/{rel}","templated":true}]}}