{"id":64158,"date":"2026-01-26T11:17:13","date_gmt":"2026-01-26T14:17:13","guid":{"rendered":"https:\/\/www.pbagora.com.br\/?p=935084"},"modified":"2026-01-26T13:45:13","modified_gmt":"2026-01-26T16:45:13","slug":"cantor-joao-lima-se-apresenta-a-policia-e-e-preso-por-violencia-domestica-contra-ex-esposa","status":"publish","type":"post","link":"https:\/\/sindaopcpb.org.br\/index.php\/2026\/01\/26\/cantor-joao-lima-se-apresenta-a-policia-e-e-preso-por-violencia-domestica-contra-ex-esposa\/","title":{"rendered":"Cantor Jo\u00e3o Lima se apresenta \u00e0 pol\u00edcia e \u00e9 preso por viol\u00eancia dom\u00e9stica contra ex-esposa"},"content":{"rendered":"<p><img width=\"768\" height=\"520\" src=\"https:\/\/www.pbagora.com.br\/storage\/2026\/01\/image-139.png\" class=\"attachment-large size-large wp-post-image\" alt=\"\" style=\"margin-bottom: 20px;\" decoding=\"async\" srcset=\"https:\/\/www.pbagora.com.br\/storage\/2026\/01\/image-139.png 768w, https:\/\/www.pbagora.com.br\/storage\/2026\/01\/image-139-300x203.png 300w, https:\/\/www.pbagora.com.br\/storage\/2026\/01\/image-139-150x102.png 150w, https:\/\/www.pbagora.com.br\/storage\/2026\/01\/image-139-380x257.png 380w, https:\/\/www.pbagora.com.br\/storage\/2026\/01\/image-139-80x54.png 80w, https:\/\/www.pbagora.com.br\/storage\/2026\/01\/image-139-760x515.png 760w, https:\/\/www.pbagora.com.br\/storage\/2026\/01\/image-139-600x406.png 600w\" sizes=\"(max-width: 768px) 100vw, 768px\" \/><\/p>\n<p>O cantor Jo\u00e3o Lima foi preso na manh\u00e3 desta segunda-feira (26), ap\u00f3s se apresentar voluntariamente \u00e0 Delegacia Especializada de Atendimento \u00e0 Mulher (Deam), no Centro de Jo\u00e3o Pessoa. A pris\u00e3o preventiva havia sido decretada pela Justi\u00e7a em raz\u00e3o das den\u00fancias de viol\u00eancia dom\u00e9stica feitas pela m\u00e9dica e influenciadora Raphaella Brilhante, ex-esposa do artista.<\/p>\n\n\n\n<p>A decis\u00e3o judicial foi motivada pela repercuss\u00e3o de v\u00eddeos divulgados nas redes sociais no \u00faltimo s\u00e1bado (24), que mostram agress\u00f5es cometidas por Jo\u00e3o Lima contra Raphaella. A v\u00edtima recebeu medida protetiva, que pro\u00edbe o cantor de se aproximar dela, de frequentar a antiga resid\u00eancia do casal e de manter qualquer tipo de contato com familiares. A ordem estabelece ainda uma dist\u00e2ncia m\u00ednima de 300 metros.<\/p>\n\n\n\n<p>De acordo com o advogado Luiz Pereira, Jo\u00e3o Lima passar\u00e1 por exame de corpo de delito no Instituto de Pol\u00edcia Cient\u00edfica (IPC) e, em seguida, por audi\u00eancia de cust\u00f3dia. Apenas ap\u00f3s esses tr\u00e2mites a defesa deve ingressar com pedido de habeas corpus.<\/p>\n\n\n\n<p><strong><em>PB Agora<\/em><\/strong><\/p>\n","protected":false},"excerpt":{"rendered":"<p><img loading=\"lazy\" decoding=\"async\" width=\"768\" height=\"520\" src=\"https:\/\/www.pbagora.com.br\/storage\/2026\/01\/image-139.png\" class=\"attachment-large size-large wp-post-image\" alt=\"\" srcset=\"https:\/\/www.pbagora.com.br\/storage\/2026\/01\/image-139.png 768w, https:\/\/www.pbagora.com.br\/storage\/2026\/01\/image-139-300x203.png 300w, https:\/\/www.pbagora.com.br\/storage\/2026\/01\/image-139-150x102.png 150w, https:\/\/www.pbagora.com.br\/storage\/2026\/01\/image-139-380x257.png 380w, https:\/\/www.pbagora.com.br\/storage\/2026\/01\/image-139-80x54.png 80w, https:\/\/www.pbagora.com.br\/storage\/2026\/01\/image-139-760x515.png 760w, https:\/\/www.pbagora.com.br\/storage\/2026\/01\/image-139-600x406.png 600w\" sizes=\"auto, (max-width: 768px) 100vw, 768px\"><\/p>\n<p>O cantor Jo\u00e3o Lima foi preso na manh\u00e3 desta segunda-feira (26), ap\u00f3s se apresentar voluntariamente \u00e0 Delegacia Especializada\u2026<\/p>\n","protected":false},"author":123457,"featured_media":0,"comment_status":"closed","ping_status":"closed","sticky":false,"template":"","format":"standard","meta":{"advgb_blocks_editor_width":"","advgb_blocks_columns_visual_guide":"","footnotes":""},"categories":[34],"tags":[10841,35,10839],"class_list":["post-64158","post","type-post","status-publish","format-standard","hentry","category-g1","tag-destaque-centro-02","tag-g1","tag-policial"],"author_meta":{"display_name":"Reda\u00e7\u00e3o","author_link":"https:\/\/sindaopcpb.org.br\/author\/redacao\/"},"featured_img":null,"coauthors":[],"tax_additional":{"categories":{"linked":["<a href=\"https:\/\/sindaopcpb.org.br\/g1\/\" class=\"advgb-post-tax-term\">G1<\/a>"],"unlinked":["<span class=\"advgb-post-tax-term\">G1<\/span>"]},"tags":{"linked":["<a href=\"https:\/\/sindaopcpb.org.br\/g1\/\" class=\"advgb-post-tax-term\">Destaque Centro 02<\/a>","<a href=\"https:\/\/sindaopcpb.org.br\/g1\/\" class=\"advgb-post-tax-term\">g1<\/a>","<a href=\"https:\/\/sindaopcpb.org.br\/g1\/\" class=\"advgb-post-tax-term\">Policial<\/a>"],"unlinked":["<span class=\"advgb-post-tax-term\">Destaque Centro 02<\/span>","<span class=\"advgb-post-tax-term\">g1<\/span>","<span class=\"advgb-post-tax-term\">Policial<\/span>"]}},"comment_count":"0","relative_dates":{"created":"Publicado 3 meses atr\u00e1s","modified":"Atualizado 3 meses atr\u00e1s"},"absolute_dates":{"created":"Publicado em 26 de janeiro de 2026","modified":"Atualizado em 26 de janeiro de 2026"},"absolute_dates_time":{"created":"Publicado em 26 de janeiro de 2026 11:17","modified":"Atualizado em 26 de janeiro de 2026 13:45"},"featured_img_caption":"","series_order":"","_links":{"self":[{"href":"https:\/\/sindaopcpb.org.br\/index.php\/wp-json\/wp\/v2\/posts\/64158","targetHints":{"allow":["GET"]}}],"collection":[{"href":"https:\/\/sindaopcpb.org.br\/index.php\/wp-json\/wp\/v2\/posts"}],"about":[{"href":"https:\/\/sindaopcpb.org.br\/index.php\/wp-json\/wp\/v2\/types\/post"}],"author":[{"embeddable":true,"href":"https:\/\/sindaopcpb.org.br\/index.php\/wp-json\/wp\/v2\/users\/123457"}],"replies":[{"embeddable":true,"href":"https:\/\/sindaopcpb.org.br\/index.php\/wp-json\/wp\/v2\/comments?post=64158"}],"version-history":[{"count":3,"href":"https:\/\/sindaopcpb.org.br\/index.php\/wp-json\/wp\/v2\/posts\/64158\/revisions"}],"predecessor-version":[{"id":64174,"href":"https:\/\/sindaopcpb.org.br\/index.php\/wp-json\/wp\/v2\/posts\/64158\/revisions\/64174"}],"wp:attachment":[{"href":"https:\/\/sindaopcpb.org.br\/index.php\/wp-json\/wp\/v2\/media?parent=64158"}],"wp:term":[{"taxonomy":"category","embeddable":true,"href":"https:\/\/sindaopcpb.org.br\/index.php\/wp-json\/wp\/v2\/categories?post=64158"},{"taxonomy":"post_tag","embeddable":true,"href":"https:\/\/sindaopcpb.org.br\/index.php\/wp-json\/wp\/v2\/tags?post=64158"}],"curies":[{"name":"wp","href":"https:\/\/api.w.org\/{rel}","templated":true}]}}