{"id":64153,"date":"2026-01-26T11:38:58","date_gmt":"2026-01-26T14:38:58","guid":{"rendered":"https:\/\/www.pbagora.com.br\/?p=935091"},"modified":"2026-01-26T15:50:58","modified_gmt":"2026-01-26T18:50:58","slug":"cicinho-quebra-silencio-sobre-acusacoes-contra-joao-lima-e-diz-que-colaborara-com-apuracao-das-denuncias-contra-o-filho","status":"publish","type":"post","link":"https:\/\/sindaopcpb.org.br\/index.php\/2026\/01\/26\/cicinho-quebra-silencio-sobre-acusacoes-contra-joao-lima-e-diz-que-colaborara-com-apuracao-das-denuncias-contra-o-filho\/","title":{"rendered":"Cicinho quebra sil\u00eancio sobre acusa\u00e7\u00f5es contra Jo\u00e3o Lima"},"content":{"rendered":"<p><img width=\"768\" height=\"576\" src=\"https:\/\/www.pbagora.com.br\/storage\/2025\/02\/cicicinho-Lima-768x576-1.jpeg\" class=\"attachment-large size-large wp-post-image\" alt=\"\" style=\"margin-bottom: 20px;\" decoding=\"async\" loading=\"lazy\" srcset=\"https:\/\/www.pbagora.com.br\/storage\/2025\/02\/cicicinho-Lima-768x576-1.jpeg 768w, https:\/\/www.pbagora.com.br\/storage\/2025\/02\/cicicinho-Lima-768x576-1-300x225.jpeg 300w, https:\/\/www.pbagora.com.br\/storage\/2025\/02\/cicicinho-Lima-768x576-1-150x113.jpeg 150w, https:\/\/www.pbagora.com.br\/storage\/2025\/02\/cicicinho-Lima-768x576-1-200x150.jpeg 200w, https:\/\/www.pbagora.com.br\/storage\/2025\/02\/cicicinho-Lima-768x576-1-260x195.jpeg 260w, https:\/\/www.pbagora.com.br\/storage\/2025\/02\/cicicinho-Lima-768x576-1-380x285.jpeg 380w, https:\/\/www.pbagora.com.br\/storage\/2025\/02\/cicicinho-Lima-768x576-1-80x60.jpeg 80w, https:\/\/www.pbagora.com.br\/storage\/2025\/02\/cicicinho-Lima-768x576-1-600x450.jpeg 600w, https:\/\/www.pbagora.com.br\/storage\/2025\/02\/cicicinho-Lima-768x576-1-520x390.jpeg 520w, https:\/\/www.pbagora.com.br\/storage\/2025\/02\/cicicinho-Lima-768x576-1-760x570.jpeg 760w\" sizes=\"auto, (max-width: 768px) 100vw, 768px\" \/><\/p>\n<p>O cantor, compositor e suplente de estadual da Para\u00edba, Cicinho Lima, divulgou uma nota oficial \u00e0 imprensa ap\u00f3s a repercuss\u00e3o das den\u00fancias de viol\u00eancia dom\u00e9stica feitas por Rafaela Brilhante, ex-esposa do cantor Jo\u00e3o Lima, seu filho.<\/p>\n\n\n\n<p>Na manifesta\u00e7\u00e3o, Cicinho disse sentir tristeza e indigna\u00e7\u00e3o diante dos fatos noticiados e refor\u00e7ou seu compromisso com a verdade, o cumprimento das leis e a atua\u00e7\u00e3o das institui\u00e7\u00f5es. O parlamentar declarou estar \u00e0 disposi\u00e7\u00e3o da Justi\u00e7a para prestar esclarecimentos e colaborar para que os fatos sejam apurados dentro dos limites legais. Ele tamb\u00e9m se colocou dispon\u00edvel para dialogar com familiares e com a imprensa.<\/p>\n\n\n\n<p>A nota foi divulgada em meio \u00e0 intensa repercuss\u00e3o do caso, que levou \u00e0 decreta\u00e7\u00e3o da pris\u00e3o preventiva de Jo\u00e3o Lima e \u00e0 abertura de investiga\u00e7\u00e3o pela Pol\u00edcia Civil da Para\u00edba.<\/p>\n\n\n\n<p>Na manh\u00e3 desta segunda-feira (26) Jo\u00e3o Lima se apresentou e foi preso. Ele estava inclusive acompanhado do pai e dos advogados.<\/p>\n\n\n\n<p>Ao falar com jornalistas, Cicinho Lima pediu perd\u00e3o \u00e0 Raphaella e aos familiares dela.<\/p>\n\n\n\n<p>\u201cEu pe\u00e7o perd\u00e3o. Ela sabe disso. T\u00e1 aqui meu filho, vou entregar \u00e0 Justi\u00e7a. Ele t\u00e1 \u00e0 disposi\u00e7\u00e3o da Justi\u00e7a agora. Eu fiz a minha parte de pai, dever cumprido para toda a sociedade, para toda a imprensa.\u201d<\/p>\n\n\n\n<p>Confira a nota na \u00edntegra:<\/p>\n\n\n\n<p><em>NOTA \u00c0 IMPRENSA<\/em><\/p>\n\n\n\n<p><em>Em respeito ao importante trabalho e ao empenho da imprensa estadual, venho, por meio desta nota, expressar meu sentimento de tristeza e indigna\u00e7\u00e3o diante dos fatos ocorridos e divulgados pela m\u00eddia. Como pai e cidad\u00e3o, reafirmo meu compromisso com a verdade e com o cumprimento das leis que regem o nosso pa\u00eds.<\/em><\/p>\n\n\n\n<p><em>Coloco-me \u00e0 disposi\u00e7\u00e3o da Justi\u00e7a para todo e qualquer esclarecimento, bem como para contribuir de forma respons\u00e1vel para que os fatos sejam devidamente apurados e esclarecidos, dentro dos ditames legais.<\/em><\/p>\n\n\n\n<p><em>No dever de homem p\u00fablico, comprometido com a verdade e com o bem-estar das pessoas, coloco-me igualmente \u00e0 disposi\u00e7\u00e3o dos familiares, da Justi\u00e7a estadual e da imprensa para colaborar, dentro dos limites da lei, com todo o processo em curso.<\/em><\/p>\n\n\n\n<p><em>CICINHO LIMA<\/em><\/p>\n\n\n\n<p><strong><em>PB Agora<\/em><\/strong><\/p>\n","protected":false},"excerpt":{"rendered":"<p><img loading=\"lazy\" decoding=\"async\" width=\"768\" height=\"576\" src=\"https:\/\/www.pbagora.com.br\/storage\/2025\/02\/cicicinho-Lima-768x576-1.jpeg\" class=\"attachment-large size-large wp-post-image\" alt=\"\" srcset=\"https:\/\/www.pbagora.com.br\/storage\/2025\/02\/cicicinho-Lima-768x576-1.jpeg 768w, https:\/\/www.pbagora.com.br\/storage\/2025\/02\/cicicinho-Lima-768x576-1-300x225.jpeg 300w, https:\/\/www.pbagora.com.br\/storage\/2025\/02\/cicicinho-Lima-768x576-1-150x113.jpeg 150w, https:\/\/www.pbagora.com.br\/storage\/2025\/02\/cicicinho-Lima-768x576-1-200x150.jpeg 200w, https:\/\/www.pbagora.com.br\/storage\/2025\/02\/cicicinho-Lima-768x576-1-260x195.jpeg 260w, https:\/\/www.pbagora.com.br\/storage\/2025\/02\/cicicinho-Lima-768x576-1-380x285.jpeg 380w, https:\/\/www.pbagora.com.br\/storage\/2025\/02\/cicicinho-Lima-768x576-1-80x60.jpeg 80w, https:\/\/www.pbagora.com.br\/storage\/2025\/02\/cicicinho-Lima-768x576-1-600x450.jpeg 600w, https:\/\/www.pbagora.com.br\/storage\/2025\/02\/cicicinho-Lima-768x576-1-520x390.jpeg 520w, https:\/\/www.pbagora.com.br\/storage\/2025\/02\/cicicinho-Lima-768x576-1-760x570.jpeg 760w\" sizes=\"auto, (max-width: 768px) 100vw, 768px\"><\/p>\n<p>O cantor, compositor e suplente de estadual da Para\u00edba, Cicinho Lima, divulgou uma nota oficial \u00e0 imprensa ap\u00f3s\u2026<\/p>\n","protected":false},"author":123457,"featured_media":0,"comment_status":"closed","ping_status":"closed","sticky":false,"template":"","format":"standard","meta":{"advgb_blocks_editor_width":"","advgb_blocks_columns_visual_guide":"","footnotes":""},"categories":[34],"tags":[10841,35,10839],"class_list":["post-64153","post","type-post","status-publish","format-standard","hentry","category-g1","tag-destaque-centro-02","tag-g1","tag-policial"],"author_meta":{"display_name":"Reda\u00e7\u00e3o","author_link":"https:\/\/sindaopcpb.org.br\/author\/redacao\/"},"featured_img":null,"coauthors":[],"tax_additional":{"categories":{"linked":["<a href=\"https:\/\/sindaopcpb.org.br\/g1\/\" class=\"advgb-post-tax-term\">G1<\/a>"],"unlinked":["<span class=\"advgb-post-tax-term\">G1<\/span>"]},"tags":{"linked":["<a href=\"https:\/\/sindaopcpb.org.br\/g1\/\" class=\"advgb-post-tax-term\">Destaque Centro 02<\/a>","<a href=\"https:\/\/sindaopcpb.org.br\/g1\/\" class=\"advgb-post-tax-term\">g1<\/a>","<a href=\"https:\/\/sindaopcpb.org.br\/g1\/\" class=\"advgb-post-tax-term\">Policial<\/a>"],"unlinked":["<span class=\"advgb-post-tax-term\">Destaque Centro 02<\/span>","<span class=\"advgb-post-tax-term\">g1<\/span>","<span class=\"advgb-post-tax-term\">Policial<\/span>"]}},"comment_count":"0","relative_dates":{"created":"Publicado 3 meses atr\u00e1s","modified":"Atualizado 3 meses atr\u00e1s"},"absolute_dates":{"created":"Publicado em 26 de janeiro de 2026","modified":"Atualizado em 26 de janeiro de 2026"},"absolute_dates_time":{"created":"Publicado em 26 de janeiro de 2026 11:38","modified":"Atualizado em 26 de janeiro de 2026 15:50"},"featured_img_caption":"","series_order":"","_links":{"self":[{"href":"https:\/\/sindaopcpb.org.br\/index.php\/wp-json\/wp\/v2\/posts\/64153","targetHints":{"allow":["GET"]}}],"collection":[{"href":"https:\/\/sindaopcpb.org.br\/index.php\/wp-json\/wp\/v2\/posts"}],"about":[{"href":"https:\/\/sindaopcpb.org.br\/index.php\/wp-json\/wp\/v2\/types\/post"}],"author":[{"embeddable":true,"href":"https:\/\/sindaopcpb.org.br\/index.php\/wp-json\/wp\/v2\/users\/123457"}],"replies":[{"embeddable":true,"href":"https:\/\/sindaopcpb.org.br\/index.php\/wp-json\/wp\/v2\/comments?post=64153"}],"version-history":[{"count":5,"href":"https:\/\/sindaopcpb.org.br\/index.php\/wp-json\/wp\/v2\/posts\/64153\/revisions"}],"predecessor-version":[{"id":64183,"href":"https:\/\/sindaopcpb.org.br\/index.php\/wp-json\/wp\/v2\/posts\/64153\/revisions\/64183"}],"wp:attachment":[{"href":"https:\/\/sindaopcpb.org.br\/index.php\/wp-json\/wp\/v2\/media?parent=64153"}],"wp:term":[{"taxonomy":"category","embeddable":true,"href":"https:\/\/sindaopcpb.org.br\/index.php\/wp-json\/wp\/v2\/categories?post=64153"},{"taxonomy":"post_tag","embeddable":true,"href":"https:\/\/sindaopcpb.org.br\/index.php\/wp-json\/wp\/v2\/tags?post=64153"}],"curies":[{"name":"wp","href":"https:\/\/api.w.org\/{rel}","templated":true}]}}