{"id":64145,"date":"2026-01-26T09:42:05","date_gmt":"2026-01-26T12:42:05","guid":{"rendered":"https:\/\/www.pbagora.com.br\/?p=935073"},"modified":"2026-01-26T09:42:05","modified_gmt":"2026-01-26T12:42:05","slug":"defesa-confirma-que-joao-lima-vai-se-apresentar-a-policia-em-jp-audios-revelam-que-cantor-alegava-esquecer-agressoes","status":"publish","type":"post","link":"https:\/\/sindaopcpb.org.br\/index.php\/2026\/01\/26\/defesa-confirma-que-joao-lima-vai-se-apresentar-a-policia-em-jp-audios-revelam-que-cantor-alegava-esquecer-agressoes\/","title":{"rendered":"Defesa confirma que Jo\u00e3o Lima vai se apresentar \u00e0 pol\u00edcia em JP; \u00e1udios revelam que cantor alegava \u201cesquecer\u201d agress\u00f5es"},"content":{"rendered":"<p><img width=\"641\" height=\"508\" src=\"https:\/\/www.pbagora.com.br\/storage\/2026\/01\/image-140.png\" class=\"attachment-large size-large wp-post-image\" alt=\"\" style=\"margin-bottom: 20px;\" decoding=\"async\" srcset=\"https:\/\/www.pbagora.com.br\/storage\/2026\/01\/image-140.png 641w, https:\/\/www.pbagora.com.br\/storage\/2026\/01\/image-140-300x238.png 300w, https:\/\/www.pbagora.com.br\/storage\/2026\/01\/image-140-150x119.png 150w, https:\/\/www.pbagora.com.br\/storage\/2026\/01\/image-140-380x301.png 380w, https:\/\/www.pbagora.com.br\/storage\/2026\/01\/image-140-80x63.png 80w, https:\/\/www.pbagora.com.br\/storage\/2026\/01\/image-140-600x476.png 600w\" sizes=\"(max-width: 641px) 100vw, 641px\" \/><\/p>\n<p>O cantor Jo\u00e3o Lima, neto de Pinto do Acordeon, pode se apresentar voluntariamente \u00e0 pol\u00edcia em Jo\u00e3o Pessoa a qualquer momento, conforme informou sua equipe jur\u00eddica em comunicado oficial. A defesa afirma que j\u00e1 existe acordo formal com as autoridades para que o artista cumpra a decis\u00e3o judicial que decretou sua pris\u00e3o preventiva, expedida pelo Tribunal de Justi\u00e7a da Para\u00edba (TJPB) ap\u00f3s representa\u00e7\u00e3o do Minist\u00e9rio P\u00fablico da Para\u00edba (MPPB).<\/p>\n\n\n\n<p>O caso ganhou novos desdobramentos nesse domingo (25), quando \u00e1udios divulgados nas redes sociais mostraram a m\u00e9dica e influenciadora Raphaella Brilhante, agora ex-esposa do cantor, confrontando Jo\u00e3o Lima sobre epis\u00f3dios de viol\u00eancia f\u00edsica. Nas grava\u00e7\u00f5es, Raphaella relata que as agress\u00f5es come\u00e7aram ainda na lua de mel e critica o fato de o artista alegar n\u00e3o se lembrar dos atos cometidos.<\/p>\n\n\n\n<p>\u201cVoc\u00ea agora est\u00e1 com essa desculpa, porque antes pelo menos voc\u00ea pedia perd\u00e3o, n\u00e9? Antes pelo menos voc\u00ea dizia \u2018meu amor, me desculpe, realmente eu errei\u2019. A\u00ed agora voc\u00ea t\u00e1 com essa mania de chegar pra mim e dizer assim: \u2018Ah, eu esqueci\u2019\u201d, diz a m\u00e9dica em um dos \u00e1udios onde aparece conversando o cantor.<\/p>\n\n\n\n<p>Raphaella j\u00e1 havia registrado boletim de ocorr\u00eancia e comparecido \u00e0 delegacia em Jo\u00e3o Pessoa com o bra\u00e7o imobilizado por uma tipoia no \u00faltimo s\u00e1bado. Em suas redes sociais, ela declarou que o sil\u00eancio at\u00e9 ent\u00e3o n\u00e3o foi covardia, mas um \u201cinstinto de sobreviv\u00eancia\u201d.<\/p>\n\n\n\n<p>A defesa de Jo\u00e3o Lima, composta por cinco advogados, reiterou que o cantor vinha cumprindo integralmente as medidas protetivas e que confia no esclarecimento dos fatos.<\/p>\n\n\n\n<p><strong><em>PB Agora<\/em><\/strong><\/p>\n","protected":false},"excerpt":{"rendered":"<p><img loading=\"lazy\" decoding=\"async\" width=\"641\" height=\"508\" src=\"https:\/\/www.pbagora.com.br\/storage\/2026\/01\/image-140.png\" class=\"attachment-large size-large wp-post-image\" alt=\"\" srcset=\"https:\/\/www.pbagora.com.br\/storage\/2026\/01\/image-140.png 641w, https:\/\/www.pbagora.com.br\/storage\/2026\/01\/image-140-300x238.png 300w, https:\/\/www.pbagora.com.br\/storage\/2026\/01\/image-140-150x119.png 150w, https:\/\/www.pbagora.com.br\/storage\/2026\/01\/image-140-380x301.png 380w, https:\/\/www.pbagora.com.br\/storage\/2026\/01\/image-140-80x63.png 80w, https:\/\/www.pbagora.com.br\/storage\/2026\/01\/image-140-600x476.png 600w\" sizes=\"auto, (max-width: 641px) 100vw, 641px\"><\/p>\n<p>O cantor Jo\u00e3o Lima, neto de Pinto do Acordeon, pode se apresentar voluntariamente \u00e0 pol\u00edcia em Jo\u00e3o Pessoa\u2026<\/p>\n","protected":false},"author":123457,"featured_media":0,"comment_status":"closed","ping_status":"closed","sticky":false,"template":"","format":"standard","meta":{"advgb_blocks_editor_width":"","advgb_blocks_columns_visual_guide":"","footnotes":""},"categories":[34],"tags":[35,10839,10844],"class_list":["post-64145","post","type-post","status-publish","format-standard","hentry","category-g1","tag-g1","tag-policial","tag-principal2"],"author_meta":{"display_name":"Reda\u00e7\u00e3o","author_link":"https:\/\/sindaopcpb.org.br\/author\/redacao\/"},"featured_img":null,"coauthors":[],"tax_additional":{"categories":{"linked":["<a href=\"https:\/\/sindaopcpb.org.br\/g1\/\" class=\"advgb-post-tax-term\">G1<\/a>"],"unlinked":["<span class=\"advgb-post-tax-term\">G1<\/span>"]},"tags":{"linked":["<a href=\"https:\/\/sindaopcpb.org.br\/g1\/\" class=\"advgb-post-tax-term\">g1<\/a>","<a href=\"https:\/\/sindaopcpb.org.br\/g1\/\" class=\"advgb-post-tax-term\">Policial<\/a>","<a href=\"https:\/\/sindaopcpb.org.br\/g1\/\" class=\"advgb-post-tax-term\">Principal2<\/a>"],"unlinked":["<span class=\"advgb-post-tax-term\">g1<\/span>","<span class=\"advgb-post-tax-term\">Policial<\/span>","<span class=\"advgb-post-tax-term\">Principal2<\/span>"]}},"comment_count":"0","relative_dates":{"created":"Publicado 3 meses atr\u00e1s","modified":"Atualizado 3 meses atr\u00e1s"},"absolute_dates":{"created":"Publicado em 26 de janeiro de 2026","modified":"Atualizado em 26 de janeiro de 2026"},"absolute_dates_time":{"created":"Publicado em 26 de janeiro de 2026 09:42","modified":"Atualizado em 26 de janeiro de 2026 09:42"},"featured_img_caption":"","series_order":"","_links":{"self":[{"href":"https:\/\/sindaopcpb.org.br\/index.php\/wp-json\/wp\/v2\/posts\/64145","targetHints":{"allow":["GET"]}}],"collection":[{"href":"https:\/\/sindaopcpb.org.br\/index.php\/wp-json\/wp\/v2\/posts"}],"about":[{"href":"https:\/\/sindaopcpb.org.br\/index.php\/wp-json\/wp\/v2\/types\/post"}],"author":[{"embeddable":true,"href":"https:\/\/sindaopcpb.org.br\/index.php\/wp-json\/wp\/v2\/users\/123457"}],"replies":[{"embeddable":true,"href":"https:\/\/sindaopcpb.org.br\/index.php\/wp-json\/wp\/v2\/comments?post=64145"}],"version-history":[{"count":2,"href":"https:\/\/sindaopcpb.org.br\/index.php\/wp-json\/wp\/v2\/posts\/64145\/revisions"}],"predecessor-version":[{"id":64160,"href":"https:\/\/sindaopcpb.org.br\/index.php\/wp-json\/wp\/v2\/posts\/64145\/revisions\/64160"}],"wp:attachment":[{"href":"https:\/\/sindaopcpb.org.br\/index.php\/wp-json\/wp\/v2\/media?parent=64145"}],"wp:term":[{"taxonomy":"category","embeddable":true,"href":"https:\/\/sindaopcpb.org.br\/index.php\/wp-json\/wp\/v2\/categories?post=64145"},{"taxonomy":"post_tag","embeddable":true,"href":"https:\/\/sindaopcpb.org.br\/index.php\/wp-json\/wp\/v2\/tags?post=64145"}],"curies":[{"name":"wp","href":"https:\/\/api.w.org\/{rel}","templated":true}]}}