{"id":64123,"date":"2026-01-25T11:59:45","date_gmt":"2026-01-25T14:59:45","guid":{"rendered":"https:\/\/www.pbagora.com.br\/?p=935018"},"modified":"2026-01-25T18:00:45","modified_gmt":"2026-01-25T21:00:45","slug":"mp-abre-investigacao-sobre-crimes-ligados-ao-avanco-do-crime-organizado-e-tomada-de-imoveis-por-criminosos-em-bayeux","status":"publish","type":"post","link":"https:\/\/sindaopcpb.org.br\/index.php\/2026\/01\/25\/mp-abre-investigacao-sobre-crimes-ligados-ao-avanco-do-crime-organizado-e-tomada-de-imoveis-por-criminosos-em-bayeux\/","title":{"rendered":"MP abre investiga\u00e7\u00e3o sobre crimes ligados ao avan\u00e7o do crime organizado e tomada de im\u00f3veis por criminosos, em Bayeux"},"content":{"rendered":"<p><img width=\"984\" height=\"569\" src=\"https:\/\/www.pbagora.com.br\/storage\/2026\/01\/image-119.png\" class=\"attachment-large size-large wp-post-image\" alt=\"\" style=\"margin-bottom: 20px;\" decoding=\"async\" srcset=\"https:\/\/www.pbagora.com.br\/storage\/2026\/01\/image-119.png 984w, https:\/\/www.pbagora.com.br\/storage\/2026\/01\/image-119-300x173.png 300w, https:\/\/www.pbagora.com.br\/storage\/2026\/01\/image-119-150x87.png 150w, https:\/\/www.pbagora.com.br\/storage\/2026\/01\/image-119-768x444.png 768w, https:\/\/www.pbagora.com.br\/storage\/2026\/01\/image-119-380x220.png 380w, https:\/\/www.pbagora.com.br\/storage\/2026\/01\/image-119-800x463.png 800w, https:\/\/www.pbagora.com.br\/storage\/2026\/01\/image-119-80x46.png 80w, https:\/\/www.pbagora.com.br\/storage\/2026\/01\/image-119-760x439.png 760w, https:\/\/www.pbagora.com.br\/storage\/2026\/01\/image-119-600x347.png 600w\" sizes=\"(max-width: 984px) 100vw, 984px\" \/><\/p>\n<p>O Minist\u00e9rio P\u00fablico do Estado da Para\u00edba (MPPB) instaurou um Procedimento Administrativo para monitorar a atua\u00e7\u00e3o das for\u00e7as de seguran\u00e7a e do Poder P\u00fablico diante da crescente onda de viol\u00eancia registrada em Bayeux, na Regi\u00e3o Metropolitana de Jo\u00e3o Pessoa.<\/p>\n\n\n\n<p>A medida foi adotada pela Promotoria de Justi\u00e7a Cumulativa de Bayeux, sob responsabilidade da promotora Juliana Couto Ramos Sarda, e tem como foco principal os crimes relacionados \u00e0 atua\u00e7\u00e3o de organiza\u00e7\u00f5es criminosas, especialmente os casos em que moradores estariam sendo expulsos \u00e0 for\u00e7a de suas pr\u00f3prias casas.<\/p>\n\n\n\n<p>Segundo o Minist\u00e9rio P\u00fablico, h\u00e1 den\u00fancias de que criminosos ligados a fac\u00e7\u00f5es t\u00eam intimidado fam\u00edlias, tomado im\u00f3veis de forma ilegal e se apropriado de bens pessoais. Muitas v\u00edtimas, em situa\u00e7\u00e3o de vulnerabilidade social, acabam vivendo nas ruas ap\u00f3s serem obrigadas a deixar suas resid\u00eancias.<\/p>\n\n\n\n<p>Diante desse cen\u00e1rio, o MP destacou a necessidade de uma a\u00e7\u00e3o conjunta entre as pol\u00edcias e o Poder P\u00fablico, tanto para identificar os respons\u00e1veis pelos crimes quanto para garantir que as fam\u00edlias expulsas possam retornar \u00e0s suas casas e tenham seus direitos preservados.<\/p>\n\n\n\n<p>O procedimento instaurado vai acompanhar as a\u00e7\u00f5es adotadas para prevenir e reprimir esse tipo de crime, al\u00e9m de cobrar respostas efetivas das autoridades respons\u00e1veis pela seguran\u00e7a p\u00fablica no munic\u00edpio. A portaria determina ainda a publica\u00e7\u00e3o oficial do ato, a designa\u00e7\u00e3o de servidores para o acompanhamento do caso e o monitoramento das respostas aos of\u00edcios expedidos pelo Minist\u00e9rio P\u00fablico.<\/p>\n\n\n\n<p>&#8220;Resolve instaurar o presente procedimento administrativo registrando-o sob o n\u00famero 03.2025.002041, visando a acompanhar a atua\u00e7\u00e3o das for\u00e7as policiais e do poder p\u00fablico no desiderato de prevenir e reprimir a expuls\u00e3o de moradores de suas casas, bem como a restitui\u00e7\u00e3o das propriedades \u00e0s fam\u00edlias desabrigadas&#8221; diz trecho<\/p>\n\n\n\n<p><strong><em>PB Agora<\/em><\/strong><\/p>\n","protected":false},"excerpt":{"rendered":"<p><img loading=\"lazy\" decoding=\"async\" width=\"984\" height=\"569\" src=\"https:\/\/www.pbagora.com.br\/storage\/2026\/01\/image-119.png\" class=\"attachment-large size-large wp-post-image\" alt=\"\" srcset=\"https:\/\/www.pbagora.com.br\/storage\/2026\/01\/image-119.png 984w, https:\/\/www.pbagora.com.br\/storage\/2026\/01\/image-119-300x173.png 300w, https:\/\/www.pbagora.com.br\/storage\/2026\/01\/image-119-150x87.png 150w, https:\/\/www.pbagora.com.br\/storage\/2026\/01\/image-119-768x444.png 768w, https:\/\/www.pbagora.com.br\/storage\/2026\/01\/image-119-380x220.png 380w, https:\/\/www.pbagora.com.br\/storage\/2026\/01\/image-119-800x463.png 800w, https:\/\/www.pbagora.com.br\/storage\/2026\/01\/image-119-80x46.png 80w, https:\/\/www.pbagora.com.br\/storage\/2026\/01\/image-119-760x439.png 760w, https:\/\/www.pbagora.com.br\/storage\/2026\/01\/image-119-600x347.png 600w\" sizes=\"auto, (max-width: 984px) 100vw, 984px\"><\/p>\n<p>O Minist\u00e9rio P\u00fablico do Estado da Para\u00edba (MPPB) instaurou um Procedimento Administrativo para monitorar a atua\u00e7\u00e3o das for\u00e7as\u2026<\/p>\n","protected":false},"author":123457,"featured_media":0,"comment_status":"closed","ping_status":"closed","sticky":false,"template":"","format":"standard","meta":{"advgb_blocks_editor_width":"","advgb_blocks_columns_visual_guide":"","footnotes":""},"categories":[34],"tags":[10852,35,10839],"class_list":["post-64123","post","type-post","status-publish","format-standard","hentry","category-g1","tag-destaque-final-01","tag-g1","tag-policial"],"author_meta":{"display_name":"Reda\u00e7\u00e3o","author_link":"https:\/\/sindaopcpb.org.br\/author\/redacao\/"},"featured_img":null,"coauthors":[],"tax_additional":{"categories":{"linked":["<a href=\"https:\/\/sindaopcpb.org.br\/g1\/\" class=\"advgb-post-tax-term\">G1<\/a>"],"unlinked":["<span class=\"advgb-post-tax-term\">G1<\/span>"]},"tags":{"linked":["<a href=\"https:\/\/sindaopcpb.org.br\/g1\/\" class=\"advgb-post-tax-term\">Destaque Final 01<\/a>","<a href=\"https:\/\/sindaopcpb.org.br\/g1\/\" class=\"advgb-post-tax-term\">g1<\/a>","<a href=\"https:\/\/sindaopcpb.org.br\/g1\/\" class=\"advgb-post-tax-term\">Policial<\/a>"],"unlinked":["<span class=\"advgb-post-tax-term\">Destaque Final 01<\/span>","<span class=\"advgb-post-tax-term\">g1<\/span>","<span class=\"advgb-post-tax-term\">Policial<\/span>"]}},"comment_count":"0","relative_dates":{"created":"Publicado 3 meses atr\u00e1s","modified":"Atualizado 3 meses atr\u00e1s"},"absolute_dates":{"created":"Publicado em 25 de janeiro de 2026","modified":"Atualizado em 25 de janeiro de 2026"},"absolute_dates_time":{"created":"Publicado em 25 de janeiro de 2026 11:59","modified":"Atualizado em 25 de janeiro de 2026 18:00"},"featured_img_caption":"","series_order":"","_links":{"self":[{"href":"https:\/\/sindaopcpb.org.br\/index.php\/wp-json\/wp\/v2\/posts\/64123","targetHints":{"allow":["GET"]}}],"collection":[{"href":"https:\/\/sindaopcpb.org.br\/index.php\/wp-json\/wp\/v2\/posts"}],"about":[{"href":"https:\/\/sindaopcpb.org.br\/index.php\/wp-json\/wp\/v2\/types\/post"}],"author":[{"embeddable":true,"href":"https:\/\/sindaopcpb.org.br\/index.php\/wp-json\/wp\/v2\/users\/123457"}],"replies":[{"embeddable":true,"href":"https:\/\/sindaopcpb.org.br\/index.php\/wp-json\/wp\/v2\/comments?post=64123"}],"version-history":[{"count":2,"href":"https:\/\/sindaopcpb.org.br\/index.php\/wp-json\/wp\/v2\/posts\/64123\/revisions"}],"predecessor-version":[{"id":64132,"href":"https:\/\/sindaopcpb.org.br\/index.php\/wp-json\/wp\/v2\/posts\/64123\/revisions\/64132"}],"wp:attachment":[{"href":"https:\/\/sindaopcpb.org.br\/index.php\/wp-json\/wp\/v2\/media?parent=64123"}],"wp:term":[{"taxonomy":"category","embeddable":true,"href":"https:\/\/sindaopcpb.org.br\/index.php\/wp-json\/wp\/v2\/categories?post=64123"},{"taxonomy":"post_tag","embeddable":true,"href":"https:\/\/sindaopcpb.org.br\/index.php\/wp-json\/wp\/v2\/tags?post=64123"}],"curies":[{"name":"wp","href":"https:\/\/api.w.org\/{rel}","templated":true}]}}