{"id":64119,"date":"2026-01-25T12:00:48","date_gmt":"2026-01-25T15:00:48","guid":{"rendered":"https:\/\/www.pbagora.com.br\/?p=935008"},"modified":"2026-01-25T12:00:48","modified_gmt":"2026-01-25T15:00:48","slug":"defesa-de-joao-paulo-casado-vai-recorrer-de-condenacao-por-agressao-a-esposa-em-jp","status":"publish","type":"post","link":"https:\/\/sindaopcpb.org.br\/index.php\/2026\/01\/25\/defesa-de-joao-paulo-casado-vai-recorrer-de-condenacao-por-agressao-a-esposa-em-jp\/","title":{"rendered":"Defesa de Jo\u00e3o Paulo Casado vai recorrer de condena\u00e7\u00e3o por agress\u00e3o a esposa em JP"},"content":{"rendered":"<p><img width=\"768\" height=\"526\" src=\"https:\/\/www.pbagora.com.br\/storage\/2023\/09\/casado.jpeg\" class=\"attachment-large size-large wp-post-image\" alt=\"\" style=\"margin-bottom: 20px;\" decoding=\"async\" srcset=\"https:\/\/www.pbagora.com.br\/storage\/2023\/09\/casado.jpeg 768w, https:\/\/www.pbagora.com.br\/storage\/2023\/09\/casado-300x205.jpeg 300w, https:\/\/www.pbagora.com.br\/storage\/2023\/09\/casado-150x103.jpeg 150w, https:\/\/www.pbagora.com.br\/storage\/2023\/09\/casado-380x260.jpeg 380w, https:\/\/www.pbagora.com.br\/storage\/2023\/09\/casado-80x55.jpeg 80w, https:\/\/www.pbagora.com.br\/storage\/2023\/09\/casado-760x521.jpeg 760w, https:\/\/www.pbagora.com.br\/storage\/2023\/09\/casado-600x411.jpeg 600w\" sizes=\"(max-width: 768px) 100vw, 768px\" \/><\/p>\n<p>A defesa do m\u00e9dico Jo\u00e3o Paulo Casado anunciou que vai recorrer da decis\u00e3o judicial que o condenou a nove anos de pris\u00e3o, ap\u00f3s ser flagrado agredindo a estudante Rafaella Lima, de 32 anos, em Jo\u00e3o Pessoa. A senten\u00e7a foi publicada na sexta-feira (23) pelo Juizado da Viol\u00eancia Dom\u00e9stica e Familiar contra a Mulher da capital.<\/p>\n\n\n\n<p>Em nota, o advogado A\u00e9cio Farias afirmou que tomou conhecimento da decis\u00e3o pela imprensa e garantiu que ir\u00e1 apresentar recurso contra a condena\u00e7\u00e3o.<\/p>\n\n\n\n<p>Jo\u00e3o Paulo Casado, que atuava como m\u00e9dico em Jo\u00e3o Pessoa, foi exonerado de suas fun\u00e7\u00f5es ap\u00f3s a divulga\u00e7\u00e3o de um v\u00eddeo que registra uma s\u00e9rie de agress\u00f5es contra sua esposa. As imagens, datadas de 2022, foram capturadas por c\u00e2meras de seguran\u00e7a e mostram o agressor desferindo diversos golpes contra Rafaella, tanto dentro de um elevador de um residencial quanto no interior de um carro.<\/p>\n\n\n\n<p>Em um dos momentos, Casado aparece segurando uma crian\u00e7a, supostamente seu filho, enquanto agride a esposa.<\/p>\n\n\n\n<p>Ap\u00f3s a divulga\u00e7\u00e3o das imagens o m\u00e9dico, que prestava servi\u00e7os ao Hospital de Trauma de Jo\u00e3o Pessoa e ocupava o cargo de diretor t\u00e9cnico do Hospital Trauminha, foi exonerado.<\/p>\n\n\n\n<p><strong><em>PB Agora<\/em><\/strong><\/p>\n","protected":false},"excerpt":{"rendered":"<p><img loading=\"lazy\" decoding=\"async\" width=\"768\" height=\"526\" src=\"https:\/\/www.pbagora.com.br\/storage\/2023\/09\/casado.jpeg\" class=\"attachment-large size-large wp-post-image\" alt=\"\" srcset=\"https:\/\/www.pbagora.com.br\/storage\/2023\/09\/casado.jpeg 768w, https:\/\/www.pbagora.com.br\/storage\/2023\/09\/casado-300x205.jpeg 300w, https:\/\/www.pbagora.com.br\/storage\/2023\/09\/casado-150x103.jpeg 150w, https:\/\/www.pbagora.com.br\/storage\/2023\/09\/casado-380x260.jpeg 380w, https:\/\/www.pbagora.com.br\/storage\/2023\/09\/casado-80x55.jpeg 80w, https:\/\/www.pbagora.com.br\/storage\/2023\/09\/casado-760x521.jpeg 760w, https:\/\/www.pbagora.com.br\/storage\/2023\/09\/casado-600x411.jpeg 600w\" sizes=\"auto, (max-width: 768px) 100vw, 768px\"><\/p>\n<p>A defesa do m\u00e9dico Jo\u00e3o Paulo Casado anunciou que vai recorrer da decis\u00e3o judicial que o condenou a\u2026<\/p>\n","protected":false},"author":123457,"featured_media":0,"comment_status":"closed","ping_status":"closed","sticky":false,"template":"","format":"standard","meta":{"advgb_blocks_editor_width":"","advgb_blocks_columns_visual_guide":"","footnotes":""},"categories":[34],"tags":[10840,35,10839],"class_list":["post-64119","post","type-post","status-publish","format-standard","hentry","category-g1","tag-destaque-centro-03","tag-g1","tag-policial"],"author_meta":{"display_name":"Reda\u00e7\u00e3o","author_link":"https:\/\/sindaopcpb.org.br\/author\/redacao\/"},"featured_img":null,"coauthors":[],"tax_additional":{"categories":{"linked":["<a href=\"https:\/\/sindaopcpb.org.br\/g1\/\" class=\"advgb-post-tax-term\">G1<\/a>"],"unlinked":["<span class=\"advgb-post-tax-term\">G1<\/span>"]},"tags":{"linked":["<a href=\"https:\/\/sindaopcpb.org.br\/g1\/\" class=\"advgb-post-tax-term\">Destaque Centro 03<\/a>","<a href=\"https:\/\/sindaopcpb.org.br\/g1\/\" class=\"advgb-post-tax-term\">g1<\/a>","<a href=\"https:\/\/sindaopcpb.org.br\/g1\/\" class=\"advgb-post-tax-term\">Policial<\/a>"],"unlinked":["<span class=\"advgb-post-tax-term\">Destaque Centro 03<\/span>","<span class=\"advgb-post-tax-term\">g1<\/span>","<span class=\"advgb-post-tax-term\">Policial<\/span>"]}},"comment_count":"0","relative_dates":{"created":"Publicado 3 meses atr\u00e1s","modified":"Atualizado 3 meses atr\u00e1s"},"absolute_dates":{"created":"Publicado em 25 de janeiro de 2026","modified":"Atualizado em 25 de janeiro de 2026"},"absolute_dates_time":{"created":"Publicado em 25 de janeiro de 2026 12:00","modified":"Atualizado em 25 de janeiro de 2026 12:00"},"featured_img_caption":"","series_order":"","_links":{"self":[{"href":"https:\/\/sindaopcpb.org.br\/index.php\/wp-json\/wp\/v2\/posts\/64119","targetHints":{"allow":["GET"]}}],"collection":[{"href":"https:\/\/sindaopcpb.org.br\/index.php\/wp-json\/wp\/v2\/posts"}],"about":[{"href":"https:\/\/sindaopcpb.org.br\/index.php\/wp-json\/wp\/v2\/types\/post"}],"author":[{"embeddable":true,"href":"https:\/\/sindaopcpb.org.br\/index.php\/wp-json\/wp\/v2\/users\/123457"}],"replies":[{"embeddable":true,"href":"https:\/\/sindaopcpb.org.br\/index.php\/wp-json\/wp\/v2\/comments?post=64119"}],"version-history":[{"count":3,"href":"https:\/\/sindaopcpb.org.br\/index.php\/wp-json\/wp\/v2\/posts\/64119\/revisions"}],"predecessor-version":[{"id":64135,"href":"https:\/\/sindaopcpb.org.br\/index.php\/wp-json\/wp\/v2\/posts\/64119\/revisions\/64135"}],"wp:attachment":[{"href":"https:\/\/sindaopcpb.org.br\/index.php\/wp-json\/wp\/v2\/media?parent=64119"}],"wp:term":[{"taxonomy":"category","embeddable":true,"href":"https:\/\/sindaopcpb.org.br\/index.php\/wp-json\/wp\/v2\/categories?post=64119"},{"taxonomy":"post_tag","embeddable":true,"href":"https:\/\/sindaopcpb.org.br\/index.php\/wp-json\/wp\/v2\/tags?post=64119"}],"curies":[{"name":"wp","href":"https:\/\/api.w.org\/{rel}","templated":true}]}}